{"id":446046,"date":"2026-05-22T13:37:07","date_gmt":"2026-05-22T13:37:07","guid":{"rendered":"https:\/\/www.europesays.com\/pl\/446046\/"},"modified":"2026-05-22T13:37:07","modified_gmt":"2026-05-22T13:37:07","slug":"jacek-zalek-uslyszal-zarzuty-nowe-informacje-po-zatrzymaniu-bylego-posla","status":"publish","type":"post","link":"https:\/\/www.europesays.com\/pl\/446046\/","title":{"rendered":"Jacek \u017balek us\u0142ysza\u0142 zarzuty. Nowe informacje po zatrzymaniu by\u0142ego pos\u0142a"},"content":{"rendered":"<p>Jacek \u017balek to by\u0142y pose\u0142 PO, jeden z za\u0142o\u017cycieli Polski Razem i Porozumienia Jaros\u0142awa Gowina, cz\u0142onek Partii Republika\u0144skiej Adama Bielana. Do Sejmu startowa\u0142 tak\u017ce z list PiS.<\/p>\n<p>W 2020 r. premier Mateusz Morawiecki powo\u0142a\u0142 Jacka \u017balka na stanowisko sekretarza stanu w Ministerstwie Funduszy i Polityki Regionalnej. Polityk w 2023 r. poda\u0142 si\u0119 do dymisji w <a rel=\"nofollow\" href=\"https:\/\/.https\/\/www.onet.pl\/informacje\/onetwiadomosci\/jacek-zalek-podal-sie-do-dymisji\/y5elq8t,79cfc278\" id=\"7e9627c0-3dfa-4b45-a7b6-2869702e70f4\">zwi\u0105zku z afer\u0105 w Narodowym Centrum Bada\u0144 i Rozwoju.<\/a> Dalszy ci\u0105g artyku\u0142u pod materia\u0142em wideo Jacek \u017balek us\u0142ysza\u0142 zarzuty<\/p>\n<p>O zatrzymaniu Jacka \u017balka poinformowa\u0142 w czwartek Mariusz Gierszewski. W pi\u0105tek dziennikarz Radia ZET przekaza\u0142, \u017ce by\u0142y pose\u0142 us\u0142ysza\u0142 ju\u017c zarzuty przekroczenia uprawnie\u0144 i niedope\u0142nienia obowi\u0105zk\u00f3w oraz usi\u0142owania oszustwa w odniesieniu do mienia o znacznej warto\u015bci. Nie zosta\u0142 jednak aresztowany i znajduje si\u0119 na wolno\u015bci.<\/p>\n<p>\u2014To efekt \u015bledztwa dotycz\u0105cego nieprawid\u0142owo\u015bci w przyznawaniu dotacji w ramach konkursu &#8222;Szybka \u015bcie\u017cka \u2014 Innowacje cyfrowe&#8221;. Organizatorem konkursu by\u0142o Narodowe Centrum Bada\u0144 i Rozwoju \u2014 przekaza\u0142 Onetowi Zesp\u00f3\u0142 Prasowy CBA.<\/p>\n<p>Okazuje si\u0119, \u017ce opr\u00f3cz Jacka \u017balka zatrzymano jeszcze siedem innych os\u00f3b na terenie Warszawy, Bia\u0142egostoku, Krakowa i wojew\u00f3dztwa pomorskiego. \u2014 W\u015br\u00f3d zatrzymanych znale\u017ali si\u0119 przedstawiciele projektu ubiegaj\u0105cego si\u0119 o najwy\u017csze dofinansowanie, a tak\u017ce osoba nadzoruj\u0105ca dzia\u0142alno\u015b\u0107 Narodowego Centrum Bada\u0144 i Rozwoju. Funkcjonariusze przeszukali miejsca zamieszkania zatrzymanych os\u00f3b oraz zabezpieczyli dokumentacj\u0119 i sprz\u0119t elektroniczny mog\u0105cy stanowi\u0107 dow\u00f3d w sprawie \u2014 przekaza\u0142o nam CBA.<\/p>\n<p>     &#8222;Pula \u015brodk\u00f3w wynosi\u0142a 811 mln&#8221;Zatrzymani zostali doprowadzeni do Biura Delegowanego Prokuratora Europejskiego przy Prokuraturze Regionalnej w Warszawie. \u2014 Przedstawiono im zarzuty <a rel=\"nofollow\" href=\"https:\/\/m.in\" id=\"5f0e33a4-a35d-4624-9bc8-a8962256759e\">m.in<\/a>. przekroczenia uprawnie\u0144 i niedope\u0142nienia obowi\u0105zk\u00f3w, usi\u0142owania oszustwa w odniesieniu do mienia o znacznej warto\u015bci oraz powo\u0142ywania si\u0119 na wp\u0142ywy. Wobec podejrzanych prokurator zastosowa\u0142 wolno\u015bciowe \u015brodki zapobiegawcze \u2014 przekaza\u0142o nam Biuro.     <\/p>\n<p>\u2014 W ramach prowadzonego post\u0119powania, CBA wsp\u00f3lnie z Prokuratur\u0105 Europejsk\u0105 bada w\u0105tek mo\u017cliwych nadu\u017cy\u0107 finansowych przy wyborze i realizacji projekt\u00f3w, gdzie pula \u015brodk\u00f3w publicznych do rozdysponowania wynosi\u0142a 811 mln 301 tys. 837,90 z\u0142 \u2014 informuje CBA.<\/p>\n<p>O co chodzi w aferze NCBiRO problemach NCBR zrobi\u0142o si\u0119 g\u0142o\u015bno w pa\u017adzierniku 2023 r. W\u00f3wczas NIK w raporcie stwierdzi\u0142a liczne nieprawid\u0142owo\u015bci w procesie przygotowania i organizacji naboru wniosk\u00f3w o dofinansowanie w konkursie Szybka \u015acie\u017cka \u2014 Innowacje Cyfrowe, a tak\u017ce na etapie wyboru projekt\u00f3w. <a href=\"https:\/\/wiadomosci.onet.pl\/kraj\/afera-w-ncbir-do-gry-wkraczaja-instytucje-unii-europejskiej\/hw32s6s\" id=\"05e57e16-d61e-4f11-a64c-921f1a512a84\" rel=\"nofollow noopener\" target=\"_blank\">Wed\u0142ug NIK NCBR nie przestrzega\u0142o regulaminu konkursu i w\u0142asnych wewn\u0119trznych regulacji.<\/a> Wed\u0142ug raportu nieprawid\u0142owo\u015bci wskazywa\u0142y na wyst\u0119powanie mechanizm\u00f3w korupcjogennych w NCBR.     <\/p>\n<p>NIK z\u0142o\u017cy\u0142a jesieni\u0105 2023 r. zawiadomienie do prokuratury w sprawie nieprawid\u0142owo\u015bci w NCBR. Prokuratura Regionalna w Warszawie 18 marca 2024 r. wszcz\u0119\u0142a \u015bledztwo w tej sprawie. W tym samym miesi\u0105cu Prokuratura Regionalna w Lublinie poinformowa\u0142a, \u017ce Centralne Biuro \u015aledcze Policji zatrzyma\u0142o by\u0142ego prezesa sp\u00f3\u0142ki NCBR Investment Fund Krzysztofa B. podejrzanego o udzia\u0142 w zorganizowanej grupie przest\u0119pczej maj\u0105cej na celu wy\u0142udzanie \u015brodk\u00f3w unijnych, wy\u0142udzenie ok. 8 mln z\u0142 z funduszy UE i pranie brudnych pieni\u0119dzy.<\/p>\n<p>W styczniu Prokuratura Regionalna w Warszawie skierowa\u0142a do s\u0105du pierwszy akt oskar\u017cenia w sprawie nieprawid\u0142owo\u015bci w Narodowym Centrum Bada\u0144 i Rozwoju. Na \u0142awie oskar\u017conych zasi\u0105d\u0105 33 osoby. Oskar\u017ceni od czerwca 2022 r. do stycznia 2024 r. dzia\u0142ali w zorganizowanej grupie przest\u0119pczej, kt\u00f3ra wy\u0142udza\u0142a pieni\u0105dze od NCBR-u pochodz\u0105ce z Europejskiego Funduszu Rozwoju Regionalnego. Wy\u0142udzili z NCBR-u niemal 5 mln z\u0142, a usi\u0142owali wy\u0142udzi\u0107 niemal 43 mln z\u0142.<\/p>\n","protected":false},"excerpt":{"rendered":"Jacek \u017balek to by\u0142y pose\u0142 PO, jeden z za\u0142o\u017cycieli Polski Razem i Porozumienia Jaros\u0142awa Gowina, cz\u0142onek Partii Republika\u0144skiej&hellip;\n","protected":false},"author":2,"featured_media":446047,"comment_status":"","ping_status":"","sticky":false,"template":"","format":"standard","meta":{"footnotes":"","_share_on_mastodon":"0"},"categories":[12],"tags":[61195,32,33,359,36,37,27,83875,49,34,35,28,31,48,1633,25,46,55,42,38,40,39,41,1627,47,29,30,26,604],"class_list":["post-446046","post","type-post","status-publish","format-standard","has-post-thumbnail","category-polska","tag-bottomfeed_styl","tag-breaking-news","tag-breakingnews","tag-cba","tag-featured-news","tag-featurednews","tag-headlines","tag-jacek_zalek","tag-kraj","tag-latest-news","tag-latestnews","tag-naglowki","tag-najwazniejsze-artykuly","tag-nat_styl","tag-ncbir","tag-news","tag-omp","tag-phx","tag-pl","tag-poland","tag-polish","tag-polska","tag-polski","tag-prokuratura","tag-screening_general","tag-top-stories","tag-topstories","tag-wiadomosci","tag-zarzuty"],"share_on_mastodon":{"url":"https:\/\/pubeurope.com\/@pl\/116618503372820153","error":""},"_links":{"self":[{"href":"https:\/\/www.europesays.com\/pl\/wp-json\/wp\/v2\/posts\/446046","targetHints":{"allow":["GET"]}}],"collection":[{"href":"https:\/\/www.europesays.com\/pl\/wp-json\/wp\/v2\/posts"}],"about":[{"href":"https:\/\/www.europesays.com\/pl\/wp-json\/wp\/v2\/types\/post"}],"author":[{"embeddable":true,"href":"https:\/\/www.europesays.com\/pl\/wp-json\/wp\/v2\/users\/2"}],"replies":[{"embeddable":true,"href":"https:\/\/www.europesays.com\/pl\/wp-json\/wp\/v2\/comments?post=446046"}],"version-history":[{"count":0,"href":"https:\/\/www.europesays.com\/pl\/wp-json\/wp\/v2\/posts\/446046\/revisions"}],"wp:featuredmedia":[{"embeddable":true,"href":"https:\/\/www.europesays.com\/pl\/wp-json\/wp\/v2\/media\/446047"}],"wp:attachment":[{"href":"https:\/\/www.europesays.com\/pl\/wp-json\/wp\/v2\/media?parent=446046"}],"wp:term":[{"taxonomy":"category","embeddable":true,"href":"https:\/\/www.europesays.com\/pl\/wp-json\/wp\/v2\/categories?post=446046"},{"taxonomy":"post_tag","embeddable":true,"href":"https:\/\/www.europesays.com\/pl\/wp-json\/wp\/v2\/tags?post=446046"}],"curies":[{"name":"wp","href":"https:\/\/api.w.org\/{rel}","templated":true}]}}