{"id":446128,"date":"2026-05-22T14:23:12","date_gmt":"2026-05-22T14:23:12","guid":{"rendered":"https:\/\/www.europesays.com\/pl\/446128\/"},"modified":"2026-05-22T14:23:12","modified_gmt":"2026-05-22T14:23:12","slug":"trump-zmienia-zdanie-w-sprawie-zolnierzy-rutte-i-polscy-politycy-nie-ukrywaja-radosci-2","status":"publish","type":"post","link":"https:\/\/www.europesays.com\/pl\/446128\/","title":{"rendered":"Trump zmienia zdanie w sprawie \u017co\u0142nierzy. Rutte i polscy politycy nie ukrywaj\u0105 rado\u015bci"},"content":{"rendered":"<p>W czwartek wieczorem <a href=\"https:\/\/wiadomosci.onet.pl\/swiat\/donald-trump-zdecydowal-amerykanscy-zolnierze-trafia-do-polski\/6b2xb08\" id=\"3ef78583-de1c-40b6-a234-26c125f282e8\" rel=\"nofollow noopener\" target=\"_blank\">Donald Trump og\u0142osi\u0142 zmian\u0119 stanowiska<\/a> na platformie Truth Social, \u0142\u0105cz\u0105c decyzj\u0119 ze swoj\u0105 sympati\u0105 do prezydenta Polski Karola Nawrockiego, bliskiego ruchowi MAGA.Mark Rutte, rozmawiaj\u0105c w pi\u0105tek z dziennikarzami podczas spotkania ministr\u00f3w spraw zagranicznych NATO w Szwecji, powiedzia\u0142, \u017ce &#8222;z zadowoleniem przyj\u0105\u0142&#8221; t\u0119 decyzj\u0119 i potwierdzi\u0142, \u017ce wojskowi dow\u00f3dcy &#8222;pracuj\u0105 ju\u017c nad wszystkimi szczeg\u00f3\u0142ami&#8221;.By\u0142o to nast\u0119pstwem ubieg\u0142otygodniowej <a href=\"https:\/\/wiadomosci.onet.pl\/politico\/miala-byc-demonstracja-sily-nato-zostalo-spore-zaklopotanie\/lk6gd99\" id=\"4c2e6770-3142-4e1c-a7b6-da6b20a602b7\" rel=\"nofollow noopener\" target=\"_blank\">decyzji sekretarza obrony Pete\u2019a Hegsetha<\/a>, kt\u00f3ry wstrzyma\u0142 planowane rozmieszczenie 4-tysi\u0119cznej pancernej brygady w Polsce \u2014 co zaskoczy\u0142o polskie w\u0142adze, bo Polska nale\u017cy do najwierniejszych sojusznik\u00f3w USA w Europie i jest jednym z lider\u00f3w wydatk\u00f3w na obronno\u015b\u0107 w NATO.Decyzja Hegsetha mia\u0142a zwi\u0105zek z wcze\u015bniejszym ruchem Trumpa, kt\u00f3ry postanowi\u0142 <a href=\"https:\/\/wiadomosci.onet.pl\/swiat\/fatalna-w-skutkach-reakcja-na-krytyke-merza-niemcy-nadal-wierza-ze-trump-sie-uspokoi\/cnl7pt0\" id=\"5954ab57-5429-4c19-9624-e04eb2138149\" rel=\"nofollow noopener\" target=\"_blank\">ukara\u0107 kanclerza Niemiec Friedricha Merza<\/a> za krytyk\u0119 wojny z Iranem poprzez wycofanie 5 tys. \u017co\u0142nierzy z Niemiec.&#8221;Silniejsza Europa&#8221;<\/p>\n<p>Mark Rutte podkre\u015bli\u0142 w pi\u0105tek, \u017ce decyzja Trumpa o rozmieszczeniu wojsk nie zmienia d\u0142ugofalowego celu NATO, jakim jest &#8222;silniejsza Europa&#8221;, by &#8222;z czasem, krok po kroku&#8221;, europejscy sojusznicy stawali si\u0119 mniej zale\u017cni&#8221; od jednego sojusznika, czyli Stan\u00f3w Zjednoczonych&#8221;.<\/p>\n<p>Sekretarz stanu USA Marco Rubio potwierdzi\u0142 ten kierunek, sugeruj\u0105c w pi\u0105tek, \u017ce planowane s\u0105 kolejne redukcje liczby ameryka\u0144skich \u017co\u0142nierzy w Europie. Zapewni\u0142 jednak, \u017ce nie b\u0119d\u0105 to dzia\u0142ania odwetowe i zostan\u0105 skoordynowane z sojusznikami. Wcze\u015bniejsze decyzje dotycz\u0105ce Polski i Niemiec by\u0142y dla europejskich kraj\u00f3w zaskoczeniem.<\/p>\n<p>\u2014 Stany Zjednoczone wci\u0105\u017c maj\u0105 globalne zobowi\u0105zania, kt\u00f3re musz\u0105 realizowa\u0107 w kontek\u015bcie rozmieszczenia si\u0142, dlatego musimy nieustannie analizowa\u0107, gdzie wysy\u0142amy nasze wojska \u2014 powiedzia\u0142 dziennikarzom. \u2014 To nie jest dzia\u0142anie karne, to po prostu element bie\u017c\u0105cej polityki.<\/p>\n<p>\u2014 Ten proces b\u0119dzie trwa\u0142. [&#8230;] Uwa\u017cam, \u017ce b\u0119dzie przebiega\u0142 w bardzo pozytywny i produktywny spos\u00f3b, we wsp\u00f3\u0142pracy z naszymi sojusznikami &#8211; podkre\u015bli\u0142 Rubio.<\/p>\n<p> <img decoding=\"async\" src=\"https:\/\/www.europesays.com\/pl\/wp-content\/uploads\/2026\/05\/lgbk9lGaHR0cHM6Ly9vY2RuLmV1L3B1bHNjbXMvTURBXy8wYWRmZGFiZC01MGM0LTRjYzUtODI2My04YTYxNjRjZWZkM2EuanBlZ.jpeg\" height=\"627\" width=\"940\" alt=\"Marco Rubio, ameryka\u0144ski sekretarz stanu, i Mark Rutte, sekretarz generalny NATO. Helsingborg, 22 maja 2026 r.\" loading=\"lazy\" class=\"ods-c-image__img ods-c-image__img--viewport-width\"\/> <\/p>\n<p>Marco Rubio, ameryka\u0144ski sekretarz stanu, i Mark Rutte, sekretarz generalny NATO. Helsingborg, 22 maja 2026 r.PAP\/EPA\/JOHAN NILSSON\/TT<\/p>\n<p> Ameryka\u0144ski sekretarz stanu doda\u0142, \u017ce Trump odniesie si\u0119 do swojej &#8222;dezaprobaty&#8221; wobec postawy europejskich kraj\u00f3w podczas lipcowego szczytu NATO w Ankarze. Wcze\u015bniej w tym tygodniu sekretarz stanu stwierdzi\u0142, \u017ce Waszyngton jest &#8222;bardzo rozczarowany obecnym stanem NATO&#8221;, zw\u0142aszcza <a href=\"https:\/\/wiadomosci.onet.pl\/politico\/przecieki-o-karze-usa-dla-hiszpanii-trump-sie-wscieka-sanchez-niewzruszony\/knbf56s\" id=\"7a7d9f38-218f-42dd-a9c1-9c0fc08b7e68\" rel=\"nofollow noopener\" target=\"_blank\">postaw\u0105 Hiszpanii<\/a>, kt\u00f3ra odm\u00f3wi\u0142a udost\u0119pnienia ameryka\u0144skich baz wojskowych do atak\u00f3w na Iran.     Polska rado\u015b\u0107 ponad podzia\u0142ami<\/p>\n<p>W\u0142adze w Warszawie z rado\u015bci\u0105 przyj\u0119\u0142y informacj\u0119 o rozmieszczeniu wojsk. Nawrocki podzi\u0119kowa\u0142 Trumpowi za &#8222;przyja\u017a\u0144 wobec Polski&#8221; i za &#8222;decyzje, kt\u00f3rych praktyczny wymiar widzimy dzi\u015b bardzo wyra\u017anie&#8221;.<\/p>\n<p>Marcin Przydacz, szef prezydenckiego Biura Polityki Mi\u0119dzynarodowej, powiedzia\u0142 w wywiadzie radiowym, \u017ce zmiana decyzji by\u0142a efektem &#8222;dyplomacji prezydenckiej&#8221; opartej na osobistych relacjach obu prezydent\u00f3w. Trump popar\u0142 Nawrockiego w ubieg\u0142orocznych wyborach prezydenckich w Polsce.<\/p>\n<p>Przydacz umie\u015bci\u0142 r\u00f3wnie\u017c t\u0119 decyzj\u0119 w kontek\u015bcie wieloletniej politycznej walki Nawrockiego z proeuropejskim premierem Donaldem Tuskiem, krytykuj\u0105c szefa rz\u0105du za brak stara\u0144 o przerzucenie ameryka\u0144skich wojsk z &#8222;jego ukochanych Niemiec&#8221;.<\/p>\n<p>Z kolei Tusk w mediach spo\u0142eczno\u015bciowych podzi\u0119kowa\u0142 wszystkim zaanga\u017cowanym w zmian\u0119 polityki, w tym &#8222;prezydentowi Nawrockiemu, ministrom, kongresmenom i przyjacio\u0142om Polski w USA&#8221;.<\/p>\n<p>Decyzja Hegsetha z ubieg\u0142ego tygodnia spotka\u0142a si\u0119 z ostr\u0105 krytyk\u0105 ze <a href=\"https:\/\/wiadomosci.onet.pl\/politico\/to-policzek-wymierzony-polsce-republikanie-w-kongresie-nie-moga-pogodzic-sie-z\/vdv17km\" id=\"0c56619d-6fe5-4e5a-941c-2e84f89eaaea\" rel=\"nofollow noopener\" target=\"_blank\">strony kongresmen\u00f3w obu ameryka\u0144skich partii<\/a>, kt\u00f3rzy obawiali si\u0119, jaki sygna\u0142 wy\u015ble ona do jednego z najbli\u017cszych przyjaci\u00f3\u0142 USA w Europie. <\/p>\n<p>Minister obrony W\u0142adys\u0142aw Kosiniak-Kamysz stwierdzi\u0142, \u017ce decyzja Trumpa dowodzi, i\u017c polsko-ameryka\u0144skie relacje pozostaj\u0105 &#8222;bardzo silne&#8221;, a Polsk\u0119 nazwa\u0142 &#8222;modelowym i \u017celaznym sojusznikiem&#8221; Waszyngtonu. &#8222;Dobrze, \u017ce o sprawy fundamentalne dla bezpiecze\u0144stwa naszej Ojczyzny walczymy wsp\u00f3lnie&#8221; \u2014 podkre\u015bli\u0142 na platformie X.<\/p>\n<p>\u2014 Wszystko dobre, co si\u0119 dobrze ko\u0144czy \u2014 powiedzia\u0142 minister spraw zagranicznych Rados\u0142aw Sikorski podczas konferencji prasowej w Szwecji. Obok Nawrockiego decyzj\u0119 przypisa\u0142 te\u017c skutecznemu lobbingowi &#8222;przyjaci\u00f3\u0142 Polski&#8221; w ameryka\u0144skim Kongresie i dyplomatom po obu stronach Atlantyku.<\/p>\n<p>\u2014 Dzia\u0142ali\u015bmy r\u00f3wnolegle, szli\u015bmy rami\u0119 w rami\u0119, uderzali\u015bmy wsp\u00f3lnie \u2014 powiedzia\u0142. \u2014 I mamy efekt.<\/p>\n","protected":false},"excerpt":{"rendered":"W czwartek wieczorem Donald Trump og\u0142osi\u0142 zmian\u0119 stanowiska na platformie Truth Social, \u0142\u0105cz\u0105c decyzj\u0119 ze swoj\u0105 sympati\u0105 do&hellip;\n","protected":false},"author":2,"featured_media":446129,"comment_status":"","ping_status":"","sticky":false,"template":"","format":"standard","meta":{"footnotes":"","_share_on_mastodon":"0"},"categories":[12],"tags":[56,61195,44,212,43,13445,48,160,46,5613,42,38,40,1314,39,41,1118,47,617],"class_list":["post-446128","post","type-post","status-publish","format-standard","has-post-thumbnail","category-polska","tag-article_premium","tag-bottomfeed_styl","tag-donald_trump","tag-donald_tusk","tag-karol_nawrocki","tag-mark_rutte","tag-nat_styl","tag-nato","tag-omp","tag-pete_hegseth","tag-pl","tag-poland","tag-polish","tag-politico","tag-polska","tag-polski","tag-radoslaw_sikorski","tag-screening_general","tag-wladyslaw_kosiniak_kamysz"],"share_on_mastodon":{"url":"https:\/\/pubeurope.com\/@pl\/116618684837742099","error":""},"_links":{"self":[{"href":"https:\/\/www.europesays.com\/pl\/wp-json\/wp\/v2\/posts\/446128","targetHints":{"allow":["GET"]}}],"collection":[{"href":"https:\/\/www.europesays.com\/pl\/wp-json\/wp\/v2\/posts"}],"about":[{"href":"https:\/\/www.europesays.com\/pl\/wp-json\/wp\/v2\/types\/post"}],"author":[{"embeddable":true,"href":"https:\/\/www.europesays.com\/pl\/wp-json\/wp\/v2\/users\/2"}],"replies":[{"embeddable":true,"href":"https:\/\/www.europesays.com\/pl\/wp-json\/wp\/v2\/comments?post=446128"}],"version-history":[{"count":0,"href":"https:\/\/www.europesays.com\/pl\/wp-json\/wp\/v2\/posts\/446128\/revisions"}],"wp:featuredmedia":[{"embeddable":true,"href":"https:\/\/www.europesays.com\/pl\/wp-json\/wp\/v2\/media\/446129"}],"wp:attachment":[{"href":"https:\/\/www.europesays.com\/pl\/wp-json\/wp\/v2\/media?parent=446128"}],"wp:term":[{"taxonomy":"category","embeddable":true,"href":"https:\/\/www.europesays.com\/pl\/wp-json\/wp\/v2\/categories?post=446128"},{"taxonomy":"post_tag","embeddable":true,"href":"https:\/\/www.europesays.com\/pl\/wp-json\/wp\/v2\/tags?post=446128"}],"curies":[{"name":"wp","href":"https:\/\/api.w.org\/{rel}","templated":true}]}}