{"id":446182,"date":"2026-05-22T14:52:10","date_gmt":"2026-05-22T14:52:10","guid":{"rendered":"https:\/\/www.europesays.com\/pl\/446182\/"},"modified":"2026-05-22T14:52:10","modified_gmt":"2026-05-22T14:52:10","slug":"koniec-duzej-wspolpracy-legii-warszawa-waza-sie-losy","status":"publish","type":"post","link":"https:\/\/www.europesays.com\/pl\/446182\/","title":{"rendered":"Koniec du\u017cej wsp\u00f3\u0142pracy Legii Warszawa? Wa\u017c\u0105 si\u0119 losy"},"content":{"rendered":"\n<p class=\"contentpart contentpart--default contentpart--text\" data-position=\"0\">Wsp\u00f3lny  projekt\u00a0<a href=\"https:\/\/sportowefakty.wp.pl\/pilka-nozna\/legia-warszawa\" rel=\"nofollow noopener\" target=\"_blank\">Legii Warszawa<\/a>\u00a0i\u00a0<a href=\"https:\/\/sportowefakty.wp.pl\/pilka-nozna\/pogon-grodzisk-mazowiecki\" rel=\"nofollow noopener\" target=\"_blank\">Pogoni Grodzisk Mazowiecki<\/a>\u00a0mia\u0142 u\u0142atwia\u0107  wprowadzanie m\u0142odych pi\u0142karzy w zawodowy futbol, a klub z Grodziska  korzysta\u0142 m.in. z zaplecza treningowego Legii.<\/p>\n<p class=\"contentpart contentpart--default contentpart--text\" data-position=\"1\">Z informacji podanych  przez Legia.Net wynika jednak, \u017ce mimo trwaj\u0105cego do ko\u0144ca sezonu  funkcjonowania tego uk\u0142adu, przysz\u0142o\u015b\u0107 wsp\u00f3\u0142pracy jest coraz mniej  pewna.<\/p>\n<p>  <img decoding=\"async\" src=\"https:\/\/v.wpimg.pl\/X3dwLnN2d1IFFTpdYUl6R0ZNbgcnEHQREVV2TGEGbUtRT2MdOlZ2RBQUKABgQjQcDRotCStBd1IAAWMeIlM7VgwYIAorQAdEFFk_GCkQJQ\" alt=\"\" width=\"45\" height=\"58\" loading=\"lazy\"\/>  <\/p>\n<p class=\"contentpart contentpart--default contentpart--text\" data-position=\"2\">Kluczow\u0105  zmian\u0105 ma by\u0107 rozstanie z trenerami, kt\u00f3rzy trafili do Pogoni przy  wsparciu Legii. Serwis informuje, \u017ce\u00a0<a href=\"https:\/\/sportowefakty.wp.pl\/pilka-nozna\/piotr-stokowiec\" rel=\"nofollow noopener\" target=\"_blank\">Piotr Stokowiec<\/a>\u00a0i Dariusz Rolak nie b\u0119d\u0105  kontynuowali pracy w klubie z Grodziska Mazowieckiego. Wcze\u015bniej odszed\u0142 Micha\u0142 Kubiak, kt\u00f3ry zwi\u0105za\u0142 si\u0119 z Radomiakiem.<\/p>\n<p class=\"contentpart contentpart--default contentpart--text\" data-position=\"3\">ZOBACZ WIDEO: Wyj\u0105tkowy wiecz\u00f3r w Warszawie. To ju\u017c trzecia edycja plebiscytu Herosi<\/p>\n<p class=\"contentpart contentpart--default contentpart--text\" data-position=\"5\">&#8211; Podpisali\u015bmy umow\u0119 z Pogoni\u0105 Grodzisk Mazowiecki.  To dla nas wa\u017cny krok w kierunku jeszcze lepszego wprowadzania m\u0142odych  zawodnik\u00f3w w \u015bwiat profesjonalnego futbolu. B\u0119dzie to umowa wieloletnia i  bardzo si\u0119 ciesz\u0119, \u017ce uda\u0142o si\u0119 j\u0105 sfinalizowa\u0107 &#8211; m\u00f3wi\u0142 w przesz\u0142o\u015bci <a href=\"https:\/\/sportowefakty.wp.pl\/inne\/marcin-herra\" rel=\"nofollow noopener\" target=\"_blank\">Marcin Herra<\/a>.<\/p>\n<p class=\"contentpart contentpart--default contentpart--text\" data-position=\"6\">W  ramach wsp\u00f3\u0142pracy do Grodziska trafiali m\u0142odzi pi\u0142karze Legii. Na  wypo\u017cyczenie przenie\u015bli si\u0119 Oliwier Olewi\u0144ski, Mateusz Szczepaniak i  Jakub Adkonis, a w innej formule do\u0142\u0105czyli Jakub J\u0119drasik i Stanis\u0142aw  Gieroba.<\/p>\n<p>  <img decoding=\"async\" src=\"https:\/\/v.wpimg.pl\/X3dwLnN2d1IFFTpdYUl6R0ZNbgcnEHQREVV2TGEGbUtRT2MdOlZ2RBQUKABgQjQcDRotCStBd1IAAWMeIlM7VgwYIAorQAdEFFk_GCkQJQ\" alt=\"\" width=\"45\" height=\"58\" loading=\"lazy\"\/>  <\/p>\n<p class=\"contentpart contentpart--default contentpart--text\" data-position=\"7\">W sobot\u0119 zako\u0144czy si\u0119 sezon 2025\/26 w Ekstraklasie. Nadchodzi czas  podsumowa\u0144, w niekt\u00f3rych przypadkach po\u017cegna\u0144. I tak b\u0119dzie m.in. w  dru\u017cynie Legii Warszawa. Trener Marek Papszun po raz pierwszy bardzo  otwarcie i szczeg\u00f3\u0142owo wypowiedzia\u0142 si\u0119 na temat zawodnik\u00f3w, kt\u00f3rzy nie  pozostan\u0105 w klubie. S\u0105 to mi\u0119dzy innymi\u00a0<a href=\"https:\/\/sportowefakty.wp.pl\/pilka-nozna\/kacper-tobiasz\" rel=\"nofollow noopener\" target=\"_blank\">Kacper Tobiasz<\/a>,\u00a0<a href=\"https:\/\/sportowefakty.wp.pl\/pilka-nozna\/patryk-kun\" rel=\"nofollow noopener\" target=\"_blank\">Patryk Kun<\/a>\u00a0czy\u00a0<a href=\"https:\/\/sportowefakty.wp.pl\/pilka-nozna\/radovan-pankov\" rel=\"nofollow noopener\" target=\"_blank\">Radovan Pankov<\/a>.<\/p>\n","protected":false},"excerpt":{"rendered":"Wsp\u00f3lny projekt\u00a0Legii Warszawa\u00a0i\u00a0Pogoni Grodzisk Mazowiecki\u00a0mia\u0142 u\u0142atwia\u0107 wprowadzanie m\u0142odych pi\u0142karzy w zawodowy futbol, a klub z Grodziska korzysta\u0142 m.in.&hellip;\n","protected":false},"author":2,"featured_media":446183,"comment_status":"","ping_status":"","sticky":false,"template":"","format":"standard","meta":{"footnotes":"","_share_on_mastodon":"0"},"categories":[51605],"tags":[4697,713,4797,4700,269,14467,42,12048,38,40,39,41,17700,435],"class_list":["post-446182","post","type-post","status-publish","format-standard","has-post-thumbnail","category-warszawa","tag-kacper-tobiasz","tag-legia-warszawa","tag-marcin-herra","tag-patryk-kun","tag-pilka-nozna","tag-piotr-stokowiec","tag-pl","tag-pogon-grodzisk-mazowiecki","tag-poland","tag-polish","tag-polska","tag-polski","tag-radovan-pankov","tag-warszawa"],"share_on_mastodon":{"url":"https:\/\/pubeurope.com\/@pl\/116618798345806552","error":""},"_links":{"self":[{"href":"https:\/\/www.europesays.com\/pl\/wp-json\/wp\/v2\/posts\/446182","targetHints":{"allow":["GET"]}}],"collection":[{"href":"https:\/\/www.europesays.com\/pl\/wp-json\/wp\/v2\/posts"}],"about":[{"href":"https:\/\/www.europesays.com\/pl\/wp-json\/wp\/v2\/types\/post"}],"author":[{"embeddable":true,"href":"https:\/\/www.europesays.com\/pl\/wp-json\/wp\/v2\/users\/2"}],"replies":[{"embeddable":true,"href":"https:\/\/www.europesays.com\/pl\/wp-json\/wp\/v2\/comments?post=446182"}],"version-history":[{"count":0,"href":"https:\/\/www.europesays.com\/pl\/wp-json\/wp\/v2\/posts\/446182\/revisions"}],"wp:featuredmedia":[{"embeddable":true,"href":"https:\/\/www.europesays.com\/pl\/wp-json\/wp\/v2\/media\/446183"}],"wp:attachment":[{"href":"https:\/\/www.europesays.com\/pl\/wp-json\/wp\/v2\/media?parent=446182"}],"wp:term":[{"taxonomy":"category","embeddable":true,"href":"https:\/\/www.europesays.com\/pl\/wp-json\/wp\/v2\/categories?post=446182"},{"taxonomy":"post_tag","embeddable":true,"href":"https:\/\/www.europesays.com\/pl\/wp-json\/wp\/v2\/tags?post=446182"}],"curies":[{"name":"wp","href":"https:\/\/api.w.org\/{rel}","templated":true}]}}