{"id":446258,"date":"2026-05-22T15:36:11","date_gmt":"2026-05-22T15:36:11","guid":{"rendered":"https:\/\/www.europesays.com\/pl\/446258\/"},"modified":"2026-05-22T15:36:11","modified_gmt":"2026-05-22T15:36:11","slug":"wielkie-sportowe-emocje-w-sercu-lublina-plac-litewski-zamienil-sie-w-crossfitowa-arene","status":"publish","type":"post","link":"https:\/\/www.europesays.com\/pl\/446258\/","title":{"rendered":"Wielkie sportowe emocje w sercu Lublina. Plac Litewski zamieni\u0142 si\u0119 w crossfitow\u0105 aren\u0119"},"content":{"rendered":"<p>Start wielkiego \u015bwi\u0119ta crossfitu<\/p>\n<p data-path-to-node=\"4\">Wydarzenie LOGinLAB, czyli jedno z najbardziej ambitnych projekt\u00f3w crossfitowych w Polsce, w\u0142a\u015bnie si\u0119 rozpocz\u0119\u0142o. Na Placu Litewskim pojawi\u0142y si\u0119 namioty, trybuny i widowiskowy tor przeszk\u00f3d, kt\u00f3ry od rana przyci\u0105ga spojrzenia przechodni\u00f3w. Przez ca\u0142y weekend serce miasta b\u0119dzie t\u0119tni\u0107 sportow\u0105 rywalizacj\u0105, niesamowit\u0105 energi\u0105 i pokazami nadludzkiej wytrzyma\u0142o\u015bci.<\/p>\n<p data-path-to-node=\"8\">O samej idei stoj\u0105cej za wydarzeniem i ha\u015ble przewodnim opowiada Dawid Kujawski, organizator LOGinLAB:<\/p>\n<p data-path-to-node=\"9,0\">\u2013 My szerzymy kultur\u0119 fizyczn\u0105 i uwa\u017camy, \u017ce sport daje nowe, lepsze \u017cycie. St\u0105d nasze has\u0142o i slogan &#8222;Live Again Better&#8221;. I tak naprawd\u0119 chodzi o to, \u017ce CrossFit jest po prostu fajn\u0105 metodologi\u0105, kt\u00f3ra pozwala na wszechstronny rozw\u00f3j gimnastyczny, ci\u0119\u017carowy, czy te\u017c prac\u0119 kondycyjn\u0105.<\/p>\n<p>Sport dla ka\u017cdego \u2013 od malucha do seniora<\/p>\n<p data-path-to-node=\"11\">Zawody to doskona\u0142a okazja, by przekona\u0107 si\u0119, \u017ce crossfit to co\u015b znacznie wi\u0119cej ni\u017c sport \u2013 to przede wszystkim styl \u017cycia i budowanie niesamowitej spo\u0142eczno\u015bci. Zanim na tor wybiegn\u0105 profesjonali\u015bci, organizatorzy postawili na aktywizacj\u0119 mieszka\u0144c\u00f3w.<\/p>\n<p data-path-to-node=\"12\">W czwartek i pi\u0105tek arena nale\u017ca\u0142a do m\u0142odzie\u017cy. Frekwencja okaza\u0142a si\u0119 imponuj\u0105ca, co podkre\u015bla Dawid Kujawski:<\/p>\n<p data-path-to-node=\"13,0\">\u2013 Opr\u00f3cz samych zawod\u00f3w mamy tur po Polsce, kt\u00f3ry odwiedza kilka miejsc. Zapraszamy na ka\u017cdy z etap\u00f3w (&#8230;) szko\u0142y, senior\u00f3w, tak aby dotrze\u0107 do jak najszerszego grona. I dlatego w czwartek i pi\u0105tek prowadzimy treningi dla szk\u00f3\u0142 i dla dzieciak\u00f3w. W Lublinie odwiedzi\u0142y nas 673 osoby wczoraj i dzisiaj. Na wiecz\u00f3r w pi\u0105tek mamy trening z rodzicami. I tam te\u017c chcemy zach\u0119ca\u0107 rodzic\u00f3w do tego, \u017ceby pracowali ze swoimi dzie\u0107mi i bawili si\u0119 sportem, zach\u0119caj\u0105c ich do aktywno\u015bci.<\/p>\n<p data-path-to-node=\"14\">Przypomnijmy, \u017ce wspomniany trening z dzieckiem\u00a0rozpoczyna si\u0119 dzi\u015b dok\u0142adnie o godzinie 17:00.<\/p>\n<p>Lublin oceniony na \u201e10 na 10\u201d<\/p>\n<p data-path-to-node=\"16\">Organizatorzy nie kryj\u0105 zachwytu nad tym, jak Lublin przyj\u0105\u0142 ca\u0142e wydarzenie. Atmosfera panuj\u0105ca na Placu Litewskim od samego rana jest rewelacyjna.<\/p>\n<p data-path-to-node=\"17,0\">\u2013 Bardzo si\u0119 ciesz\u0119 na to otwarcie i miejsce, kt\u00f3re odwiedzili\u015bmy, czyli Plac Litewski. Jest rewelacyjne. S\u0105 ludzie, jest pogoda, ludzie zahaczaj\u0105 o nas, miasto jest przygotowane, atmosfera jest fajna (&#8230;) por\u00f3wnuj\u0105c do innych miejsc, kt\u00f3re odwiedzali\u015bmy, mamy tutaj obs\u0142ug\u0119 10 na 10 \u2013 podsumowuje Dawid Kujawski.<\/p>\n<p>Czego mo\u017cemy spodziewa\u0107 si\u0119 w najbli\u017cszych dniach?<\/p>\n<p data-path-to-node=\"17,0\">Prawdziwe sportowe widowisko i pokaz najwy\u017cszej formy czekaj\u0105 nas jednak w sobot\u0119 i niedziel\u0119. Na torze zaprezentuj\u0105 si\u0119 zawodnicy z ca\u0142ego kraju, w tym m.in. debiutuj\u0105ca kategoria Teens oraz zespo\u0142y mieszane.<\/p>\n<p data-path-to-node=\"17,0\">\u2013 W sobot\u0119 i niedziel\u0119 pokazujemy show, jaki poziom potrafi\u0105 osi\u0105gn\u0105\u0107 atleci trenuj\u0105cy CrossFit regularnie, ale w og\u00f3le dbaj\u0105cy o sw\u00f3j zdrowy stref \u017cycia. Jutrzejszy program zawod\u00f3w jest taki, \u017ce b\u0119dziemy mieli kategori\u0119 m\u0119sk\u0105 profesjonalist\u00f3w, damsk\u0105 i amator\u00f3w w teamach mieszanych, damsko-m\u0119skich. Warto przyj\u015b\u0107 na Plac Litewski mi\u0119dzy 11 a 19, wtedy b\u0119dzie si\u0119 du\u017co dzia\u0142o. Z kolei w niedziel\u0119 od godziny 9 do 15 te\u017c dalej b\u0119d\u0105 rywalizowa\u0107. Profesjonali\u015bci maj\u0105 rozpisane po trzy ci\u0119\u017ckie treningi, bo ka\u017cdy, kto przyje\u017cd\u017ca na nasze zawody, wykonuje kilka takich trening\u00f3w, \u017ceby wy\u0142oni\u0107 najsprawnniejszych ludzi w Polsce \u2013 m\u00f3wi Dawid Kujawski.<\/p>\n<p id=\"t6_1779450066966\" data-path-to-node=\"9\">Poni\u017cej prezentujemy uproszczony program na nast\u0119pne dni:<\/p>\n<p>Man RX,<br \/>\nMan 35+ Open,<br \/>\nTeam Amator Man\/Women,<br \/>\nTeens.<\/p>\n","protected":false},"excerpt":{"rendered":"Start wielkiego \u015bwi\u0119ta crossfitu Wydarzenie LOGinLAB, czyli jedno z najbardziej ambitnych projekt\u00f3w crossfitowych w Polsce, w\u0142a\u015bnie si\u0119 rozpocz\u0119\u0142o.&hellip;\n","protected":false},"author":2,"featured_media":446259,"comment_status":"","ping_status":"","sticky":false,"template":"","format":"standard","meta":{"footnotes":"","_share_on_mastodon":"0"},"categories":[51612],"tags":[84489,1081,42,52442,38,40,39,41],"class_list":["post-446258","post","type-post","status-publish","format-standard","has-post-thumbnail","category-lublin","tag-loginlab","tag-lublin","tag-pl","tag-plac-litewski","tag-poland","tag-polish","tag-polska","tag-polski"],"share_on_mastodon":{"url":"https:\/\/pubeurope.com\/@pl\/116618971393461231","error":""},"_links":{"self":[{"href":"https:\/\/www.europesays.com\/pl\/wp-json\/wp\/v2\/posts\/446258","targetHints":{"allow":["GET"]}}],"collection":[{"href":"https:\/\/www.europesays.com\/pl\/wp-json\/wp\/v2\/posts"}],"about":[{"href":"https:\/\/www.europesays.com\/pl\/wp-json\/wp\/v2\/types\/post"}],"author":[{"embeddable":true,"href":"https:\/\/www.europesays.com\/pl\/wp-json\/wp\/v2\/users\/2"}],"replies":[{"embeddable":true,"href":"https:\/\/www.europesays.com\/pl\/wp-json\/wp\/v2\/comments?post=446258"}],"version-history":[{"count":0,"href":"https:\/\/www.europesays.com\/pl\/wp-json\/wp\/v2\/posts\/446258\/revisions"}],"wp:featuredmedia":[{"embeddable":true,"href":"https:\/\/www.europesays.com\/pl\/wp-json\/wp\/v2\/media\/446259"}],"wp:attachment":[{"href":"https:\/\/www.europesays.com\/pl\/wp-json\/wp\/v2\/media?parent=446258"}],"wp:term":[{"taxonomy":"category","embeddable":true,"href":"https:\/\/www.europesays.com\/pl\/wp-json\/wp\/v2\/categories?post=446258"},{"taxonomy":"post_tag","embeddable":true,"href":"https:\/\/www.europesays.com\/pl\/wp-json\/wp\/v2\/tags?post=446258"}],"curies":[{"name":"wp","href":"https:\/\/api.w.org\/{rel}","templated":true}]}}