{"id":446955,"date":"2026-05-22T22:26:19","date_gmt":"2026-05-22T22:26:19","guid":{"rendered":"https:\/\/www.europesays.com\/pl\/446955\/"},"modified":"2026-05-22T22:26:19","modified_gmt":"2026-05-22T22:26:19","slug":"zolnierze-usa-w-polsce-suchon-o-roli-nawrockiego-to-zasluga-zgodnej-wspolpracy","status":"publish","type":"post","link":"https:\/\/www.europesays.com\/pl\/446955\/","title":{"rendered":"\u017bo\u0142nierze USA w Polsce. Sucho\u0144 o roli Nawrockiego: To zas\u0142uga zgodnej wsp\u00f3\u0142pracy"},"content":{"rendered":"\n<p>&#13;<br \/>\nPrezydent Stan\u00f3w Zjednoczonych Donald Trump og\u0142osi\u0142 w\u00a0czwartek, \u017ce\u00a0Waszyngton wy\u015ble do\u00a0Polski dodatkowe 5\u00a0tys. \u017co\u0142nierzy. &#8222;W\u00a0zwi\u0105zku z\u00a0sukcesem wyborczym obecnego Prezydenta Polski, Karola Nawrockiego, kt\u00f3rego z\u00a0dum\u0105 popar\u0142em, oraz\u00a0naszymi relacjami z\u00a0nim, z\u00a0przyjemno\u015bci\u0105 og\u0142aszam, \u017ce\u00a0Stany Zjednoczone wy\u015bl\u0105 do\u00a0Polski dodatkowe 5000 \u017co\u0142nierzy. Dzi\u0119kuj\u0119 za\u00a0uwag\u0119!&#8221; \u2013\u00a0napisa\u0142 ameryka\u0144ski przyw\u00f3dca na\u00a0swojej platformie Truth Social. &#13;\n<\/p>\n<p>&#13;<br \/>\nWcze\u015bniej szef Pentagonu Pete Hegseth zdecydowa\u0142 o\u00a0wycofaniu ok. 5\u00a0tys. \u017co\u0142nierzy z\u00a0Niemiec. Ma\u00a0to\u00a0nast\u0105pi\u0107 w\u00a0ci\u0105gu najbli\u017cszych 6-12 miesi\u0119cy. <a href=\"https:\/\/dorzeczy.pl\/swiat\/890998\/trump-zmienil-zdanie-ws-zolnierzy-w-polsce-kulisy-decyzji.html\" rel=\"nofollow noopener\" target=\"_blank\">Prezydent Trump o\u015bwiadczy\u0142<\/a> nawet, \u017ce\u00a0zamierza zmniejszy\u0107 liczb\u0119 stacjonuj\u0105cych w\u00a0Niemczech ameryka\u0144skich \u017co\u0142nierzy o\u00a0wi\u0119cej ni\u017c\u00a05 tys. Obecnie w\u00a0Niemczech stacjonuje mi\u0119dzy 35 tys. a\u00a037 tys. wojskowych z\u00a0USA. W\u00a0pi\u0105tek sekretarz stanu Marco Rubio oznajmi\u0142, \u017ce\u00a0nie zapad\u0142y jeszcze ostateczne decyzje w\u00a0tej sprawie. &#13;\n<\/p>\n<p>Trump wy\u015ble \u017co\u0142nierzy do\u00a0Polski. Sucho\u0144 o\u00a0roli Nawrockiego<\/p>\n<p>&#13;<br \/>\nSytuacj\u0119 skomentowa\u0142 w\u00a0pi\u0105tek na\u00a0antenie Radia Zet szef klubu parlamentarnego Centrum Miros\u0142aw Sucho\u0144. &#13;\n<\/p>\n<p>&#13;<br \/>\n\u2013 Je\u015bli pan prezydent Karol Nawrocki wysy\u0142a\u0142 do\u00a0Trumpa sms-y i\u00a0to pomog\u0142o, \u017ce\u00a0prezydent Trump dostrzeg\u0142 nas wsp\u00f3lny wysi\u0142ek, to\u00a0oznacza tylko, \u017ce\u00a0kiedy jeste\u015bmy w\u00a0sytuacji, kiedy potrzeba wsp\u00f3\u0142pracy, to\u00a0ona jest, mimo wa\u015bni na\u00a0co dzie\u0144 tych \u015brodowisk \u2013\u00a0powiedzia\u0142 pose\u0142. &#13;\n<\/p>\n<p>&#13;<br \/>\nJak zaznaczy\u0142 Sucho\u0144, &#8222;Polska, kiedy potrzebuje takiej wsp\u00f3\u0142pracy, to\u00a0nawet na\u00a0co dzie\u0144 bardzo krytykuj\u0105ce si\u0119 osoby, to\u00a0ta wsp\u00f3\u0142praca jest mi\u0119dzy nimi&#8221;. \u2013\u00a0to\u00a0skuteczna \u2013\u00a0doda\u0142. &#13;\n<\/p>\n<p>&#13;<br \/>\nPolityk stwierdzi\u0142, \u017ce\u00a0&#8222;komunikacja po\u00a0stronie USA by\u0142a lu\u017ana i\u00a0chaotyczna&#8221;. \u2013\u00a0Natomiast jest decyzja polityczna najwy\u017cszego urz\u0119dnika w\u00a0USA i\u00a0to jest dla\u00a0na\u00a0wyznacznik \u2013\u00a0zaznaczy\u0142 parlamentarzysta. &#13;\n<\/p>\n<p>&#13;<br \/>\n\u2013 Teraz pracujemy nad now\u0105 formu\u0142\u0105 obecno\u015bci wojsk ameryka\u0144skich w\u00a0Europie i\u00a0Polska b\u0119dzie mia\u0142a w\u00a0tym swoje znacz\u0105ce miejsce \u2013\u00a0podkre\u015bli\u0142 Sucho\u0144. \u2013\u00a0Jest to\u00a0te\u017c wiadomo\u015b\u0107 na\u00a0zewn\u0105trz, \u017ce\u00a0nie jest tak \u0142atwo wywr\u00f3ci\u0107 najwi\u0119kszy sojusz \u2013\u00a0doda\u0142. &#13;\n<\/p>\n<p>Kaczy\u0144ski: To\u00a0du\u017cy sukces prezydenta Nawrockiego<\/p>\n<p>&#13;<br \/>\nDo sytuacji odni\u00f3s\u0142 si\u0119 w\u00a0mediach spo\u0142eczno\u015bciowych r\u00f3wnie\u017c prezes PiS Jaros\u0142aw Kaczy\u0144ski. &#13;\n<\/p>\n<p>&#13;<br \/>\n&#8222;Przez wiele miesi\u0119cy przedstawiciele rz\u0105du prowadzili polityk\u0119, kt\u00f3ra os\u0142abia\u0142a relacje z\u00a0naszym najwa\u017cniejszym sojusznikiem. Gdy zapada\u0142y kluczowe decyzje dotycz\u0105ce bezpiecze\u0144stwa, zabrak\u0142o skutecznej dyplomacji, profesjonalizmu i\u00a0realnego wp\u0142ywu&#8221; \u2013\u00a0napisa\u0142 by\u0142y premier. &#13;\n<\/p>\n<p>&#13;<br \/>\nJak zaznaczy\u0142 lider najwi\u0119kszej partii opozycyjnej, &#8222;Polacy maj\u0105 prawo oczekiwa\u0107 od\u00a0rz\u0105dz\u0105cych skuteczno\u015bci w\u00a0sprawach bezpiecze\u0144stwa pa\u0144stwa, a\u00a0nie serii kompromituj\u0105cych zaniedba\u0144&#8221;. &#13;\n<\/p>\n<p>&#13;<br \/>\n&#8222;Gdyby nie\u00a0prezydent Nawrocki, nasze bezpiecze\u0144stwo by\u0142oby os\u0142abione. Jak wynika z\u00a0komunikatu prezydenta Donalda Trumpa, Polska otrzyma\u0142a realne wsparcie. To\u00a0du\u017cy sukces prezydenta Karola Nawrockiego&#8221; \u2013\u00a0czytamy we\u00a0wpisie Kaczy\u0144skiego. &#13;\n<\/p>\n<p>&#13;<br \/>\nCzytaj te\u017c:<br \/><a href=\"https:\/\/dorzeczy.pl\/opinie\/891112\/trump-wysle-zolnierzy-do-polski-kaczynski-chwali-nawrockiego-i-krytykuje-tuska.html\" rel=\"follow nofollow noopener\" data-schema=\"DORZECZY\" data-image=\"https:\/\/img.dorzeczy.pl\/_thumb\/71\/37\/99aa454da3c0ae2516be8cd158a1.jpeg\" target=\"_blank\">&#8222;Du\u017cy sukces prezydenta&#8221;. Kaczy\u0144ski zabra\u0142 g\u0142os<\/a>Czytaj te\u017c:<br \/><a href=\"https:\/\/dorzeczy.pl\/opinie\/891073\/morawiecki-krytykuje-tuska-zachowuje-sie-jak-malpa-z-brzytwa.html\" rel=\"follow nofollow noopener\" data-schema=\"DORZECZY\" data-image=\"https:\/\/img.dorzeczy.pl\/_thumb\/b5\/e3\/acf4053ff55635cf5036362c3d1c.jpeg\" target=\"_blank\">&#8222;Jak ma\u0142pa z\u00a0brzytw\u0105&#8221;. Morawiecki uderza w\u00a0Tuska<\/a>&#13;<\/p>\n","protected":false},"excerpt":{"rendered":"&#13; Prezydent Stan\u00f3w Zjednoczonych Donald Trump og\u0142osi\u0142 w\u00a0czwartek, \u017ce\u00a0Waszyngton wy\u015ble do\u00a0Polski dodatkowe 5\u00a0tys. \u017co\u0142nierzy. &#8222;W\u00a0zwi\u0105zku z\u00a0sukcesem wyborczym obecnego&hellip;\n","protected":false},"author":2,"featured_media":446956,"comment_status":"","ping_status":"","sticky":false,"template":"","format":"standard","meta":{"footnotes":"","_share_on_mastodon":"0"},"categories":[62712],"tags":[15599,98,690,49,1315,103,102,39,101,1005,380,84640,80,597,99,71,3519,2583],"class_list":["post-446955","post","type-post","status-publish","format-standard","has-post-thumbnail","category-karol-nawrocki","tag-centrum","tag-dorzeczy","tag-karol-nawrocki","tag-kraj","tag-nawrocki","tag-obserwator-mediow","tag-opinie","tag-polska","tag-premier","tag-prezydent","tag-rzad","tag-suchon","tag-swiat","tag-trump","tag-tusk","tag-usa","tag-wspolpraca","tag-zolnierze"],"share_on_mastodon":{"url":"https:\/\/pubeurope.com\/@pl\/116620583601443897","error":""},"_links":{"self":[{"href":"https:\/\/www.europesays.com\/pl\/wp-json\/wp\/v2\/posts\/446955","targetHints":{"allow":["GET"]}}],"collection":[{"href":"https:\/\/www.europesays.com\/pl\/wp-json\/wp\/v2\/posts"}],"about":[{"href":"https:\/\/www.europesays.com\/pl\/wp-json\/wp\/v2\/types\/post"}],"author":[{"embeddable":true,"href":"https:\/\/www.europesays.com\/pl\/wp-json\/wp\/v2\/users\/2"}],"replies":[{"embeddable":true,"href":"https:\/\/www.europesays.com\/pl\/wp-json\/wp\/v2\/comments?post=446955"}],"version-history":[{"count":0,"href":"https:\/\/www.europesays.com\/pl\/wp-json\/wp\/v2\/posts\/446955\/revisions"}],"wp:featuredmedia":[{"embeddable":true,"href":"https:\/\/www.europesays.com\/pl\/wp-json\/wp\/v2\/media\/446956"}],"wp:attachment":[{"href":"https:\/\/www.europesays.com\/pl\/wp-json\/wp\/v2\/media?parent=446955"}],"wp:term":[{"taxonomy":"category","embeddable":true,"href":"https:\/\/www.europesays.com\/pl\/wp-json\/wp\/v2\/categories?post=446955"},{"taxonomy":"post_tag","embeddable":true,"href":"https:\/\/www.europesays.com\/pl\/wp-json\/wp\/v2\/tags?post=446955"}],"curies":[{"name":"wp","href":"https:\/\/api.w.org\/{rel}","templated":true}]}}