{"id":447013,"date":"2026-05-22T23:05:18","date_gmt":"2026-05-22T23:05:18","guid":{"rendered":"https:\/\/www.europesays.com\/pl\/447013\/"},"modified":"2026-05-22T23:05:18","modified_gmt":"2026-05-22T23:05:18","slug":"szpital-reumatologiczny-zmienia-organizacje-przez-budowe-nowej-placowki-dla-dzieci","status":"publish","type":"post","link":"https:\/\/www.europesays.com\/pl\/447013\/","title":{"rendered":"Szpital reumatologiczny zmienia organizacj\u0119 przez budow\u0119 nowej plac\u00f3wki dla dzieci"},"content":{"rendered":"<p>            <a href=\"https:\/\/s-trojmiasto.pl\/zdj\/c\/n\/9\/4325\/1920x0\/4325090.webp\" target=\"_blank\" data-slide-name=\"837881\" data-lightbox-target=\"photo full\" data-sub-html=\"&lt;h4&gt;&lt;\/h4&gt;&lt;p&gt;fot. \u0141ukasz Unterschuetz\/Trojmiasto.pl&lt;\/p&gt;&#010;\" class=\"photoMarker__link\" data-filter-brightness=\"brightness--100\" rel=\"nofollow noopener\"><\/p>\n<p>    <img decoding=\"async\" style=\"height:498px; aspect-ratio: 1.50352\/1; filter:brightness(1);\" alt=\"\" src=\"https:\/\/www.europesays.com\/pl\/wp-content\/uploads\/2026\/05\/4325090.webp\" class=\"photoMarker__img \" data-slider=\"img\" fetchpriority=\"high\"\/><\/p>\n<p>            <\/a><\/p>\n<p class=\"lead\">Pomorskie Centrum Reumatologiczne im. dr Jadwigi Titz-Kosko w\u00a0Sopocie szykuje zmiany organizacyjne w\u00a0zwi\u0105zku z\u00a0budow\u0105 centrum opieki nad dzie\u0107mi z\u00a0chorobami reumatycznymi. Cz\u0119\u015b\u0107 oddzia\u0142\u00f3w i\u00a0\u015bwiadcze\u0144 zostanie przeniesiona do drugiej lokalizacji. Szpital zapewnia jednak, \u017ce nie planuje likwidacji oddzia\u0142u reumatologicznego przy ul. Grunwaldzkiej.<\/p>\n<p>                                tak, jestem pod regularn\u0105 opiek\u0105<br \/>\n                                44%<\/p>\n<p>                                nie, ale my\u015bl\u0119 o tym<br \/>\n                                9%<\/p>\n<p>                                nie, nie by\u0142o takiej potrzeby<br \/>\n                                28%<\/p>\n<p><a href=\"https:\/\/www.trojmiasto.pl\/Pomorskie-Centrum-Reumatologiczne-o16434.html\" data-tklik=\"2826\" rel=\"nofollow noopener\" target=\"_blank\">Pomorskie Centrum Reumatologiczne im. dr Jadwigi Titz-Kosko<\/a> w\u00a0Sopocie czekaj\u0105 zmiany organizacyjne w\u00a0zwi\u0105zku <a data-tklik=\"72459\" target=\"_blank\" href=\"https:\/\/www.trojmiasto.pl\/zdrowie\/W-Sopocie-powstanie-szpital-dla-dzieci-n211678.html\" rel=\"nofollow noopener\">z budow\u0105 centrum kompleksowej opieki nad dzie\u0107mi z chorobami reumatycznymi<\/a>.<\/p>\n<p>Oznacza to, \u017ce niekt\u00f3re oddzia\u0142y i\u00a0poradnie zostan\u0105 przeniesione do innych lokalizacji.<\/p>\n<p>&#8222;Dotychczasowa ilo\u015b\u0107 \u0142\u00f3\u017cek b\u0119dzie roz\u0142o\u017cona na dwa oddzia\u0142y&#8221;<\/p>\n<p>Nieoficjalnie dowiedzieli\u015bmy si\u0119, \u017ce Oddzia\u0142 Reumatologiczny przy ul. Grunwaldzkiej ma zosta\u0107 cz\u0119\u015bciowo zredukowany. Poprosili\u015bmy sp\u00f3\u0142k\u0119 o\u00a0komentarz.<\/p>\n<p>&#8211; Planowane jest utworzenie dodatkowego Oddzia\u0142u Reumatologicznego przy ul. 23 Marca 93 w\u00a0Sopocie, realizuj\u0105cego hospitalizacje planowe. Dotychczasowa ilo\u015b\u0107 \u0142\u00f3\u017cek b\u0119dzie roz\u0142o\u017cona na dwa oddzia\u0142y (po ok. 20 \u0142\u00f3\u017cek na ka\u017cdy oddzia\u0142). Nie jest zatem prawdziwa informacja o\u00a0likwidacji Oddzia\u0142u Reumatologicznego w\u00a0lokalizacji przy ul. Grunwaldzkiej 1-3 w\u00a0Sopocie. Przyczyn\u0105 utworzenia drugiego oddzia\u0142u jest czasowe przeniesienie trybu pobytu stacjonarnego do drugiej lokalizacji szpitala przy ul. 23 Marca w\u00a0Sopocie &#8211; t\u0142umaczy Lucyna \u0141aszewska z\u00a0sekretariatu PCR. <br \/><a href=\"https:\/\/www.trojmiasto.pl\/zdrowie\/Ortopedia-dla-pacjentow-reumatologicznych-Pierwsza-taka-placowka-w-polnocnej-Polsce-n161257.html\" data-tklik=\"101645\" class=\"marker-news component newsMarker\" rel=\"nofollow noopener\" target=\"_blank\"><br \/>\n            <img decoding=\"async\" src=\"https:\/\/www.europesays.com\/pl\/wp-content\/uploads\/2026\/05\/3042042__kr.webp\" alt=\"Ortopedia dla pacjent\u00f3w reumatologicznych. \" pierwsza=\"\" taka=\"\" plac=\"\" w=\"\" p=\"\" polsce=\"\" class=\"lazy newsMarker__img\"\/><br \/>\n        Ortopedia dla pacjent\u00f3w reumatologicznych. &#8222;Pierwsza taka plac\u00f3wka w p\u00f3\u0142nocnej Polsce&#8221;<br \/>\n<\/a><\/p>\n<p>Ponadto szpital poinformowa\u0142, \u017ce w\u00a0lokalizacji przy ul. Grunwaldzkiej 1-3 w\u00a0Sopocie zostanie utworzony oddzia\u0142 reumatologii i\u00a0rehabilitacji dla dzieci.<\/p>\n<p>&#8211; Jest to rozwi\u0105zanie czasowe na okres budowania nowego obiektu dla dzieci przy ul. 23 Marca &#8211; dodaje Lucyna \u0141aszewska.  <\/p>\n<p>Sp\u00f3\u0142ka analizuje zapotrzebowanie zg\u0142aszaj\u0105cych si\u0119 pacjent\u00f3w<\/p>\n<p>Na pocz\u0105tku miesi\u0105ca otrzymali\u015bmy informacj\u0119 od czytelnika, kt\u00f3ry wskazywa\u0142 na brak rehabilitant\u00f3w i\u00a0masa\u017cyst\u00f3w w\u00a0sopockim Szpitalu Reumatologicznym &#8211; jego zdaniem mia\u0142o to zwi\u0105zek z\u00a0restrukturyzacj\u0105. Przedstawiciele szpitala wyja\u015bniaj\u0105, \u017ce rozwa\u017cane s\u0105 przesuni\u0119cia \u015bwiadcze\u0144.<\/p>\n<p>&#8211; Aktualnie zarz\u0105d sp\u00f3\u0142ki analizuje zapotrzebowanie zg\u0142aszaj\u0105cych si\u0119 pacjent\u00f3w na poszczeg\u00f3lne rodzaje \u015bwiadcze\u0144 zdrowotnych realizowanych przez sp\u00f3\u0142k\u0119 oraz zwi\u0105zane z\u00a0tym koszty pracy i\u00a0efektywno\u015b\u0107 czasu pracy pracownik\u00f3w. Rozwa\u017cane s\u0105 przesuni\u0119cia wykonywania \u015bwiadcze\u0144 zdrowotnych masa\u017cy przez fizjoterapeut\u00f3w, uprawnionych r\u00f3wnie\u017c do wykonywania tych \u015bwiadcze\u0144. Formu\u0142a zorganizowania konkursu w\u00a0oparciu o\u00a0ustaw\u0119 o\u00a0dzia\u0142alno\u015bci leczniczej jest propozycj\u0105 z\u0142agodzenia ewentualnych negatywnych skutk\u00f3w dla pracownik\u00f3w przy umo\u017cliwieniu pracodawcy zap\u0142aty za faktyczne wykonywane \u015bwiadczenia &#8211; zrealizowane masa\u017ce &#8211; informuje Lucyna \u0141aszewska. <br \/>Szpital zapewnia, \u017ce dost\u0119pno\u015b\u0107 masa\u017cy zostanie utrzymana.<\/p>\n<p>\n            <a href=\"https:\/\/s-trojmiasto.pl\/zdj\/c\/n\/9\/4327\/1920x0\/4327952-W-Sopocie-powstanie-szpital-dla-dzieci-z-chorobami-reumatycznymi.webp\" target=\"_blank\" data-slide-name=\"838716\" data-lightbox-target=\"photo full\" data-sub-html=\"&lt;h4&gt;W Sopocie powstanie szpital dla dzieci z chorobami reumatycznymi.&lt;\/h4&gt;&lt;p&gt;Wizualizacja: dr hab. Rafa\u0142 Janowicz&lt;\/p&gt;&#010;\" class=\"photoMarker__link\" data-filter-brightness=\"brightness--100\" rel=\"nofollow noopener\"><\/p>\n<p>    <img decoding=\"async\" style=\"height:421px; aspect-ratio: 1.77778\/1; filter:brightness(1);\" alt=\"W Sopocie powstanie szpital dla dzieci z chorobami reumatycznymi.\" src=\"https:\/\/www.europesays.com\/pl\/wp-content\/uploads\/2026\/05\/4327952-W-Sopocie-powstanie-szpital-dla-dzieci-z-chorobami-reumatycznymi.webp\" class=\"photoMarker__img lazy\" data-slider=\"img\"\/><\/p>\n<p>            <\/a><\/p>\n<p>W Sopocie powstanie szpital dla dzieci<\/p>\n<p>W Sopocie, obok Pomorskiego Centrum Reumatologicznego im. dr Jadwigi Titz-Kosko, wyro\u015bnie nowoczesny, specjalistyczny budynek dedykowany wy\u0142\u0105cznie ma\u0142ym pacjentom. Inwestycja o\u00a0warto\u015bci 40 mln z\u0142, finansowana przez samorz\u0105dy oraz Uni\u0119 Europejsk\u0105, ma stworzy\u0107 bezpieczn\u0105 i\u00a0w pe\u0142ni dostosowan\u0105 do potrzeb dzieci plac\u00f3wk\u0119, kt\u00f3ra zast\u0105pi obecny <a href=\"https:\/\/www.trojmiasto.pl\/Oddzial-Rehabilitacyjny-dla-dzieci-PCR-o72190.html\" data-tklik=\"543803\" rel=\"nofollow noopener\" target=\"_blank\">Dzieci\u0119cy Oddzia\u0142 Reumatologiczny przy ul. 23 Marca<\/a>.<\/p>\n<p>Otwarcie zaplanowano na koniec 2028 r. B\u0119dzie to integralna cz\u0119\u015b\u0107 kompleksu Centrum Opieki Geriatrycznej PCR, tworz\u0105ca w\u00a0Sopocie unikalny w\u00a0skali kraju o\u015brodek specjalistycznej opieki medycznej.\n                <\/p>\n","protected":false},"excerpt":{"rendered":"Pomorskie Centrum Reumatologiczne im. dr Jadwigi Titz-Kosko w\u00a0Sopocie szykuje zmiany organizacyjne w\u00a0zwi\u0105zku z\u00a0budow\u0105 centrum opieki nad dzie\u0107mi z\u00a0chorobami&hellip;\n","protected":false},"author":2,"featured_media":447014,"comment_status":"","ping_status":"","sticky":false,"template":"","format":"standard","meta":{"footnotes":"","_share_on_mastodon":"0"},"categories":[51610],"tags":[15599,532,10822,16565,695,28076,29195,1048,26953,27944,84660,2594,11534,5632,34009,84661,72052,29456,5833,7903,35580,22794,42,38,40,39,41,84662,1756,14770,14072,2885,65553,84664,13853,84663,33781,1063,1078,20073,3278,5602,6158,53331,52994,3806],"class_list":["post-447013","post","type-post","status-publish","format-standard","has-post-thumbnail","category-gdansk","tag-centrum","tag-choroba","tag-czas","tag-dzialalnosc","tag-dziecko","tag-efektywnosc","tag-fizjoterapeuta","tag-gdansk","tag-hospitalizacja","tag-informacja","tag-jadwiga-titz-kosko","tag-komentarz","tag-koszt","tag-likwidacja","tag-lokalizacja","tag-lucyna-laszewska","tag-lozko","tag-masaz","tag-obiekt","tag-oddzial","tag-opieka","tag-pacjent","tag-pl","tag-poland","tag-polish","tag-polska","tag-polski","tag-pomorskie-centrum-reumatologiczne","tag-praca","tag-pracodawca","tag-pracownik","tag-propozycja","tag-przesuniecie","tag-rehabilitant","tag-restrukturyzacja","tag-reumatologiczny","tag-skutek","tag-sopot","tag-spolka","tag-sprawa","tag-swiadczenie","tag-szpital","tag-ustawa","tag-utworzenie","tag-zaplata","tag-zarzad"],"share_on_mastodon":{"url":"","error":"Validation failed: Text character limit of 500 exceeded"},"_links":{"self":[{"href":"https:\/\/www.europesays.com\/pl\/wp-json\/wp\/v2\/posts\/447013","targetHints":{"allow":["GET"]}}],"collection":[{"href":"https:\/\/www.europesays.com\/pl\/wp-json\/wp\/v2\/posts"}],"about":[{"href":"https:\/\/www.europesays.com\/pl\/wp-json\/wp\/v2\/types\/post"}],"author":[{"embeddable":true,"href":"https:\/\/www.europesays.com\/pl\/wp-json\/wp\/v2\/users\/2"}],"replies":[{"embeddable":true,"href":"https:\/\/www.europesays.com\/pl\/wp-json\/wp\/v2\/comments?post=447013"}],"version-history":[{"count":0,"href":"https:\/\/www.europesays.com\/pl\/wp-json\/wp\/v2\/posts\/447013\/revisions"}],"wp:featuredmedia":[{"embeddable":true,"href":"https:\/\/www.europesays.com\/pl\/wp-json\/wp\/v2\/media\/447014"}],"wp:attachment":[{"href":"https:\/\/www.europesays.com\/pl\/wp-json\/wp\/v2\/media?parent=447013"}],"wp:term":[{"taxonomy":"category","embeddable":true,"href":"https:\/\/www.europesays.com\/pl\/wp-json\/wp\/v2\/categories?post=447013"},{"taxonomy":"post_tag","embeddable":true,"href":"https:\/\/www.europesays.com\/pl\/wp-json\/wp\/v2\/tags?post=447013"}],"curies":[{"name":"wp","href":"https:\/\/api.w.org\/{rel}","templated":true}]}}