{"id":447124,"date":"2026-05-23T00:17:11","date_gmt":"2026-05-23T00:17:11","guid":{"rendered":"https:\/\/www.europesays.com\/pl\/447124\/"},"modified":"2026-05-23T00:17:11","modified_gmt":"2026-05-23T00:17:11","slug":"putin-chce-zakonczenia-wojny-na-ukrainie-w-2026-roku-rosji-chodzi-o-donbas","status":"publish","type":"post","link":"https:\/\/www.europesays.com\/pl\/447124\/","title":{"rendered":"Putin chce zako\u0144czenia wojny na Ukrainie w 2026 roku. Rosji chodzi o Donbas"},"content":{"rendered":"\n<p>&#13;<br \/>\nJak podaje Bloomberg, powo\u0142uj\u0105c si\u0119 na\u00a0\u017ar\u00f3d\u0142a znaj\u0105ce kulisy sprawy, przyw\u00f3dca chce nie\u00a0tylko utrzymania zdobyczy terytorialnych, ale\u00a0r\u00f3wnie\u017c wi\u0119kszego porozumienia dotycz\u0105cego bezpiecze\u0144stwa Europy. Co\u00a0mia\u0142aby oznacza\u0107 w\u00a0praktyce taka umowa? Zagarni\u0119cie przez Rosj\u0119 cz\u0119\u015bci terytorium Ukrainy. Agencja przypomina, \u017ce\u00a0Moskwie \u2013\u00a0mimo wieloletnich walk \u2013\u00a0nie\u00a0uda\u0142o si\u0119 przej\u0105\u0107 ca\u0142kowitej kontroli nad Donbasem. &#13;\n<\/p>\n<p>Takie straty ponosz\u0105 Rosjanie<\/p>\n<p>&#13;<br \/>\nR\u00f3wnie\u017c wa\u017cni urz\u0119dnicy na\u00a0Kremlu maj\u0105 by\u0107 zdania, \u017ce\u00a0wojna jest obecnie w\u00a0impasie i\u00a0trudno dostrzec szans\u0119 na\u00a0jej zako\u0144czenie. Podobne prze\u015bwiadczenie ma\u00a0towarzyszy\u0107 r\u00f3wnie\u017c cz\u0119\u015bci rosyjskich elit. &#13;\n<\/p>\n<p>&#13;<br \/>\nBrak wiary Rosjan w\u00a0ko\u0144cowy sukces jest motywowany trudn\u0105 sytuacj\u0105 na\u00a0polu bitwy. Strona ukrai\u0144ska podaje, \u017ce\u00a0do\u00a0po\u0142owy maja si\u0142y Kijowa ustabilizowa\u0142y znaczn\u0105 cze\u015b\u0107 linii frontu. &#13;\n<\/p>\n<p>&#13;<br \/>\nPrezydent Finlandii Alexander Stubb, na\u00a0kt\u00f3rego opini\u0119 powo\u0142uje si\u0119 Bloomberg, wskazuje, \u017ce\u00a0na jednego zabitego ukrai\u0144skiego \u017co\u0142nierza przypada pi\u0119ciu rosyjskich. W\u00a0podobnym tonie wypowiedzia\u0142 si\u0119 sekretarz stanu Stan\u00f3w Zjednoczonych Marco Rubio, kt\u00f3ry stwierdzi\u0142, \u017ce\u00a0Ukraina ma\u00a0obecnie &#8222;najpot\u0119\u017cniejsze si\u0142y zbrojne&#8221; w\u00a0Europie. &#13;\n<\/p>\n<p>Koniec wojny? \u0141awrow zabra\u0142 g\u0142os<\/p>\n<p>&#13;<br \/>\nSzef rosyjskiej dyplomacji <a href=\"https:\/\/dorzeczy.pl\/swiat\/891040\/kiedy-zakonczy-sie-wojna-na-ukrainie-lawrow-odpowiada.html\" rel=\"nofollow noopener\" target=\"_blank\">Siergiej \u0141awrow o\u015bwiadczy\u0142<\/a>, \u017ce\u00a0konflikt na\u00a0Ukrainie zako\u0144czy si\u0119 po\u00a0&#8222;usuni\u0119ciu zagro\u017ce\u0144 dla\u00a0bezpiecze\u0144stwa Rosji&#8221;. Wed\u0142ug niego chodzi m.in. o\u00a0sytuacj\u0119 na\u00a0okupowanych przez Rosj\u0119 terytoriach Ukrainy. &#13;\n<\/p>\n<p>&#13;<br \/>\n\u2013 Pracujemy nad rozwi\u0105zaniem, kt\u00f3re \u2013\u00a0jak powiedzia\u0142 prezydent Rosji \u2013\u00a0zako\u0144czy konflikt i\u00a0d\u0142ugoterminowo usunie zagro\u017cenia dla\u00a0bezpiecze\u0144stwa Rosji ze\u00a0strony Zachodu \u2013\u00a0powiedzia\u0142 \u0141awrow w\u00a0pi\u0105tek (22 maja) podczas posiedzenia komisji ds. wsp\u00f3\u0142pracy mi\u0119dzynarodowej partii Jedna Rosja w\u00a0Permie. &#13;\n<\/p>\n<p>&#13;<br \/>\nRosyjski minister stwierdzi\u0142 r\u00f3wnie\u017c, \u017ce\u00a0rozwi\u0105zanie konfliktu ma\u00a0oznacza\u0107 &#8222;eliminacj\u0119 zagro\u017ce\u0144 ze\u00a0strony re\u017cimu w\u00a0Kijowie&#8221; wobec mieszka\u0144c\u00f3w Krymu, Donbasu i\u00a0tzw. Noworosji. Zarzuci\u0142 w\u0142adzom Ukrainy ograniczanie praw ludno\u015bci rosyjskoj\u0119zycznej, w\u00a0tym prawa do\u00a0u\u017cywania j\u0119zyka rosyjskiego i\u00a0praktyk religijnych. &#13;\n<\/p>\n<p>&#13;<br \/>\nCzytaj te\u017c:<br \/><a href=\"https:\/\/dorzeczy.pl\/swiat\/891049\/rosjanie-omijaja-sankcje-statki-przeplywaja-w-szwecji-pod-okiem-nato.html\" rel=\"follow nofollow noopener\" data-schema=\"DORZECZY\" data-image=\"https:\/\/img.dorzeczy.pl\/_thumb\/18\/d1\/e7188ee09553373d54480d3c08b0.jpeg\" target=\"_blank\">Rosyjskie statki pod\u00a0okiem NATO. Absurdalna sytuacja<\/a>Czytaj te\u017c:<br \/><a href=\"https:\/\/dorzeczy.pl\/swiat\/890572\/lukaszenka-chce-sie-spotkac-z-zelenskim-ten-mu-zagrozil.html\" rel=\"follow nofollow noopener\" data-schema=\"DORZECZY\" data-image=\"https:\/\/img.dorzeczy.pl\/_thumb\/ae\/4a\/ca966887fa5d1166622f7f2f17de.jpeg\" target=\"_blank\">\u0141ukaszenka chce si\u0119 spotka\u0107 z\u00a0Ze\u0142enskim. Ten mu zagrozi\u0142<\/a>&#13;<\/p>\n","protected":false},"excerpt":{"rendered":"&#13; Jak podaje Bloomberg, powo\u0142uj\u0105c si\u0119 na\u00a0\u017ar\u00f3d\u0142a znaj\u0105ce kulisy sprawy, przyw\u00f3dca chce nie\u00a0tylko utrzymania zdobyczy terytorialnych, ale\u00a0r\u00f3wnie\u017c wi\u0119kszego&hellip;\n","protected":false},"author":2,"featured_media":447125,"comment_status":"","ping_status":"","sticky":false,"template":"","format":"standard","meta":{"footnotes":"","_share_on_mastodon":"0"},"categories":[14],"tags":[11255,32,33,31689,2568,98,105,27,77799,34,35,28,31,25,103,102,40,41,600,87,80,29,30,415,26,892,82,83,84],"class_list":["post-447124","post","type-post","status-publish","format-standard","has-post-thumbnail","category-swiat","tag-11255","tag-breaking-news","tag-breakingnews","tag-data","tag-donbas","tag-dorzeczy","tag-ekonomia","tag-headlines","tag-koniec-wojny","tag-latest-news","tag-latestnews","tag-naglowki","tag-najwazniejsze-artykuly","tag-news","tag-obserwator-mediow","tag-opinie","tag-polish","tag-polski","tag-putin","tag-rosja","tag-swiat","tag-top-stories","tag-topstories","tag-ukraina","tag-wiadomosci","tag-wojna","tag-world","tag-world-news","tag-worldnews"],"share_on_mastodon":{"url":"https:\/\/pubeurope.com\/@pl\/116621020242983455","error":""},"_links":{"self":[{"href":"https:\/\/www.europesays.com\/pl\/wp-json\/wp\/v2\/posts\/447124","targetHints":{"allow":["GET"]}}],"collection":[{"href":"https:\/\/www.europesays.com\/pl\/wp-json\/wp\/v2\/posts"}],"about":[{"href":"https:\/\/www.europesays.com\/pl\/wp-json\/wp\/v2\/types\/post"}],"author":[{"embeddable":true,"href":"https:\/\/www.europesays.com\/pl\/wp-json\/wp\/v2\/users\/2"}],"replies":[{"embeddable":true,"href":"https:\/\/www.europesays.com\/pl\/wp-json\/wp\/v2\/comments?post=447124"}],"version-history":[{"count":0,"href":"https:\/\/www.europesays.com\/pl\/wp-json\/wp\/v2\/posts\/447124\/revisions"}],"wp:featuredmedia":[{"embeddable":true,"href":"https:\/\/www.europesays.com\/pl\/wp-json\/wp\/v2\/media\/447125"}],"wp:attachment":[{"href":"https:\/\/www.europesays.com\/pl\/wp-json\/wp\/v2\/media?parent=447124"}],"wp:term":[{"taxonomy":"category","embeddable":true,"href":"https:\/\/www.europesays.com\/pl\/wp-json\/wp\/v2\/categories?post=447124"},{"taxonomy":"post_tag","embeddable":true,"href":"https:\/\/www.europesays.com\/pl\/wp-json\/wp\/v2\/tags?post=447124"}],"curies":[{"name":"wp","href":"https:\/\/api.w.org\/{rel}","templated":true}]}}