{"id":447282,"date":"2026-05-23T02:27:17","date_gmt":"2026-05-23T02:27:17","guid":{"rendered":"https:\/\/www.europesays.com\/pl\/447282\/"},"modified":"2026-05-23T02:27:17","modified_gmt":"2026-05-23T02:27:17","slug":"sad-podjal-decyzje-w-sprawie-nieruchomosci-zbigniewa-ziobry","status":"publish","type":"post","link":"https:\/\/www.europesays.com\/pl\/447282\/","title":{"rendered":"S\u0105d podj\u0105\u0142 decyzj\u0119 w sprawie nieruchomo\u015bci Zbigniewa Ziobry"},"content":{"rendered":"\n<p>&#13;<br \/>\nS\u0105d Rejonowy w\u00a0Rawie Mazowieckiej zdecydowa\u0142 o\u00a0wpisaniu hipoteki przymusowej na\u00a0nieruchomo\u015bciach nale\u017c\u0105cych do\u00a0by\u0142ego ministra sprawiedliwo\u015bci Zbigniewa Ziobry. Jak wynika z\u00a0ustale\u0144 Polskiej Agencji Prasowej, jest to\u00a0forma zabezpieczenia maj\u0105tkowego, kt\u00f3ra ma\u00a0umo\u017cliwi\u0107 wykonanie ewentualnych przysz\u0142ych orzecze\u0144 s\u0105dowych w\u00a0sprawie dotycz\u0105cej rzekomych nieprawid\u0142owo\u015bci w\u00a0Funduszu Sprawiedliwo\u015bci. &#13;\n<\/p>\n<p>&#13;<br \/>\nWniosek w\u00a0tej sprawie z\u0142o\u017cy\u0142a do\u00a0s\u0105du Prokuratura Krajowa. Wpis do\u00a0ksi\u0105g wieczystych zosta\u0142 dokonany w\u00a0pi\u0105tek (22 maja). Informacj\u0119 t\u0119\u00a0potwierdzi\u0142 s\u0119dzia Grzegorz Ga\u0142a, rzecznik prasowy S\u0105du Okr\u0119gowego w\u00a0\u0141odzi. Podkre\u015bli\u0142, \u017ce\u00a0zabezpieczenie ma\u00a0charakter prewencyjny. Kolejnym etapem procedury b\u0119dzie formalne powiadomienie stron post\u0119powania, tj. wnioskodawcy, czyli Prokuratury Krajowej, a\u00a0tak\u017ce samego Zbigniewa Ziobry. Wcze\u015bniej s\u0105d nie\u00a0uwzgl\u0119dnia\u0142 podobnych wniosk\u00f3w prokuratury z\u00a0powodu brak\u00f3w formalnych. Zabezpieczenie maj\u0105tku Ziobry dotyczy m.in. jego domu w\u00a0Jeruzalu pod\u00a0Skierniewicami (woj. \u0142\u00f3dzkie). &#13;\n<\/p>\n<p>Co \u015bledczy zarzucaj\u0105 Zbigniewowi Ziobrze?<\/p>\n<p>&#13;<br \/>\nZbigniew Ziobro jest podejrzany w\u00a0\u015bledztwie dotycz\u0105cym rzekomych nieprawid\u0142owo\u015bci w\u00a0Funduszu Sprawiedliwo\u015bci. Prokuratura Krajowa zarzuca mu m.in., \u017ce\u00a0kierowa\u0142 zorganizowan\u0105 grup\u0105 przest\u0119pcz\u0105 w\u00a0resorcie sprawiedliwo\u015bci oraz\u00a0wykorzystywa\u0142 swoje stanowisko do\u00a0dzia\u0142a\u0144 o\u00a0charakterze przest\u0119pczym. Wed\u0142ug \u015bledczych, Ziobro mia\u0142 pope\u0142ni\u0107 \u0142\u0105cznie 26 przest\u0119pstw. &#13;\n<\/p>\n<p>&#13;<br \/>\n7 listopada 2025\u00a0r. Sejm uchyli\u0142 immunitet Ziobry oraz\u00a0wyrazi\u0142 zgod\u0119 na\u00a0jego zatrzymanie i\u00a0<a href=\"https:\/\/dorzeczy.pl\/kraj\/803124\/ziobro-moze-zostac-zatrzymany-i-aresztowany-sejm-zdecydowal.html\" rel=\"nofollow noopener\" target=\"_blank\">tymczasowe aresztowanie<\/a>. 13 listopada 2025\u00a0r. do\u00a0S\u0105du Rejonowego dla\u00a0Warszawy-Mokotowa wp\u0142yn\u0105\u0142 wniosek o\u00a0zastosowanie tymczasowego aresztowania na\u00a0okres trzech miesi\u0119cy wobec by\u0142ego szefa MS. Prokuratura Krajowa argumentowa\u0142a, \u017ce\u00a0istnieje &#8222;uzasadniona obawa ucieczki lub\u00a0ukrycia si\u0119&#8221; oraz\u00a0&#8222;utrudniania post\u0119powania&#8221;. Ju\u017c wtedy Ziobro przebywa\u0142 na\u00a0W\u0119grzech, gdzie uzyska\u0142 azyl polityczny. &#13;\n<\/p>\n<p>&#13;<br \/>\nS\u0105d zgodzi\u0142 si\u0119 na\u00a0tymczasowy areszt dla\u00a0polityka PiS 5\u00a0lutego. 6\u00a0lutego prokuratura wystawi\u0142a list go\u0144czy, a\u00a010 lutego zwr\u00f3ci\u0142a si\u0119 do\u00a0S\u0105du Okr\u0119gowego w\u00a0Warszawie o\u00a0wydanie europejskiego nakazu aresztowania. Obrona pos\u0142a PiS wyst\u0105pi\u0142a z\u00a0wnioskiem o\u00a0zawieszenie post\u0119powania dotycz\u0105cego ENA do\u00a0czasu rozstrzygni\u0119cia przez s\u0105d za\u017calenia na\u00a0zastosowanie tymczasowego aresztowania. Wniosek zosta\u0142 odrzucony 26 lutego. W\u00f3wczas obrona z\u0142o\u017cy\u0142a za\u017calenie na\u00a0t\u0119 decyzj\u0119, ale\u00a0bez wymaganego podpisu. S\u0105d wezwa\u0142 pe\u0142nomocnika do\u00a0uzupe\u0142nienia brak\u00f3w. &#13;\n<\/p>\n<p>&#13;<br \/>\nPostanowienie, w\u00a0czasie kt\u00f3rego s\u0105d rozpatrzy <a href=\"https:\/\/dorzeczy.pl\/kraj\/886351\/sad-odpowiada-prokuraturze-w-sprawie-ziobry-chodzi-o-areszt.html\" rel=\"nofollow noopener\" target=\"_blank\">za\u017calenie obro\u0144c\u00f3w na\u00a0areszt<\/a>, zosta\u0142o wyznaczone na\u00a08 wrze\u015bnia. Tak odleg\u0142y termin uzasadniany jest ogromem akt \u015bledztwa. Mowa bowiem o\u00a0ponad sze\u015bciu tysi\u0105cach tom\u00f3w. Obecnie Ziobro przebywa w\u00a0Stanach Zjednoczonych, gdzie uda\u0142 si\u0119 po\u00a0przegranych przez Viktora Orbana wyborach parlamentarnych na\u00a0W\u0119grzech. &#13;\n<\/p>\n<p>&#13;<br \/>\nCzytaj te\u017c:<br \/><a href=\"https:\/\/dorzeczy.pl\/opinie\/889465\/ziobro-do-tuska-licze-ze-nie-bedzie-sie-pan-uchylal.html\" rel=\"follow nofollow noopener\" data-schema=\"DORZECZY\" data-image=\"https:\/\/img.dorzeczy.pl\/_thumb\/8d\/44\/fe31d2e7a2932b437840711015d1.jpeg\" target=\"_blank\">Ziobro zwr\u00f3ci\u0142 si\u0119 do\u00a0Tuska. &#8222;Licz\u0119, \u017ce\u00a0nie b\u0119dzie si\u0119 Pan uchyla\u0142&#8221;<\/a>Czytaj te\u017c:<br \/><a href=\"https:\/\/dorzeczy.pl\/kraj\/889486\/magyar-o-wyjezdzie-ziobry-z-wegier-dowiedzialem-sie-z-prasy.html\" rel=\"follow nofollow noopener\" data-schema=\"DORZECZY\" data-image=\"https:\/\/img.dorzeczy.pl\/_thumb\/93\/fd\/0a0f1a4e57dfc6eae31378e28f37.jpeg\" target=\"_blank\">Tak Magyar dowiedzia\u0142 si\u0119 o\u00a0wyje\u017adzie Ziobry z\u00a0W\u0119gier<\/a>&#13;<\/p>\n","protected":false},"excerpt":{"rendered":"&#13; S\u0105d Rejonowy w\u00a0Rawie Mazowieckiej zdecydowa\u0142 o\u00a0wpisaniu hipoteki przymusowej na\u00a0nieruchomo\u015bciach nale\u017c\u0105cych do\u00a0by\u0142ego ministra sprawiedliwo\u015bci Zbigniewa Ziobry. Jak wynika&hellip;\n","protected":false},"author":2,"featured_media":447283,"comment_status":"","ping_status":"","sticky":false,"template":"","format":"standard","meta":{"footnotes":"","_share_on_mastodon":"0"},"categories":[5],"tags":[32,33,662,98,105,36,37,5262,27,49,34,35,2241,28,31,25,11596,42,38,40,39,41,2225,29,30,26,22590,3817],"class_list":["post-447282","post","type-post","status-publish","format-standard","has-post-thumbnail","category-naglowki","tag-breaking-news","tag-breakingnews","tag-dawid-sienkowski","tag-dorzeczy","tag-ekonomia","tag-featured-news","tag-featurednews","tag-fundusz-sprawiedliwosci","tag-headlines","tag-kraj","tag-latest-news","tag-latestnews","tag-majatek","tag-naglowki","tag-najwazniejsze-artykuly","tag-news","tag-nieruchomosc","tag-pl","tag-poland","tag-polish","tag-polska","tag-polski","tag-sad","tag-top-stories","tag-topstories","tag-wiadomosci","tag-zabezpieczenie","tag-ziobro"],"share_on_mastodon":{"url":"https:\/\/pubeurope.com\/@pl\/116621531074253047","error":""},"_links":{"self":[{"href":"https:\/\/www.europesays.com\/pl\/wp-json\/wp\/v2\/posts\/447282","targetHints":{"allow":["GET"]}}],"collection":[{"href":"https:\/\/www.europesays.com\/pl\/wp-json\/wp\/v2\/posts"}],"about":[{"href":"https:\/\/www.europesays.com\/pl\/wp-json\/wp\/v2\/types\/post"}],"author":[{"embeddable":true,"href":"https:\/\/www.europesays.com\/pl\/wp-json\/wp\/v2\/users\/2"}],"replies":[{"embeddable":true,"href":"https:\/\/www.europesays.com\/pl\/wp-json\/wp\/v2\/comments?post=447282"}],"version-history":[{"count":0,"href":"https:\/\/www.europesays.com\/pl\/wp-json\/wp\/v2\/posts\/447282\/revisions"}],"wp:featuredmedia":[{"embeddable":true,"href":"https:\/\/www.europesays.com\/pl\/wp-json\/wp\/v2\/media\/447283"}],"wp:attachment":[{"href":"https:\/\/www.europesays.com\/pl\/wp-json\/wp\/v2\/media?parent=447282"}],"wp:term":[{"taxonomy":"category","embeddable":true,"href":"https:\/\/www.europesays.com\/pl\/wp-json\/wp\/v2\/categories?post=447282"},{"taxonomy":"post_tag","embeddable":true,"href":"https:\/\/www.europesays.com\/pl\/wp-json\/wp\/v2\/tags?post=447282"}],"curies":[{"name":"wp","href":"https:\/\/api.w.org\/{rel}","templated":true}]}}