{"id":447833,"date":"2026-05-23T09:16:07","date_gmt":"2026-05-23T09:16:07","guid":{"rendered":"https:\/\/www.europesays.com\/pl\/447833\/"},"modified":"2026-05-23T09:16:07","modified_gmt":"2026-05-23T09:16:07","slug":"marco-rubio-przyznal-ze-rozmowy-o-pokoju-w-ukrainie-utknely-w-martwym-punkcie","status":"publish","type":"post","link":"https:\/\/www.europesays.com\/pl\/447833\/","title":{"rendered":"Marco Rubio przyzna\u0142, \u017ce rozmowy o pokoju w Ukrainie utkn\u0119\u0142y w martwym punkcie"},"content":{"rendered":"\n<p>Co powiedzia\u0142 Marco Rubio?<\/p>\n<p>&#8211; Pomimo nieprawdziwych przeciek\u00f3w, pomimo nieprawdziwych doniesie\u0144 o tym, \u017ce zmuszamy Ukrai\u0144c\u00f3w do zaj\u0119cia takiego czy innego stanowiska, je\u015bli dostrze\u017cemy mo\u017cliwo\u015b\u0107 zorganizowania rozm\u00f3w, kt\u00f3re b\u0119d\u0105 produktywne, a nie kontrproduktywne i kt\u00f3re maj\u0105 szans\u0119 przynie\u015b\u0107 owoce, jeste\u015bmy gotowi odegra\u0107 t\u0119 rol\u0119 &#8211; m\u00f3wi\u0142 Marco Rubio dziennikarzom w pi\u0105tek w Szwecji.<\/p>\n","protected":false},"excerpt":{"rendered":"Co powiedzia\u0142 Marco Rubio? &#8211; Pomimo nieprawdziwych przeciek\u00f3w, pomimo nieprawdziwych doniesie\u0144 o tym, \u017ce zmuszamy Ukrai\u0144c\u00f3w do zaj\u0119cia&hellip;\n","protected":false},"author":2,"featured_media":447834,"comment_status":"","ping_status":"","sticky":false,"template":"","format":"standard","meta":{"footnotes":"","_share_on_mastodon":"0"},"categories":[14],"tags":[61195,32,33,27,76,34,35,5190,28,31,48,25,46,40,41,87,47,80,29,30,415,71,70,26,82,83,84],"class_list":["post-447833","post","type-post","status-publish","format-standard","has-post-thumbnail","category-swiat","tag-bottomfeed_styl","tag-breaking-news","tag-breakingnews","tag-headlines","tag-inwazja_rosji_na_ukraine","tag-latest-news","tag-latestnews","tag-marco_rubio","tag-naglowki","tag-najwazniejsze-artykuly","tag-nat_styl","tag-news","tag-omp","tag-polish","tag-polski","tag-rosja","tag-screening_general","tag-swiat","tag-top-stories","tag-topstories","tag-ukraina","tag-usa","tag-w_skrocie","tag-wiadomosci","tag-world","tag-world-news","tag-worldnews"],"share_on_mastodon":{"url":"https:\/\/pubeurope.com\/@pl\/116623139448784301","error":""},"_links":{"self":[{"href":"https:\/\/www.europesays.com\/pl\/wp-json\/wp\/v2\/posts\/447833","targetHints":{"allow":["GET"]}}],"collection":[{"href":"https:\/\/www.europesays.com\/pl\/wp-json\/wp\/v2\/posts"}],"about":[{"href":"https:\/\/www.europesays.com\/pl\/wp-json\/wp\/v2\/types\/post"}],"author":[{"embeddable":true,"href":"https:\/\/www.europesays.com\/pl\/wp-json\/wp\/v2\/users\/2"}],"replies":[{"embeddable":true,"href":"https:\/\/www.europesays.com\/pl\/wp-json\/wp\/v2\/comments?post=447833"}],"version-history":[{"count":0,"href":"https:\/\/www.europesays.com\/pl\/wp-json\/wp\/v2\/posts\/447833\/revisions"}],"wp:featuredmedia":[{"embeddable":true,"href":"https:\/\/www.europesays.com\/pl\/wp-json\/wp\/v2\/media\/447834"}],"wp:attachment":[{"href":"https:\/\/www.europesays.com\/pl\/wp-json\/wp\/v2\/media?parent=447833"}],"wp:term":[{"taxonomy":"category","embeddable":true,"href":"https:\/\/www.europesays.com\/pl\/wp-json\/wp\/v2\/categories?post=447833"},{"taxonomy":"post_tag","embeddable":true,"href":"https:\/\/www.europesays.com\/pl\/wp-json\/wp\/v2\/tags?post=447833"}],"curies":[{"name":"wp","href":"https:\/\/api.w.org\/{rel}","templated":true}]}}