{"id":447863,"date":"2026-05-23T09:37:21","date_gmt":"2026-05-23T09:37:21","guid":{"rendered":"https:\/\/www.europesays.com\/pl\/447863\/"},"modified":"2026-05-23T09:37:21","modified_gmt":"2026-05-23T09:37:21","slug":"nerwowosc-w-nato-decyzja-trumpa-w-sprawie-polski-przelala-czare-goryczy","status":"publish","type":"post","link":"https:\/\/www.europesays.com\/pl\/447863\/","title":{"rendered":"Nerwowo\u015b\u0107 w NATO. Decyzja Trumpa w sprawie Polski przela\u0142a czar\u0119 goryczy"},"content":{"rendered":"<p>Zamieszanie zwi\u0105zane z pozornie arbitralnymi o\u015bwiadczeniami Trumpa dotycz\u0105cymi przemieszcze\u0144 wojsk coraz bardziej irytuje partner\u00f3w z NATO. &#8222;To rzeczywi\u015bcie myl\u0105ce i nie zawsze \u0142atwo si\u0119 w tym wszystkim odnale\u017a\u0107&#8221; \u2014 powiedzia\u0142a szwedzka minister spraw zagranicznych Maria Malmer Stenergard.<\/p>\n<p>\u2014 W\u0142a\u015bnie sp\u0119dzili\u015bmy prawie dwa tygodnie na reagowaniu na pierwsze og\u0142oszenie. My r\u00f3wnie\u017c nie wiemy, co to oznacza \u2014 anonimowy urz\u0119dnik Pentagonu komentuje zaskakuj\u0105ce o\u015bwiadczenie Trumpa o <a href=\"https:\/\/wiadomosci.onet.pl\/tylko-w-onecie\/kulisy-wolty-trumpa-w-sprawie-wojsk-usa-w-polsce-bunt-kongresmenow-i-interwencja\/0gq60cs\" id=\"813f2663-cfe3-4fa1-b662-efde92a33dd0\" rel=\"nofollow noopener\" target=\"_blank\">zwi\u0119kszeniu liczebno\u015bci wojsk w Polsce<\/a>.<\/p>\n<p>Przy tej okazji, jak bumerang, wraca sprawa pomocy Ukrainie i zwi\u0105zane z ni\u0105 naciski Niemc\u00f3w, by dokona\u0107 powa\u017cnych zmian w tym zakresie. Z kolei Amerykanie kpi\u0105 z Europejczyk\u00f3w w kwestii cie\u015bniny Ormuz. A jakby tego by\u0142o ma\u0142o, w\u0142a\u015bnie pok\u0142\u00f3cili si\u0119 Niemcy, Francuzi i Kanadyjczycy.<\/p>\n<p>Sekretarz generalny NATO Mark Rutte pr\u00f3bowa\u0142 uspokoi\u0107 sytuacj\u0119 i nada\u0107 pewn\u0105 logik\u0119 cz\u0119\u015bciowo sprzecznym o\u015bwiadczeniom Trumpa. &#8222;Wiemy, \u017ce nast\u0105pi\u0105 dostosowania. B\u0119dzie to przebiega\u0142o w spos\u00f3b uporz\u0105dkowany w miar\u0119 up\u0142ywu czasu&#8221; \u2014 zaznacza\u0142.<\/p>\n<p class=\"ods-o-quote__paragraph\">M\u00f3wi\u0105c wprost: w nadchodz\u0105cych latach Amerykanie b\u0119d\u0105 stopniowo wycofywa\u0107 znaczn\u0105 liczb\u0119 \u017co\u0142nierzy z Europy, aby przenie\u015b\u0107 ich do innych region\u00f3w, takich jak Indo-Pacyfik. Obecnie m\u00f3wi si\u0119 o 5000 \u017co\u0142nierzy, kt\u00f3rzy maj\u0105 zosta\u0107 wycofani z Niemiec. Jak wiarygodna jest ta liczba, nikt w sojuszu obecnie nie wie.<\/p>\n<p>Jedno jest jednak jasne: Amerykanie chc\u0105 w przysz\u0142o\u015bci przekazywa\u0107 Europejczykom coraz wi\u0119cej zada\u0144 zwi\u0105zanych z obron\u0105 sojuszu. Ci ostatni zobowi\u0105zali si\u0119 zatem do inwestowania od 2035 r. 5 proc. PKB w obronno\u015b\u0107.<\/p>\n<p> Dalszy ci\u0105g artyku\u0142u pod materia\u0142em wideo USA chc\u0105 podsumowa\u0107 dotychczasowe dzia\u0142ania     <\/p>\n<p>&#8222;Chcemy silniejszego NATO z wi\u0119ksz\u0105 rol\u0105 Europy&#8221; \u2014 powiedzia\u0142 minister spraw zagranicznych Johann Wadephul (CDU). Has\u0142o Rutte brzmi: &#8222;Silniejsza Europa, silniejsze NATO&#8221;. Podczas lipcowego szczytu NATO w Ankarze Amerykanie chc\u0105 podsumowa\u0107 dotychczasowe dzia\u0142ania. Ka\u017cdy kraj NATO musi wykaza\u0107, \u017ce w ci\u0105gu ostatnich dwunastu miesi\u0119cy jego wydatki na obron\u0119 zosta\u0142y ju\u017c zauwa\u017calnie zwi\u0119kszone.<\/p>\n<p>R\u00f3wnie\u017c Ukraina znalaz\u0142a si\u0119 ponownie w porz\u0105dku obrad w Helsingborgu. Niemcy s\u0105 bardzo niezadowolone z tego, \u017ce pomoc dla Ukrainy jest nier\u00f3wnomiernie rozdzielana w ramach sojuszu.<\/p>\n<p class=\"ods-o-quote__paragraph\">Bro\u0144, kt\u00f3r\u0105 Europejczycy zamawiaj\u0105 w Ameryce dla Ukrainy, jest finansowana g\u0142\u00f3wnie przez cztery kraje: Niemcy, Holandi\u0119, Szwecj\u0119 i Norwegi\u0119. Wiele kraj\u00f3w &#8222;nie wydaje wystarczaj\u0105co du\u017co na wsparcie Ukrainy&#8221; \u2014 skrytykowa\u0142 Rutte.<\/p>\n<p>Berlin zdaje sobie spraw\u0119, \u017ce trwa\u0142e wsparcie dla Ukrainy poch\u0142onie kolejne miliardy, znacznie wi\u0119cej ni\u017c obecnie dysponuj\u0105 \u0142\u0105cznie UE i NATO. Berlin nalega teraz na bardziej sprawiedliwy podzia\u0142 koszt\u00f3w.<\/p>\n<p>Ju\u017c kilka tygodni temu rz\u0105d federalny zaproponowa\u0142 sojusznikom w pi\u015bmie utworzenie nowego dodatkowego funduszu dla Ukrainy lub przynajmniej zapewnienie wi\u0119kszej przejrzysto\u015bci co do tego, kto i ile p\u0142aci. \u2014 Ma to wywrze\u0107 presj\u0119 na zalegaj\u0105cych z p\u0142atno\u015bciami \u2014 m\u00f3wi &#8222;Die Welt&#8221; jeden z dyplomat\u00f3w.<\/p>\n<p>Rubio kwestionuje warto\u015b\u0107 NATO<\/p>\n<p>Podczas spotkania sekretarz stanu USA Marco Rubio ponownie da\u0142 jasno do zrozumienia, jak bardzo Waszyngton jest rozgoryczony brakiem wsparcia ze strony europejskich sojusznik\u00f3w w wojnie z Iranem. Zakwestionowa\u0142 nawet warto\u015b\u0107 sojuszu: &#8222;Wiem, \u017ce NATO jest dobre dla Europy, ale dlaczego NATO jest dobre dla Ameryki?&#8221; \u2014 skomentowa\u0142. Zapowiedzia\u0142, \u017ce brak wsparcia b\u0119dzie tematem zbli\u017caj\u0105cego si\u0119 szczytu NATO w Ankarze.<\/p>\n<p>W tej sytuacji sojusznicy intensywnie debatuj\u0105 obecnie nad tym, czy NATO mo\u017ce odegra\u0107 rol\u0119 w zabezpieczeniu cie\u015bniny Ormuz. &#8222;B\u0119dziemy tam, gdzie tylko b\u0119dziemy mogli pom\u00f3c&#8221; \u2014 m\u00f3wi\u0142 Rutte. Wadephul [niemiecki minister spraw zagranicznych w rz\u0105dzie Friedricha Merza] podkre\u015bli\u0142 natomiast, \u017ce nie widzi tam &#8222;\u017cadnej bezpo\u015bredniej misji NATO w klasycznym tego s\u0142owa znaczeniu&#8221;.<\/p>\n<p class=\"ods-o-quote__paragraph\">W politycznych kuluarach s\u0142ycha\u0107, \u017ce NATO wkr\u00f3tce uzgodni dostarczanie danych wywiadowczych lub patrolowanie statk\u00f3w na wodach s\u0105siaduj\u0105cych z Cie\u015bnin\u0105 Ormuz \u2014 tylko po to, by Trump w ko\u0144cu da\u0142 spok\u00f3j.<\/p>\n<p>Wed\u0142ug informacji gazety &#8222;Welt am Sonntag&#8221; w NATO i tak panuje zw\u0105tpienie, czy Trump pojawi si\u0119 na szczycie NATO w Ankarze, z powodu irytacji zwi\u0105zanej z sojuszem. Potwierdza to kilku dyplomat\u00f3w. \u2014 W\u0105tpliwo\u015bci te nie s\u0105 wprawdzie wyra\u017cane na forum organ\u00f3w NATO, ale pojawiaj\u0105 si\u0119 w licznych nieformalnych rozmowach \u2014 m\u00f3wi jeden z urz\u0119dnik\u00f3w.<\/p>\n<p>Ameryka\u0144ski ambasador przy NATO Matthew G. Whitaker zapewni\u0142 podczas rozm\u00f3w, \u017ce Trump przyjedzie do Ankary. Ponadto przyw\u00f3dca USA mia\u0142 potwierdzi\u0107 swoj\u0105 obecno\u015b\u0107 prezydentowi Turcji Recepowi Tayyipowi Erdoganowi. W ka\u017cdym razie, jak podkre\u015blaj\u0105 dyplomaci, sojusz zaplanowa\u0142 tylko stosunkowo kr\u00f3tkie spotkanie na szczycie w Ankarze, aby &#8222;zachowanie prezydenta Trumpa nie wymkn\u0119\u0142o si\u0119 spod kontroli&#8221;.<\/p>\n<p>Tymczasem okaza\u0142o si\u0119, \u017ce niemiecki kandydat ubiegaj\u0105cy si\u0119 o przewodnictwo w Komitecie Wojskowym NATO od lata 2027 r., genera\u0142 Carsten Breuer, nagle ma jednak konkurencj\u0119. Kanada og\u0142osi\u0142a kandydatur\u0119 Jennie Carignan, naczelnej dow\u00f3dczyni si\u0142 zbrojnych. Wybory odb\u0119d\u0105 si\u0119 we wrze\u015bniu.<\/p>\n<p>Podobno Francja naciska\u0142a na Kanad\u0119, aby zg\u0142osi\u0142a kandydatur\u0119 Carignan. Pono\u0107 francuski prezydent Emmanuel Macron &#8222;chce zirytowa\u0107 rz\u0105d federalny&#8221;, bo &#8222;uwa\u017ca, \u017ce ma ku temu wiele powod\u00f3w&#8221; \u2014 s\u0142yszymy na korytarzach w Brukseli. Carignan nie ma szans na zwyci\u0119stwo. Jednak gdyby przegra\u0142a lub wycofa\u0142a swoj\u0105 kandydatur\u0119 tu\u017c przed wyborami, Kanada mog\u0142aby liczy\u0107 na inne lukratywne stanowisko w sojuszu \u2014 twierdz\u0105 dyplomaci.<\/p>\n","protected":false},"excerpt":{"rendered":"Zamieszanie zwi\u0105zane z pozornie arbitralnymi o\u015bwiadczeniami Trumpa dotycz\u0105cymi przemieszcze\u0144 wojsk coraz bardziej irytuje partner\u00f3w z NATO. &#8222;To rzeczywi\u015bcie&hellip;\n","protected":false},"author":2,"featured_media":447864,"comment_status":"","ping_status":"","sticky":false,"template":"","format":"standard","meta":{"footnotes":"","_share_on_mastodon":"0"},"categories":[12],"tags":[56,61195,44,189,5190,48,160,46,42,38,40,39,41,47,80],"class_list":["post-447863","post","type-post","status-publish","format-standard","has-post-thumbnail","category-polska","tag-article_premium","tag-bottomfeed_styl","tag-donald_trump","tag-europa","tag-marco_rubio","tag-nat_styl","tag-nato","tag-omp","tag-pl","tag-poland","tag-polish","tag-polska","tag-polski","tag-screening_general","tag-swiat"],"share_on_mastodon":{"url":"https:\/\/pubeurope.com\/@pl\/116623222011931427","error":""},"_links":{"self":[{"href":"https:\/\/www.europesays.com\/pl\/wp-json\/wp\/v2\/posts\/447863","targetHints":{"allow":["GET"]}}],"collection":[{"href":"https:\/\/www.europesays.com\/pl\/wp-json\/wp\/v2\/posts"}],"about":[{"href":"https:\/\/www.europesays.com\/pl\/wp-json\/wp\/v2\/types\/post"}],"author":[{"embeddable":true,"href":"https:\/\/www.europesays.com\/pl\/wp-json\/wp\/v2\/users\/2"}],"replies":[{"embeddable":true,"href":"https:\/\/www.europesays.com\/pl\/wp-json\/wp\/v2\/comments?post=447863"}],"version-history":[{"count":0,"href":"https:\/\/www.europesays.com\/pl\/wp-json\/wp\/v2\/posts\/447863\/revisions"}],"wp:featuredmedia":[{"embeddable":true,"href":"https:\/\/www.europesays.com\/pl\/wp-json\/wp\/v2\/media\/447864"}],"wp:attachment":[{"href":"https:\/\/www.europesays.com\/pl\/wp-json\/wp\/v2\/media?parent=447863"}],"wp:term":[{"taxonomy":"category","embeddable":true,"href":"https:\/\/www.europesays.com\/pl\/wp-json\/wp\/v2\/categories?post=447863"},{"taxonomy":"post_tag","embeddable":true,"href":"https:\/\/www.europesays.com\/pl\/wp-json\/wp\/v2\/tags?post=447863"}],"curies":[{"name":"wp","href":"https:\/\/api.w.org\/{rel}","templated":true}]}}