{"id":448055,"date":"2026-05-23T11:51:09","date_gmt":"2026-05-23T11:51:09","guid":{"rendered":"https:\/\/www.europesays.com\/pl\/448055\/"},"modified":"2026-05-23T11:51:09","modified_gmt":"2026-05-23T11:51:09","slug":"brutalny-atak-na-gwiazde-w-jego-wlasnym-domu","status":"publish","type":"post","link":"https:\/\/www.europesays.com\/pl\/448055\/","title":{"rendered":"Brutalny atak na gwiazd\u0119 w jego w\u0142asnym domu"},"content":{"rendered":"<p>W wyniku ataku 71-letni Prost zosta\u0142 okradziony, broni\u0105c si\u0119 dozna\u0142 urazu g\u0142owy i musia\u0142 by\u0107 hospitalizowany. Warto\u015b\u0107 \u0142upu nie zosta\u0142a przez policj\u0119 ujawniona, ale uwa\u017ca si\u0119, \u017ce by\u0142a bardzo wysoka.<\/p>\n<p> Dalszy ci\u0105g artyku\u0142u pod materia\u0142em wideo Mistrz \u015bwiata F1 zaatakowany w domu <\/p>\n<p>Prost jest czterokrotnym mistrzem \u015bwiata Formu\u0142y 1. W barwach McLarena triumfowa\u0142 w latach 1985, 1986 i 1989, czwarty tytu\u0142 w 1993 wywalczy\u0142 jako kierowca Williamsa.<\/p>\n<p>Rodzina nie wyda\u0142a dotychczas oficjalnego o\u015bwiadczenia, ale zdarzenie mia\u0142o podobno na nich bardzo silny wp\u0142yw emocjonalny. Na tyle silny, \u017ce wymaga\u0142o interwencji zespo\u0142u wsparcia.<\/p>\n<p>Poszukiwania sprawc\u00f3w prowadzone przez szwajcarsk\u0105 policj\u0119, obejmuj\u0105ce punkty kontrolne i kontrole na g\u0142\u00f3wnych drogach, dotychczas nie doprowadzi\u0142y do zatrzymania sprawc\u00f3w, kt\u00f3rzy wed\u0142ug \u015bledczych uciekli do Francji.<\/p>\n<p>Nieoficjalnie m\u00f3wi si\u0119, \u017ce Prost ju\u017c wr\u00f3ci\u0142 do Dubaju, gdzie mieszka przez wi\u0119kszo\u015b\u0107 roku.<\/p>\n<p>W regionie Jeziora Genewskiego ro\u015bnie liczba napad\u00f3w rabunkowych na wille milioner\u00f3w. Tylko w 2025 r. odnotowano 18 takich przypadk\u00f3w.<\/p>\n","protected":false},"excerpt":{"rendered":"W wyniku ataku 71-letni Prost zosta\u0142 okradziony, broni\u0105c si\u0119 dozna\u0142 urazu g\u0142owy i musia\u0142 by\u0107 hospitalizowany. Warto\u015b\u0107 \u0142upu&hellip;\n","protected":false},"author":2,"featured_media":448056,"comment_status":"","ping_status":"","sticky":false,"template":"","format":"standard","meta":{"footnotes":"","_share_on_mastodon":"0"},"categories":[52122],"tags":[84905,61195,2858,2857,48,46,6010,752,42,38,40,39,41,47],"class_list":["post-448055","post","type-post","status-publish","format-standard","has-post-thumbnail","category-pko-bank-polski","tag-alain_prost","tag-bottomfeed_styl","tag-f1","tag-formula_1","tag-nat_styl","tag-omp","tag-pko-bank-polski","tag-pko-bp","tag-pl","tag-poland","tag-polish","tag-polska","tag-polski","tag-screening_general"],"share_on_mastodon":{"url":"https:\/\/pubeurope.com\/@pl\/116623748983560709","error":""},"_links":{"self":[{"href":"https:\/\/www.europesays.com\/pl\/wp-json\/wp\/v2\/posts\/448055","targetHints":{"allow":["GET"]}}],"collection":[{"href":"https:\/\/www.europesays.com\/pl\/wp-json\/wp\/v2\/posts"}],"about":[{"href":"https:\/\/www.europesays.com\/pl\/wp-json\/wp\/v2\/types\/post"}],"author":[{"embeddable":true,"href":"https:\/\/www.europesays.com\/pl\/wp-json\/wp\/v2\/users\/2"}],"replies":[{"embeddable":true,"href":"https:\/\/www.europesays.com\/pl\/wp-json\/wp\/v2\/comments?post=448055"}],"version-history":[{"count":0,"href":"https:\/\/www.europesays.com\/pl\/wp-json\/wp\/v2\/posts\/448055\/revisions"}],"wp:featuredmedia":[{"embeddable":true,"href":"https:\/\/www.europesays.com\/pl\/wp-json\/wp\/v2\/media\/448056"}],"wp:attachment":[{"href":"https:\/\/www.europesays.com\/pl\/wp-json\/wp\/v2\/media?parent=448055"}],"wp:term":[{"taxonomy":"category","embeddable":true,"href":"https:\/\/www.europesays.com\/pl\/wp-json\/wp\/v2\/categories?post=448055"},{"taxonomy":"post_tag","embeddable":true,"href":"https:\/\/www.europesays.com\/pl\/wp-json\/wp\/v2\/tags?post=448055"}],"curies":[{"name":"wp","href":"https:\/\/api.w.org\/{rel}","templated":true}]}}