{"id":448142,"date":"2026-05-23T12:50:12","date_gmt":"2026-05-23T12:50:12","guid":{"rendered":"https:\/\/www.europesays.com\/pl\/448142\/"},"modified":"2026-05-23T12:50:12","modified_gmt":"2026-05-23T12:50:12","slug":"jeszcze-zaledwie-szesc-dni-trwa-nabor-do-nowego-programu-orlen-wiecej-ciepla-publikujemy-przydatny-link","status":"publish","type":"post","link":"https:\/\/www.europesays.com\/pl\/448142\/","title":{"rendered":"Jeszcze zaledwie sze\u015b\u0107 dni. Trwa nab\u00f3r do nowego programu &#8222;ORLEN Wi\u0119cej ciep\u0142a&#8221;. Publikujemy przydatny link&#8230;"},"content":{"rendered":"<p class=\"v1MsoNormal\" style=\"text-align: justify;\">Do 30 maja trwa nab\u00f3r do nowego og\u00f3lnopolskiego programu grantowego Fundacji ORLEN dla Pomorza \u2013 \u201eORLEN Wi\u0119cej ciep\u0142a\u201d. Program jest skierowany do organizacji i instytucji wspieraj\u0105cych grupy szczeg\u00f3lnie wra\u017cliwe, w tym senior\u00f3w, dzieci oraz osoby z niepe\u0142nosprawno\u015bciami i ich opiekun\u00f3w. Na realizacj\u0119 projekt\u00f3w przeznaczono 6 mln z\u0142. P\u0142occzanie oraz mieszka\u0144cy regionu p\u0142ockiego, r\u00f3wnie\u017c mog\u0105 ubiega\u0107 si\u0119 o granty. <\/p>\n<p style=\"text-align: justify;\"><img fetchpriority=\"high\" decoding=\"async\" class=\" wp-image-368779 alignleft\" src=\"https:\/\/www.europesays.com\/pl\/wp-content\/uploads\/2026\/05\/ORLEN_WiecejCiepla-Medium-240x300.jpg\" alt=\"\" width=\"263\" height=\"329\"  \/>\u015arodki finansowe mo\u017cna pozyska\u0107 na zaj\u0119cia edukacyjne, warsztaty artystyczne i kulturalne, dzia\u0142ania mi\u0119dzypokoleniowe, kluby seniora, aktywno\u015bci prozdrowotne i rehabilitacyjne oraz modernizacj\u0119 infrastruktury, w tym remonty i doposa\u017cenie plac\u00f3wek, dostosowanie budynk\u00f3w do potrzeb os\u00f3b z niepe\u0142nosprawno\u015bciami oraz popraw\u0119 efektywno\u015bci energetycznej poprzez termomodernizacj\u0119. \u2013 Program jest og\u00f3lnopolski \u2013 mimo, \u017ce realizujemy go przez Fundacj\u0119 ORLEN dla Pomorza \u2013 mog\u0105 z niego skorzysta\u0107 organizacje pozarz\u0105dowe, sp\u00f3\u0142dzielnie socjalne, samodzielne publiczne zak\u0142ady opieki zdrowotnej oraz jednostki samorz\u0105du terytorialnego wraz z podleg\u0142ymi im jednostkami z ca\u0142ej Polski \u2013 wyja\u015bnia biuro prasowe Orlenu.<\/p>\n<p style=\"text-align: justify;\">Program odpowiada na potrzeby lokalnych spo\u0142eczno\u015bci oraz instytucji, kt\u00f3re realizuj\u0105 dzia\u0142ania spo\u0142eczne w obiektach wymagaj\u0105cych modernizacji, a korzystanie z nich po\u0142\u0105czone jest cz\u0119sto z wysokimi kosztami utrzymania. \u201eORLEN Wi\u0119cej ciep\u0142a\u201d \u0142\u0105czy wsparcie spo\u0142eczne z popraw\u0105 warunk\u00f3w infrastrukturalnych, w jakich \u015bwiadczona jest pomoc.<\/p>\n<p class=\"v1MsoNormal\" style=\"text-align: justify;\">\u2013 Program \u201eORLEN Wi\u0119cej ciep\u0142a\u201d \u0142\u0105czy dwa wa\u017cne wymiary wsparcia \u2013 spo\u0142eczny i infrastrukturalny. Zale\u017cy nam na tym, aby osoby z grup szczeg\u00f3lnie wra\u017cliwych mia\u0142y dost\u0119p nie tylko do warto\u015bciowych dzia\u0142a\u0144 i zaj\u0119\u0107, ale tak\u017ce do miejsc, kt\u00f3re s\u0105 bezpieczne, dost\u0119pne i dobrze dostosowane do ich potrzeb. Chcemy wspiera\u0107 inicjatywy wzmacniaj\u0105ce lokalne wi\u0119zi i integracj\u0119 mi\u0119dzypokoleniow\u0105 \u2013 szczeg\u00f3lnie tam, gdzie Orlen prowadzi swoj\u0105 dzia\u0142alno\u015b\u0107 i czuje si\u0119 wsp\u00f3\u0142odpowiedzialny za jako\u015b\u0107 \u017cycia mieszka\u0144c\u00f3w \u2013 podkre\u015bla Jacek Mazurczak, dyrektor Biura Relacji z Otoczeniem w Orlen.<\/p>\n<p class=\"v1MsoNormal\" style=\"text-align: justify;\">Koncern w oparciu o konsultacje spo\u0142eczne z udzia\u0142em lokalnych \u015brodowisk, samorz\u0105d\u00f3w i organizacji spo\u0142ecznych, wyznaczy\u0142 dwa obszary wsparcia. Pierwszy dotyczy projekt\u00f3w spo\u0142ecznych, takich jak zaj\u0119cia edukacyjne, warsztaty artystyczne i kulturalne, dzia\u0142ania mi\u0119dzypokoleniowe, kluby seniora oraz aktywno\u015bci prozdrowotne i rehabilitacyjne. Drugi obszar obejmuje modernizacj\u0119 infrastruktury, w tym remonty i doposa\u017cenie plac\u00f3wek, dostosowanie budynk\u00f3w do potrzeb os\u00f3b z niepe\u0142nosprawno\u015bciami oraz popraw\u0119 efektywno\u015bci energetycznej poprzez termomodernizacj\u0119.<\/p>\n<p class=\"v1MsoNormal\" style=\"text-align: justify;\">Nab\u00f3r wniosk\u00f3w trwa do 30 maja 2026 roku. O granty mog\u0105 ubiega\u0107 si\u0119 organizacje pozarz\u0105dowe, sp\u00f3\u0142dzielnie socjalne, samodzielne publiczne zak\u0142ady opieki zdrowotnej oraz jednostki samorz\u0105du terytorialnego wraz z podleg\u0142ymi im jednostkami. Maksymalna warto\u015b\u0107 grantu wynosi 100 tys. z\u0142 dla projekt\u00f3w spo\u0142ecznych oraz 500 tys. z\u0142 dla projekt\u00f3w \u0142\u0105cz\u0105cych dzia\u0142ania spo\u0142eczne z inwestycjami infrastrukturalnymi.<\/p>\n<p class=\"v1MsoNormal\" style=\"text-align: justify;\">Lista beneficjent\u00f3w zostanie og\u0142oszona do 31 sierpnia 2026 roku. Maksymalny okres realizacji projekt\u00f3w wynosi 24 miesi\u0105ce. Wnioski mo\u017cna sk\u0142ada\u0107 za po\u015brednictwem generatora dost\u0119pnego na stronie internetowej\u00a0<a style=\"color: #0000ff;\" href=\"https:\/\/mail1.link.orlennews.pl\/k3\/6148\/q3\/3omm\/be467ae1d1fc1\/4FlLwI7y\" target=\"_blank\" rel=\"noopener noreferrer nofollow\">Fundacji ORLEN dla Pomorza<\/a>.<\/p>\n<p class=\"v1MsoNormal\" style=\"text-align: justify;\">Program \u201eORLEN Wi\u0119cej ciep\u0142a\u201d obj\u0119ty jest honorowym patronatem Ministra Rodziny, Pracy i Polityki Spo\u0142ecznej.<\/p>\n<p>\u0179r\u00f3d\u0142o i fot: Orlen<\/p>\n","protected":false},"excerpt":{"rendered":"Do 30 maja trwa nab\u00f3r do nowego og\u00f3lnopolskiego programu grantowego Fundacji ORLEN dla Pomorza \u2013 \u201eORLEN Wi\u0119cej ciep\u0142a\u201d.&hellip;\n","protected":false},"author":2,"featured_media":448143,"comment_status":"","ping_status":"","sticky":false,"template":"","format":"standard","meta":{"footnotes":"","_share_on_mastodon":"0"},"categories":[52097],"tags":[84924,54800,66930,774,42,38,40,39,41,47383],"class_list":["post-448142","post","type-post","status-publish","format-standard","has-post-thumbnail","category-orlen","tag-dofinasowanie","tag-fundacja-orlen-dla-pomorza","tag-granty","tag-orlen","tag-pl","tag-poland","tag-polish","tag-polska","tag-polski","tag-projekty"],"share_on_mastodon":{"url":"https:\/\/pubeurope.com\/@pl\/116623981720553443","error":""},"_links":{"self":[{"href":"https:\/\/www.europesays.com\/pl\/wp-json\/wp\/v2\/posts\/448142","targetHints":{"allow":["GET"]}}],"collection":[{"href":"https:\/\/www.europesays.com\/pl\/wp-json\/wp\/v2\/posts"}],"about":[{"href":"https:\/\/www.europesays.com\/pl\/wp-json\/wp\/v2\/types\/post"}],"author":[{"embeddable":true,"href":"https:\/\/www.europesays.com\/pl\/wp-json\/wp\/v2\/users\/2"}],"replies":[{"embeddable":true,"href":"https:\/\/www.europesays.com\/pl\/wp-json\/wp\/v2\/comments?post=448142"}],"version-history":[{"count":0,"href":"https:\/\/www.europesays.com\/pl\/wp-json\/wp\/v2\/posts\/448142\/revisions"}],"wp:featuredmedia":[{"embeddable":true,"href":"https:\/\/www.europesays.com\/pl\/wp-json\/wp\/v2\/media\/448143"}],"wp:attachment":[{"href":"https:\/\/www.europesays.com\/pl\/wp-json\/wp\/v2\/media?parent=448142"}],"wp:term":[{"taxonomy":"category","embeddable":true,"href":"https:\/\/www.europesays.com\/pl\/wp-json\/wp\/v2\/categories?post=448142"},{"taxonomy":"post_tag","embeddable":true,"href":"https:\/\/www.europesays.com\/pl\/wp-json\/wp\/v2\/tags?post=448142"}],"curies":[{"name":"wp","href":"https:\/\/api.w.org\/{rel}","templated":true}]}}