{"id":448250,"date":"2026-05-23T14:05:10","date_gmt":"2026-05-23T14:05:10","guid":{"rendered":"https:\/\/www.europesays.com\/pl\/448250\/"},"modified":"2026-05-23T14:05:10","modified_gmt":"2026-05-23T14:05:10","slug":"reprezentacja-polski-socca-pokonala-gruzje-i-awansowala-do-cwiercfinalu-me-sport-tvp-pl","status":"publish","type":"post","link":"https:\/\/www.europesays.com\/pl\/448250\/","title":{"rendered":"Reprezentacja Polski socca pokona\u0142a Gruzj\u0119 i awansowa\u0142a do \u0107wier\u0107fina\u0142u ME &#8211; sport.tvp.pl"},"content":{"rendered":"<ol>\n<li><a href=\"https:\/\/news.google.com\/rss\/articles\/CBMipwFBVV95cUxPdTR5dEdiSmxLVTBVbXhDWXllRlgzWFdkc1J3V0RTWDVkODRudHYyZGV4SGtBbldtWnNndnI2MERna0l2cktEb1RTU3JlSnQzQ2tsak9tSEw2YVpQR1BEQl94ZnUwU0diY0c2NVMwc2M0T016OWd2OWwtMnJvY1RuWW9CaHFlV0lOMkR0OTRqMEZFaUdNMWc3QlJ1Ni1fa3o1Mmd1NmtBZ9IBrAFBVV95cUxNMjJ6YWRib2RzR3FaNjE5RmxzY1FYVDIzQWlselBrNzNZWGItcFlnQkdDTy1MUWl6a0N1ODZTejlVUFpsOTFGOUZSZDVwaDRMZGVDdUprNjNJNlJqNVFDQjlTM09aWW1ueDU4eVFIaGxzQnVqc2tDQWNPd3hUekFqeDFWX25sN1VvcUtlb3hnbGk0cVYwcEdreXZmMEswa1FKTnp5NFNENmktV0Jj?oc=5\" target=\"_blank\" rel=\"nofollow noopener\">Reprezentacja Polski socca pokona\u0142a Gruzj\u0119 i awansowa\u0142a do \u0107wier\u0107fina\u0142u ME<\/a>&nbsp;&nbsp;sport.tvp.pl<\/li>\n<li><a href=\"https:\/\/news.google.com\/rss\/articles\/CBMitgFBVV95cUxNM2pkZ044SmVpSUMzS3dFWGRnX0dfQjZLczdRRnNaalhYakJ0WW5QTm5BaFp3UXZJSDVHVHpFOTM5Y2U5ODAyci0yMW4yM3JhajNsQ0FheEVTams1QmJZTWZjXzNSZS15VUJxVWU3a3Z3RTBkT2JEMTlmX0RITFRjVDFpYnJqZDdhRWo0TnQzR2FUNTlJblNUUlFuU0dBNWJQeGRLdWFXdDhTSFB0TW5BTDRLdFBIdw?oc=5\" target=\"_blank\" rel=\"nofollow noopener\">Polacy graj\u0105 w mistrzostwach Europy. Mecz z Bu\u0142gari\u0105 NA \u017bYWO<\/a>&nbsp;&nbsp;SportoweFakty<\/li>\n<li><a href=\"https:\/\/news.google.com\/rss\/articles\/CBMirgFBVV95cUxQSXd3S3JJR2hpbWdkdUx4clBBQU5QZGh6YjBXOVBtdVBBWlp4MEF1cDd4cVg5WS1seUxmZmxjVnhOeWFUREhxc3hJN1l0ZHlGQnVlTV9xNFFMbzBiZWJ0c21LdnpQYkdKek4tU01xYnpERUJ3ZVdvVjlHLTZRM2NkWDNtM3Z4YkFlckFYWkdhaVhwVmRQeVZQejZ5MWhPZGNnNjFtWXFPRWZoekJFYUE?oc=5\" target=\"_blank\" rel=\"nofollow noopener\">Gdzie obejrze\u0107 mecz Polska &#8211; Bu\u0142garia?<\/a>&nbsp;&nbsp;www.polsatsport.pl<\/li>\n<li><a href=\"https:\/\/news.google.com\/rss\/articles\/CBMirgFBVV95cUxNMGx5bGJOOENSdEVCVF9fZmN0WkJiai1BRUIyenlVZFRJXzhuWUIxZlhCRUdfVngxNWs3XzJqNGtIdlBrOVhhcnNIQVRZS3FWejNjT3ZBVkFzY1ExcGxrYUdmcnRoSnNtTmFlcHRSRDF4OEFIdWR4SmpUTnY5UkpDRnRrellMdmw4NmNvZmd6bnhzRF9RUTAxQTlmeGlwQ1FMb21reXJ3Xzlpd3M3WUE?oc=5\" target=\"_blank\" rel=\"nofollow noopener\">Demolka w wykonaniu Polak\u00f3w na ME! Komplet punkt\u00f3w i awans do 1\/8 fina\u0142u<\/a>&nbsp;&nbsp;Sport.pl<\/li>\n<li><a href=\"https:\/\/news.google.com\/rss\/articles\/CBMi0AFBVV95cUxNeXNURkxIWlFOaGlsN1U4dkItQlRVYjM2alpVb1lTQUhfSUxYT1lld1BQck9ZczlRUno5ZjVuaVpOR3ZqVEVmSUxyY3loaHZlb1JNMXF1dkpDazUyYkZDREJXQmFjUHJiTFA0am13eTVja0x6Z1JUODNlZUJXUVFKT3dLaFpwMGlzeHpZTjNwcV9fYWJBdTZuNktMM1FTcWNfckl0SUNycmkwZVpoZHlsek1URTRDc1lmOHNwd2JOcmpYTzIwUno0SmtJT1JWS1h5?oc=5\" target=\"_blank\" rel=\"nofollow noopener\">Polacy niepokonani na Euro. Koncert trwa, pi\u0119\u0107 goli w walce o \u0107wier\u0107fina\u0142<\/a>&nbsp;&nbsp;Interia Sport<\/li>\n<\/ol>\n","protected":false},"excerpt":{"rendered":"Reprezentacja Polski socca pokona\u0142a Gruzj\u0119 i awansowa\u0142a do \u0107wier\u0107fina\u0142u ME&nbsp;&nbsp;sport.tvp.pl Polacy graj\u0105 w mistrzostwach Europy. Mecz z Bu\u0142gari\u0105&hellip;\n","protected":false},"author":2,"featured_media":448251,"comment_status":"","ping_status":"","sticky":false,"template":"","format":"standard","meta":{"footnotes":"","_share_on_mastodon":"0"},"categories":[24],"tags":[9667,84927,42,38,40,39,41,127,334,126],"class_list":["post-448250","post","type-post","status-publish","format-standard","has-post-thumbnail","category-sport","tag-gruzja","tag-me-socca","tag-pl","tag-poland","tag-polish","tag-polska","tag-polski","tag-sport","tag-sport-tvp-pl","tag-sports"],"share_on_mastodon":{"url":"https:\/\/pubeurope.com\/@pl\/116624275920176324","error":""},"_links":{"self":[{"href":"https:\/\/www.europesays.com\/pl\/wp-json\/wp\/v2\/posts\/448250","targetHints":{"allow":["GET"]}}],"collection":[{"href":"https:\/\/www.europesays.com\/pl\/wp-json\/wp\/v2\/posts"}],"about":[{"href":"https:\/\/www.europesays.com\/pl\/wp-json\/wp\/v2\/types\/post"}],"author":[{"embeddable":true,"href":"https:\/\/www.europesays.com\/pl\/wp-json\/wp\/v2\/users\/2"}],"replies":[{"embeddable":true,"href":"https:\/\/www.europesays.com\/pl\/wp-json\/wp\/v2\/comments?post=448250"}],"version-history":[{"count":0,"href":"https:\/\/www.europesays.com\/pl\/wp-json\/wp\/v2\/posts\/448250\/revisions"}],"wp:featuredmedia":[{"embeddable":true,"href":"https:\/\/www.europesays.com\/pl\/wp-json\/wp\/v2\/media\/448251"}],"wp:attachment":[{"href":"https:\/\/www.europesays.com\/pl\/wp-json\/wp\/v2\/media?parent=448250"}],"wp:term":[{"taxonomy":"category","embeddable":true,"href":"https:\/\/www.europesays.com\/pl\/wp-json\/wp\/v2\/categories?post=448250"},{"taxonomy":"post_tag","embeddable":true,"href":"https:\/\/www.europesays.com\/pl\/wp-json\/wp\/v2\/tags?post=448250"}],"curies":[{"name":"wp","href":"https:\/\/api.w.org\/{rel}","templated":true}]}}