{"id":448514,"date":"2026-05-23T17:05:10","date_gmt":"2026-05-23T17:05:10","guid":{"rendered":"https:\/\/www.europesays.com\/pl\/448514\/"},"modified":"2026-05-23T17:05:10","modified_gmt":"2026-05-23T17:05:10","slug":"przelom-na-linii-usa-iran-marco-rubio-zabral-glos-moze-jeszcze-dzis","status":"publish","type":"post","link":"https:\/\/www.europesays.com\/pl\/448514\/","title":{"rendered":"Prze\u0142om na linii USA-Iran? Marco Rubio zabra\u0142 g\u0142os. &#8222;Mo\u017ce jeszcze dzi\u015b&#8221;"},"content":{"rendered":"<p>Sekretarz Stanu USA Marco Rubio przebywa z wizyt\u0105 w Indiach. W rozmowie z dziennikarzami oceni\u0142, \u017ce jest szansa na przyj\u0119cie przez Iran porozumienia ko\u0144cz\u0105cego wojn\u0119 mo\u017ce nawet jeszcze w sobot\u0119. Z kolei rzecznik ira\u0144skiego MSZ Esmail Baghai przekaza\u0142 w pa\u0144stwowej telewizji, \u017ce Teheran finalizuje protok\u00f3\u0142 umowy z USA.<\/p>\n<p> Dalszy ci\u0105g artyku\u0142u pod materia\u0142em wideo Prze\u0142om na linii USA-Iran? Teheran reaguje<\/p>\n<p>Esmail Baghai, cytowany przez AFP, poda\u0142, \u017ce Teheran jest w fazie finalizacji protoko\u0142u porozumienia z USA. Agencja podaje, \u017ce w ira\u0144skiej telewizji pa\u0144stwowej Baghai powiedzia\u0142, i\u017c Teheran &#8222;najpierw chcia\u0142 spisa\u0107 protok\u00f3\u0142 porozumienia (&#8230;) sk\u0142adaj\u0105cy si\u0119 z 14 klauzul&#8221;. Doda\u0142, \u017ce w negocjacjach ze stron\u0105 ameryka\u0144sk\u0105 pojawi\u0142a si\u0119 &#8222;tendencja d\u0105\u017c\u0105ca do zbli\u017cenia&#8221;.<\/p>\n<p>Ponadto rzecznik MSZ zaznaczy\u0142, \u017ce kwestia rozwoju przez Iran broni nuklearnej nie wchodzi obecnie w sk\u0142ad porozumienia z USA. Przedstawiciele Stan\u00f3w Zjednoczonych wielokrotnie argumentowali, \u017ce atak na Iran by\u0142 konieczny, poniewa\u017c Teheran by\u0142 bliski uzyskania takiej broni. Baghai podkre\u015bli\u0142, \u017ce cz\u0119\u015bci\u0105 porozumienia ma by\u0107 zako\u0144czenie przez si\u0142y USA blokady cie\u015bniny Ormuz.<\/p>\n<p>B\u0119dzie prze\u0142om w rozmowach USA z Iranem?     <\/p>\n<p>Zdaniem dziennika &#8222;Financial Times&#8221;, powo\u0142uj\u0105cego si\u0119 na osoby zapoznane z rozmowami na najwy\u017cszym szczeblu, strony konfliktu s\u0105 bliskie osi\u0105gni\u0119cia porozumienia przed\u0142u\u017caj\u0105cego o 60 dni zawieszenie broni. W ramach tej umowy ira\u0144skie w\u0142adze maj\u0105 stopniowo zacz\u0105\u0107 otwiera\u0107 cie\u015bnin\u0119 Ormuz, ale te\u017c zobowi\u0105za\u0107 si\u0119 do podj\u0119cia rozm\u00f3w na temat rozcie\u0144czenia lub przekazania ira\u0144skich zapas\u00f3w wysoko wzbogaconego uranu.<\/p>\n<p>Z drugiej strony USA maj\u0105 tak\u017ce zwolni\u0107 swoj\u0105 blokad\u0119 cie\u015bniny, rozlu\u017ani\u0107 re\u017cim sankcyjny i cz\u0119\u015bciowo odblokowa\u0107 zamro\u017cone ira\u0144skie \u015brodki.<\/p>\n<p>Wed\u0142ug gazety mediatorzy maj\u0105 nadziej\u0119, \u017ce protok\u00f3\u0142 porozumienia powstrzyma prezydenta USA Donalda Trumpa przed wznowieniem atak\u00f3w na Iran.<\/p>\n<p>Szyicka organizacja Hezbollah, dzia\u0142aj\u0105ca w Libanie ze wsparciem Teheranu i realizuj\u0105ca polityk\u0119 ajatollah\u00f3w, stwierdzi\u0142a w sobotnim komunikacie, \u017ce w ira\u0144skiej propozycji porozumienia z USA zawarto tak\u017ce kwesti\u0119 pokoju w Libanie. Ponadto przekaza\u0142a, \u017ce w wiadomo\u015bci skierowanej do niej szef MSZ Iranu Abbas Aragczi zapewni\u0142, \u017ce Teheran b\u0119dzie dalej wspiera\u0142 Hezbollah.<\/p>\n<p>Okre\u015blany jako g\u0142\u00f3wny ira\u0144ski negocjator i przewodnicz\u0105cy parlamentu Mohammad Bagher Ghalibaf, wed\u0142ug dziennika &#8222;L&#8217;Orient-le-Jour&#8221;, obieca\u0142, \u017ce w razie wznowienia atak\u00f3w przez USA odpowied\u017a Iranu &#8222;b\u0119dzie mia\u017cd\u017c\u0105ca&#8221;. Ghalibaf spotka\u0142 si\u0119 wcze\u015bniej w sobot\u0119 w Teheranie z dow\u00f3dc\u0105 pakista\u0144skiej armii marsza\u0142kiem polowym Asimem Munirem, kt\u00f3ry pe\u0142ni rol\u0119 mediatora w tym konflikcie. Zapewni\u0142, \u017ce Iran zdo\u0142a\u0142 odbudowa\u0107 swoje zdolno\u015bci militarne w czasie trwaj\u0105cego zawieszenie broni.<\/p>\n<p>Ghalibaf, wed\u0142ug &#8222;FT&#8221;, mia\u0142 te\u017c powiedzie\u0107, \u017ce mimo braku zaufania do USA widzi, i\u017c pogl\u0105dy obu stron zaczynaj\u0105 by\u0107 zbie\u017cne, &#8222;co mo\u017ce pozwoli\u0107 na osi\u0105gniecie porozumienia, kieruj\u0105c si\u0119 pewnymi parametrami, kt\u00f3re b\u0119dzie satysfakcjonuj\u0105ce dla obu stron&#8221;.<\/p>\n<p>Chocia\u017c od 8 kwietnia mi\u0119dzy USA a Iranem obowi\u0105zuje rozejm, kluczowa dla handlu rop\u0105 cie\u015bnina Ormuz pozostaje praktycznie zablokowana.<\/p>\n<p>Przed rozpocz\u0119ciem 28 lutego przez USA i Izrael wojny przeciwko Iranowi przez cie\u015bnin\u0119 Ormuz eksportowano oko\u0142o jednej pi\u0105tej \u015bwiatowej ropy naftowej i skroplonego gazu ziemnego (LNG).<\/p>\n","protected":false},"excerpt":{"rendered":"Sekretarz Stanu USA Marco Rubio przebywa z wizyt\u0105 w Indiach. W rozmowie z dziennikarzami oceni\u0142, \u017ce jest szansa&hellip;\n","protected":false},"author":2,"featured_media":448515,"comment_status":"","ping_status":"","sticky":false,"template":"","format":"standard","meta":{"footnotes":"","_share_on_mastodon":"0"},"categories":[14],"tags":[61195,32,33,44,27,663,34,35,5190,28,31,48,25,46,40,41,47,80,29,30,71,26,82,83,84],"class_list":["post-448514","post","type-post","status-publish","format-standard","has-post-thumbnail","category-swiat","tag-bottomfeed_styl","tag-breaking-news","tag-breakingnews","tag-donald_trump","tag-headlines","tag-iran","tag-latest-news","tag-latestnews","tag-marco_rubio","tag-naglowki","tag-najwazniejsze-artykuly","tag-nat_styl","tag-news","tag-omp","tag-polish","tag-polski","tag-screening_general","tag-swiat","tag-top-stories","tag-topstories","tag-usa","tag-wiadomosci","tag-world","tag-world-news","tag-worldnews"],"share_on_mastodon":{"url":"https:\/\/pubeurope.com\/@pl\/116624983605217747","error":""},"_links":{"self":[{"href":"https:\/\/www.europesays.com\/pl\/wp-json\/wp\/v2\/posts\/448514","targetHints":{"allow":["GET"]}}],"collection":[{"href":"https:\/\/www.europesays.com\/pl\/wp-json\/wp\/v2\/posts"}],"about":[{"href":"https:\/\/www.europesays.com\/pl\/wp-json\/wp\/v2\/types\/post"}],"author":[{"embeddable":true,"href":"https:\/\/www.europesays.com\/pl\/wp-json\/wp\/v2\/users\/2"}],"replies":[{"embeddable":true,"href":"https:\/\/www.europesays.com\/pl\/wp-json\/wp\/v2\/comments?post=448514"}],"version-history":[{"count":0,"href":"https:\/\/www.europesays.com\/pl\/wp-json\/wp\/v2\/posts\/448514\/revisions"}],"wp:featuredmedia":[{"embeddable":true,"href":"https:\/\/www.europesays.com\/pl\/wp-json\/wp\/v2\/media\/448515"}],"wp:attachment":[{"href":"https:\/\/www.europesays.com\/pl\/wp-json\/wp\/v2\/media?parent=448514"}],"wp:term":[{"taxonomy":"category","embeddable":true,"href":"https:\/\/www.europesays.com\/pl\/wp-json\/wp\/v2\/categories?post=448514"},{"taxonomy":"post_tag","embeddable":true,"href":"https:\/\/www.europesays.com\/pl\/wp-json\/wp\/v2\/tags?post=448514"}],"curies":[{"name":"wp","href":"https:\/\/api.w.org\/{rel}","templated":true}]}}