{"id":448697,"date":"2026-05-23T19:06:09","date_gmt":"2026-05-23T19:06:09","guid":{"rendered":"https:\/\/www.europesays.com\/pl\/448697\/"},"modified":"2026-05-23T19:06:09","modified_gmt":"2026-05-23T19:06:09","slug":"frekwencja-34-kolejki-pko-bp-ekstraklasy-cksport-pl-sport-kielce-korona-kielce","status":"publish","type":"post","link":"https:\/\/www.europesays.com\/pl\/448697\/","title":{"rendered":"Frekwencja 34. kolejki PKO BP Ekstraklasy &#8211; CKsport.pl &#8211; Sport Kielce | Korona Kielce"},"content":{"rendered":"<p>\u0141\u0105czna frekwencja podczas 34. kolejki PKO BP Ekstraklasy wynios\u0142a 178 030 widz\u00f3w. Na wszystkich stadionach odnotowano sold out!<\/p>\n<p>Fina\u0142owa seria gier przyci\u0105gn\u0119\u0142a na stadiony t\u0142umy, a bezkonkurencyjny pod wzgl\u0119dem frekwencji by\u0142 mecz w Poznaniu, gdzie starcie nowego-starego mistrza kraju Lecha z Wis\u0142\u0105 P\u0142ock obejrza\u0142o 41 529 kibic\u00f3w. Bardzo wysokie wyniki zanotowano tak\u017ce w Warszawie oraz Zabrzu \u2013 pojedynek Legii z Motorem Lublin zgromadzi\u0142 27 432 fan\u00f3w, natomiast mecz G\u00f3rnika z Radomiakiem Radom \u015bledzi\u0142o 26 777 widz\u00f3w.<\/p>\n<p>Wysok\u0105 frekwencj\u0105 mog\u0142y pochwali\u0107 si\u0119 r\u00f3wnie\u017c Szczecin (20 867 na meczu z GKS-em Katowice) oraz Bia\u0142ystok, gdzie starcie Jagiellonii z KGHM Zag\u0142\u0119biem Lubin przyci\u0105gn\u0119\u0142o 19 475 os\u00f3b.<\/p>\n<p>Ponad dziesi\u0119\u0107 tysi\u0119cy widz\u00f3w pojawi\u0142o si\u0119 tak\u017ce na trybunach w \u0141odzi (17 661 os\u00f3b na meczu Widzewa z Piastem Gliwice) oraz w Krakowie, gdzie rywalizacj\u0119 Cracovii z Koron\u0105 Kielce obejrza\u0142o 14 194 kibic\u00f3w.<\/p>\n<p>Najni\u017csze liczby w ostatniej kolejce sezonu odnotowano w Cz\u0119stochowie oraz Niecieczy. Spotkanie Rakowa z Ark\u0105 Gdynia zgromadzi\u0142o 5 500 widz\u00f3w, natomiast pojedynek Bruk-Bet Termaliki z Lechi\u0105 Gda\u0144sk przyci\u0105gn\u0105\u0142 na trybuny 4 595 fan\u00f3w.<\/p>\n<p>Frekwencja 34. kolejki PKO BP Ekstraklasy:<\/p>\n<p>Fot. Marcin Deszczka<\/p>\n<p><a href=\"https:\/\/dapkielce.pl\/\" target=\"_blank\" rel=\"noopener nofollow\"> <img decoding=\"async\" style=\"width: 100%; height: auto; display: block;\" src=\"https:\/\/www.europesays.com\/pl\/wp-content\/uploads\/2026\/05\/1779563168_405_dap_grafika.png\" alt=\"DAP Kielce Grafika\"\/> <\/a><\/p>\n<p>&#8212;&#8212;&#8212;&#8212;<br \/>\nDzi\u0119kujemy, \u017ce jeste\u015b z nami i wspierasz tw\u00f3rczo\u015b\u0107 dost\u0119pn\u0105 na CKsport.pl. Kliknij w link poni\u017cej i postaw naszej redakcji symboliczn\u0105 kaw\u0119.<\/p>\n<p><a href=\"https:\/\/buycoffee.to\/cksportpl\" target=\"_blank\" rel=\"noopener nofollow\"><img decoding=\"async\" style=\"width: 300px; display: block; margin-left: auto; margin-right: auto;\" src=\"https:\/\/buycoffee.to\/btn\/buycoffeeto-btn-primary.svg\" alt=\"Postaw mi kaw\u0119 na buycoffee.to\"\/><\/a><\/p>\n","protected":false},"excerpt":{"rendered":"\u0141\u0105czna frekwencja podczas 34. kolejki PKO BP Ekstraklasy wynios\u0142a 178 030 widz\u00f3w. Na wszystkich stadionach odnotowano sold out!&hellip;\n","protected":false},"author":2,"featured_media":448698,"comment_status":"","ping_status":"","sticky":false,"template":"","format":"standard","meta":{"footnotes":"","_share_on_mastodon":"0"},"categories":[52122],"tags":[3240,1747,2398,8050,2570,4979,2615,3548,2908,215,2308,713,3364,2810,6010,752,2573,42,61070,1111,38,40,39,41,2167,2369,4065,2614],"class_list":["post-448697","post","type-post","status-publish","format-standard","has-post-thumbnail","category-pko-bank-polski","tag-arka-gdynia","tag-bruk-bet-termalica-nieciecza","tag-cracovia","tag-frekwencja","tag-gks-katowice","tag-gornik-zabrze","tag-jagiellonia-bialystok","tag-kghm-zaglebie-lubin","tag-korona-kielce","tag-lech-poznan","tag-lechia-gdansk","tag-legia-warszawa","tag-motor-lublin","tag-piast-gliwice","tag-pko-bank-polski","tag-pko-bp","tag-pko-bp-ekstraklasa","tag-pl","tag-podsumowanie-kolejki","tag-pogon-szczecin","tag-poland","tag-polish","tag-polska","tag-polski","tag-radomiak-radom","tag-rakow-czestochowa","tag-widzew-lodz","tag-wisla-plock"],"share_on_mastodon":{"url":"https:\/\/pubeurope.com\/@pl\/116625460076416042","error":""},"_links":{"self":[{"href":"https:\/\/www.europesays.com\/pl\/wp-json\/wp\/v2\/posts\/448697","targetHints":{"allow":["GET"]}}],"collection":[{"href":"https:\/\/www.europesays.com\/pl\/wp-json\/wp\/v2\/posts"}],"about":[{"href":"https:\/\/www.europesays.com\/pl\/wp-json\/wp\/v2\/types\/post"}],"author":[{"embeddable":true,"href":"https:\/\/www.europesays.com\/pl\/wp-json\/wp\/v2\/users\/2"}],"replies":[{"embeddable":true,"href":"https:\/\/www.europesays.com\/pl\/wp-json\/wp\/v2\/comments?post=448697"}],"version-history":[{"count":0,"href":"https:\/\/www.europesays.com\/pl\/wp-json\/wp\/v2\/posts\/448697\/revisions"}],"wp:featuredmedia":[{"embeddable":true,"href":"https:\/\/www.europesays.com\/pl\/wp-json\/wp\/v2\/media\/448698"}],"wp:attachment":[{"href":"https:\/\/www.europesays.com\/pl\/wp-json\/wp\/v2\/media?parent=448697"}],"wp:term":[{"taxonomy":"category","embeddable":true,"href":"https:\/\/www.europesays.com\/pl\/wp-json\/wp\/v2\/categories?post=448697"},{"taxonomy":"post_tag","embeddable":true,"href":"https:\/\/www.europesays.com\/pl\/wp-json\/wp\/v2\/tags?post=448697"}],"curies":[{"name":"wp","href":"https:\/\/api.w.org\/{rel}","templated":true}]}}