{"id":448820,"date":"2026-05-23T20:23:10","date_gmt":"2026-05-23T20:23:10","guid":{"rendered":"https:\/\/www.europesays.com\/pl\/448820\/"},"modified":"2026-05-23T20:23:10","modified_gmt":"2026-05-23T20:23:10","slug":"sikorski-usa-moga-anulowac-wize-dla-ziobry","status":"publish","type":"post","link":"https:\/\/www.europesays.com\/pl\/448820\/","title":{"rendered":"Sikorski: USA mog\u0105 anulowa\u0107 wiz\u0119\u00a0dla Ziobry"},"content":{"rendered":"\n<p>&#13;<br \/>\nBy\u0142y minister sprawiedliwo\u015bci Zbigniew Ziobro, kt\u00f3remu prokuratura chce postawi\u0107 26 zarzut\u00f3w w\u00a0\u015bledztwie dotycz\u0105cym Funduszu Sprawiedliwo\u015bci, 10 maja og\u0142osi\u0142, \u017ce\u00a0jest w\u00a0Stanach Zjednoczonych. Wcze\u015bniej przez kilka miesi\u0119cy przebywa\u0142 na\u00a0W\u0119grzech, gdzie za\u00a0rz\u0105d\u00f3w premiera Viktora Orbana uzyska\u0142 azyl polityczny. &#13;\n<\/p>\n<p>&#13;<br \/>\nRzecznik prasowy Prokuratury Krajowej prok. Przemys\u0142aw Nowak potwierdzi\u0142 w\u00a0\u015brod\u0119 (20 maja) doniesienia medialne o\u00a0tym, \u017ce\u00a0by\u0142y minister sprawiedliwo\u015bci wylecia\u0142 do\u00a0USA z\u00a0Mediolanu, pos\u0142uguj\u0105c si\u0119 &#8222;wiz\u0105 cz\u0142onka zagranicznych medi\u00f3w&#8221;. &#13;\n<\/p>\n<p>&#13;<br \/>\nWcze\u015bniej agencja Reutera poda\u0142a, \u017ce\u00a0o\u00a0wydaniu <a href=\"https:\/\/dorzeczy.pl\/kraj\/888979\/reuters-ujawnia-kto-w-usa-zdecydowal-o-wydaniu-wizy-dla-ziobry.html\" rel=\"nofollow noopener\" target=\"_blank\">wizy dla\u00a0Ziobry<\/a> zdecydowa\u0142 zast\u0119pca sekretarza stanu USA Christopher Landau, kt\u00f3ry wydaj\u0105c polecenie urz\u0119dnikom, powo\u0142a\u0142 si\u0119 na\u00a0kwesti\u0119 bezpiecze\u0144stwa narodowego. Wed\u0142ug \u017ar\u00f3de\u0142 agencji, by\u0142a to\u00a0wiza dziennikarska. &#13;\n<\/p>\n<p>&#13;<br \/>\nZiobro w\u00a0USA zosta\u0142 komentatorem politycznym TV Republika. Ma\u00a0te\u017c pracowa\u0107 nad w\u0142asnym kana\u0142em na\u00a0YouTube. &#13;\n<\/p>\n<p>Sikorski: Ziobro nie\u00a0jest dziennikarzem. Kto da\u0142 mu list polecaj\u0105cy z\u00a0redakcji? <\/p>\n<p>&#13;<br \/>\nMinister spraw zagranicznych Rados\u0142aw Sikorski pytany w\u00a0sobot\u0119 (23 maja) w\u00a0TVN24, czy\u00a0Amerykanie mog\u0105 anulowa\u0107 wiz\u0119 dla\u00a0Zbigniewa Ziobry, odpowiedzia\u0142: &#8222;Oczywi\u015bcie, \u017ce\u00a0mog\u0105, tak samo jak my\u00a0by\u015bmy mogli&#8221;. &#13;\n<\/p>\n<p>&#13;<br \/>\n\u2013 \u017beby otrzyma\u0107 wiz\u0119 dziennikarsk\u0105, trzeba mie\u0107 list polecaj\u0105cy z\u00a0redakcji, stwierdzaj\u0105cy \u017ce\u00a0dana osoba podaj\u0105ca si\u0119 za\u00a0dziennikarza naprawd\u0119 nim jest. Wi\u0119c po\u00a0pierwsze powstaje pytanie, kto taki list polecaj\u0105cy Ziobrze, kt\u00f3ry dziennikarzem nie\u00a0jest, da\u0142 \u2013\u00a0oznajmi\u0142 Sikorski. &#13;\n<\/p>\n<p>&#13;<br \/>\n\u2013 Po\u00a0drugie, wizy to\u00a0s\u0105 suwerenne decyzje ka\u017cdego kraju, tym bardziej je\u015bli kto\u015b \u0142amie zasady jej przyznania. A\u00a0Ziobro, wiceprezes PiS-u, m\u00f3wi, \u017ce\u00a0b\u0119dzie dzia\u0142a\u0142 tam na\u00a0rzecz Polonii ameryka\u0144skiej, czy\u00a0je\u017adzi\u0142 z\u00a0tournee politycznym po\u00a0Stanach Zjednoczonych. To\u00a0nie jest dzia\u0142alno\u015b\u0107 dziennikarska \u2013\u00a0argumentowa\u0142 szef MSZ. &#13;\n<\/p>\n<p>&#13;<br \/>\nJak przekaza\u0142, Polska zwr\u00f3ci\u0142a si\u0119 do\u00a0W\u0119gier o\u00a0uniewa\u017cnienie dokument\u00f3w w\u0119gierskich, kt\u00f3rymi mo\u017ce pos\u0142ugiwa\u0107 si\u0119 Ziobro. &#13;\n<\/p>\n<p>&#13;<br \/>\nCzytaj te\u017c:<br \/><a href=\"https:\/\/dorzeczy.pl\/kraj\/891400\/demokraci-zadaja-wyjasnien-ws-ziobry-komentarz-kaczynskiego.html\" rel=\"follow nofollow noopener\" data-schema=\"DORZECZY\" data-image=\"https:\/\/img.dorzeczy.pl\/_thumb\/6a\/c0\/9905c673417fc788a77fba1c877e.jpeg\" target=\"_blank\">Demokraci \u017c\u0105daj\u0105 wyja\u015bnie\u0144 ws. Ziobry. Kaczy\u0144ski komentuje<\/a>&#13;<\/p>\n","protected":false},"excerpt":{"rendered":"&#13; By\u0142y minister sprawiedliwo\u015bci Zbigniew Ziobro, kt\u00f3remu prokuratura chce postawi\u0107 26 zarzut\u00f3w w\u00a0\u015bledztwie dotycz\u0105cym Funduszu Sprawiedliwo\u015bci, 10 maja&hellip;\n","protected":false},"author":2,"featured_media":448821,"comment_status":"","ping_status":"","sticky":false,"template":"","format":"standard","meta":{"footnotes":"","_share_on_mastodon":"0"},"categories":[12],"tags":[32,33,1347,14268,98,36,37,27,49,34,35,28,31,25,102,42,38,40,39,41,1316,29,30,71,26,3817],"class_list":["post-448820","post","type-post","status-publish","format-standard","has-post-thumbnail","category-polska","tag-breaking-news","tag-breakingnews","tag-damian-cygan","tag-dokumenty","tag-dorzeczy","tag-featured-news","tag-featurednews","tag-headlines","tag-kraj","tag-latest-news","tag-latestnews","tag-naglowki","tag-najwazniejsze-artykuly","tag-news","tag-opinie","tag-pl","tag-poland","tag-polish","tag-polska","tag-polski","tag-sikorski","tag-top-stories","tag-topstories","tag-usa","tag-wiadomosci","tag-ziobro"],"share_on_mastodon":{"url":"https:\/\/pubeurope.com\/@pl\/116625762255742257","error":""},"_links":{"self":[{"href":"https:\/\/www.europesays.com\/pl\/wp-json\/wp\/v2\/posts\/448820","targetHints":{"allow":["GET"]}}],"collection":[{"href":"https:\/\/www.europesays.com\/pl\/wp-json\/wp\/v2\/posts"}],"about":[{"href":"https:\/\/www.europesays.com\/pl\/wp-json\/wp\/v2\/types\/post"}],"author":[{"embeddable":true,"href":"https:\/\/www.europesays.com\/pl\/wp-json\/wp\/v2\/users\/2"}],"replies":[{"embeddable":true,"href":"https:\/\/www.europesays.com\/pl\/wp-json\/wp\/v2\/comments?post=448820"}],"version-history":[{"count":0,"href":"https:\/\/www.europesays.com\/pl\/wp-json\/wp\/v2\/posts\/448820\/revisions"}],"wp:featuredmedia":[{"embeddable":true,"href":"https:\/\/www.europesays.com\/pl\/wp-json\/wp\/v2\/media\/448821"}],"wp:attachment":[{"href":"https:\/\/www.europesays.com\/pl\/wp-json\/wp\/v2\/media?parent=448820"}],"wp:term":[{"taxonomy":"category","embeddable":true,"href":"https:\/\/www.europesays.com\/pl\/wp-json\/wp\/v2\/categories?post=448820"},{"taxonomy":"post_tag","embeddable":true,"href":"https:\/\/www.europesays.com\/pl\/wp-json\/wp\/v2\/tags?post=448820"}],"curies":[{"name":"wp","href":"https:\/\/api.w.org\/{rel}","templated":true}]}}