{"id":449060,"date":"2026-05-23T23:08:33","date_gmt":"2026-05-23T23:08:33","guid":{"rendered":"https:\/\/www.europesays.com\/pl\/449060\/"},"modified":"2026-05-23T23:08:33","modified_gmt":"2026-05-23T23:08:33","slug":"suzuki-boxing-night-41-juz-dzis-w-mielcu-znamy-godzinowy-plan-gali-polska-litwa-hej-mielec-pl","status":"publish","type":"post","link":"https:\/\/www.europesays.com\/pl\/449060\/","title":{"rendered":"Suzuki Boxing Night 41 ju\u017c dzi\u015b w Mielcu. Znamy godzinowy plan gali Polska \u2013 Litwa &#8211; HEJ.MIELEC.PL"},"content":{"rendered":"<p>            W sobot\u0119, 23 maja, w Mielcu odb\u0119dzie si\u0119 gala Suzuki Boxing Night 41, kt\u00f3rej g\u0142\u00f3wnym punktem b\u0119dzie mi\u0119dzypa\u0144stwowy mecz bokserski Polska \u2013 Litwa. Po pi\u0105tkowym wa\u017ceniu wszyscy zawodnicy zmie\u015bcili si\u0119 w limitach, a organizatorzy opublikowali szczeg\u00f3\u0142owy harmonogram wieczoru.<\/p>\n<p>Mielec dzi\u015b ponownie stanie si\u0119 stolic\u0105 pi\u0119\u015bciarstwa. W hali sportowej odb\u0119dzie si\u0119 Suzuki Boxing Night 41, podczas kt\u00f3rej reprezentacje Polski i Litwy zmierz\u0105 si\u0119 w serii pojedynk\u00f3w mi\u0119dzypa\u0144stwowych. Po oficjalnym wa\u017ceniu nie by\u0142o ju\u017c \u017cadnych formalno\u015bci \u2014 wszyscy zawodnicy s\u0105 gotowi do walki.<\/p>\n<p>Gala rozpocznie si\u0119 od pojedynk\u00f3w przedwalkowych. Ju\u017c o godz. 19:30 kibice zobacz\u0105 starcie Leonard Ko\u0142acz \u2013 Marcel Ka\u0142u\u017ca, a nast\u0119pnie kolejne walki: Norbert Parkosz \u2013 Jakub Surma, Micha\u0142 Przytula \u2013 Wiktor Siembab oraz Maciej Treli\u0144ski \u2013 Damian Skutnik. O godz. 20:30 przewidziano walk\u0119 Aleksander Sikora \u2013 Domantas Vilkas, kt\u00f3ra nie b\u0119dzie transmitowana przez TVP Sport.<\/p>\n<p>Uroczysta ceremonia rozpocz\u0119cia Suzuki Boxing Night 41 zaplanowana jest na godz. 21:00. Po niej rozpoczn\u0105 si\u0119 walki transmitowane na \u017cywo przez TVP Sport. W ringu zaprezentuj\u0105 si\u0119 m.in. Borys Szy\u0142yk-Kaczmarek, Kacper Frymus, Aneta Rygielska, Jakub Pa\u0142ka, Maciej Marchel, Agata Kaczmarska, Mateusz Urban, Mateusz Wojtasinski, Igor Rondo\u015b oraz Alexey Sevostyanov, kt\u00f3rzy zmierz\u0105 si\u0119 z reprezentantami Litwy.<\/p>\n<p>Organizatorzy podkre\u015blaj\u0105, \u017ce gala w Mielcu b\u0119dzie nie tylko sportowym widowiskiem, ale tak\u017ce wa\u017cnym etapem przygotowa\u0144 do kolejnych mi\u0119dzynarodowych start\u00f3w. Wczorajsze oficjalne wa\u017cenie potwierdzi\u0142o dobr\u0105 form\u0119 zawodnik\u00f3w i zapowiada emocjonuj\u0105ce starcia w ringu.<\/p>\n<p>Transmisja z wydarzenia rozpocznie si\u0119 dzi\u015b o godz. 21:00 na antenie TVP Sport.<\/p>\n","protected":false},"excerpt":{"rendered":"W sobot\u0119, 23 maja, w Mielcu odb\u0119dzie si\u0119 gala Suzuki Boxing Night 41, kt\u00f3rej g\u0142\u00f3wnym punktem b\u0119dzie mi\u0119dzypa\u0144stwowy&hellip;\n","protected":false},"author":2,"featured_media":449061,"comment_status":"","ping_status":"","sticky":false,"template":"","format":"standard","meta":{"footnotes":"","_share_on_mastodon":"0"},"categories":[12],"tags":[14432,42,38,40,39,41],"class_list":["post-449060","post","type-post","status-publish","format-standard","has-post-thumbnail","category-polska","tag-mielec","tag-pl","tag-poland","tag-polish","tag-polska","tag-polski"],"share_on_mastodon":{"url":"https:\/\/pubeurope.com\/@pl\/116626411045746844","error":""},"_links":{"self":[{"href":"https:\/\/www.europesays.com\/pl\/wp-json\/wp\/v2\/posts\/449060","targetHints":{"allow":["GET"]}}],"collection":[{"href":"https:\/\/www.europesays.com\/pl\/wp-json\/wp\/v2\/posts"}],"about":[{"href":"https:\/\/www.europesays.com\/pl\/wp-json\/wp\/v2\/types\/post"}],"author":[{"embeddable":true,"href":"https:\/\/www.europesays.com\/pl\/wp-json\/wp\/v2\/users\/2"}],"replies":[{"embeddable":true,"href":"https:\/\/www.europesays.com\/pl\/wp-json\/wp\/v2\/comments?post=449060"}],"version-history":[{"count":0,"href":"https:\/\/www.europesays.com\/pl\/wp-json\/wp\/v2\/posts\/449060\/revisions"}],"wp:featuredmedia":[{"embeddable":true,"href":"https:\/\/www.europesays.com\/pl\/wp-json\/wp\/v2\/media\/449061"}],"wp:attachment":[{"href":"https:\/\/www.europesays.com\/pl\/wp-json\/wp\/v2\/media?parent=449060"}],"wp:term":[{"taxonomy":"category","embeddable":true,"href":"https:\/\/www.europesays.com\/pl\/wp-json\/wp\/v2\/categories?post=449060"},{"taxonomy":"post_tag","embeddable":true,"href":"https:\/\/www.europesays.com\/pl\/wp-json\/wp\/v2\/tags?post=449060"}],"curies":[{"name":"wp","href":"https:\/\/api.w.org\/{rel}","templated":true}]}}