{"id":44961,"date":"2025-10-12T10:53:06","date_gmt":"2025-10-12T10:53:06","guid":{"rendered":"https:\/\/www.europesays.com\/pl\/44961\/"},"modified":"2025-10-12T10:53:06","modified_gmt":"2025-10-12T10:53:06","slug":"to-pierwszy-krok-rosji-finowie-nie-maja-zludzen-tu-putin-moze-polamac-sobie-zeby","status":"publish","type":"post","link":"https:\/\/www.europesays.com\/pl\/44961\/","title":{"rendered":"&#8222;To pierwszy krok Rosji&#8221;. Finowie nie maj\u0105 z\u0142udze\u0144. Tu Putin mo\u017ce po\u0142ama\u0107 sobie z\u0119by"},"content":{"rendered":"<p>Minister spraw wewn\u0119trznych Mari Rantanen wita dziennikarzy na mostku kapita\u0144skim &#8222;Turva&#8221; [&#8222;Bezpiecze\u0144stwo&#8221;], statku patrolowego stra\u017cy przybrze\u017cnej. S\u0142u\u017cy na nim uzbrojona po z\u0119by jednostka specjalna, kt\u00f3ra dzi\u015b odbywa szkolenie.<\/p>\n<p>Zadaniem jednostki jest mi\u0119dzy innymi ochrona podwodnych kabli na Morzu Ba\u0142tyckim przed flot\u0105 cieni Putina. <a href=\"https:\/\/wiadomosci.onet.pl\/swiat\/incydent-z-zerwaniem-kabli-na-baltyku-finski-sad-bezradny\/r8fb5kv\" id=\"5e39e9b0-366c-4836-851b-0503a698345b\" rel=\"nofollow noopener\" target=\"_blank\">Incydent taki jak ten z Bo\u017cego Narodzenia 2024 r.<\/a>, kiedy to linia energetyczna &#8222;Estlink 2&#8221; by\u0142a sabotowana przez przeci\u0105gaj\u0105c\u0105 si\u0119 kotwic\u0119, nie mo\u017ce si\u0119 powt\u00f3rzy\u0107.<\/p>\n<p>&#8222;Preparedness&#8221; to magiczne s\u0142owo, kt\u00f3re minister wielokrotnie podkre\u015bla \u2014 stan &#8222;gotowo\u015bci&#8221;. Nie by\u0142by to pierwszy raz, kiedy pot\u0119\u017cny s\u0105siad ze wschodu podj\u0105\u0142by powa\u017cne dzia\u0142ania: podczas wojny zimowej w latach 1939\/40 Finowie z trudem \u2014 i kosztem utraty terytori\u00f3w \u2014 zdo\u0142ali powstrzyma\u0107 Armi\u0119 Czerwon\u0105.<\/p>\n<p>Wniosek z tego jest taki: Finlandia nigdy wi\u0119cej nie da si\u0119 zaskoczy\u0107. <\/p>\n<p>Tym bardziej \u017ce minister obrony Antti H\u00e4kk\u00e4nen postrzega inwazj\u0119 na Ukrain\u0119 jedynie jako &#8222;pierwszy krok Putina&#8221;. Jest przekonany, \u017ce Rosjanie &#8222;chc\u0105 przywr\u00f3ci\u0107 wp\u0142yw, jaki Zwi\u0105zek Radziecki mia\u0142 w Europie&#8221;.<\/p>\n<p class=\"ods-c-paragraph \">Minister spraw wewn\u0119trznych wymienia kluczowe punkty dotycz\u0105ce wyposa\u017cenia armii, s\u0142u\u017cb wywiadowczych, stra\u017cy cywilnej, stra\u017cy przybrze\u017cnej i stra\u017cy granicznej. Rantanen wspomina r\u00f3wnie\u017c, \u017ce obecnie ka\u017cdy Fin posiada w domu zapasy na 72 godz. Wszystkie sieci supermarket\u00f3w musz\u0105 gromadzi\u0107 zapasy i posiada\u0107 plany awaryjne na wypadek blokady morskiej.<\/p>\n<p class=\"ods-c-paragraph \">\u2014 Nie wystarczy po prostu zwi\u0119kszy\u0107 bud\u017cet obronny \u2014 podkre\u015bla.<\/p>\n<p>Dalszy ci\u0105g artyku\u0142u pod materia\u0142em wideo<\/p>\n<p class=\"ods-c-paragraph \">Mi\u0119dzy minister spraw wewn\u0119trznych z prawicowo-populistycznej partii a ministrem obrony Antti H\u00e4kk\u00e4nenem z Partii Koalicji Narodowej [Kok] nie ma \u017cadnych r\u00f3\u017cnic w kwestii wsparcia dla Ukrainy. W Finlandii mieszka mniejszo\u015b\u0107 rosyjska, ale w parlamencie i rz\u0105dzie nie ma lobbyst\u00f3w Kremla.<\/p>\n<p class=\"ods-c-paragraph \">Minister obrony H\u00e4kk\u00e4nen postrzega inwazj\u0119 na Ukrain\u0119 jedynie jako &#8222;pierwszy krok Putina&#8221;. Jest przekonany, \u017ce &#8222;chc\u0105 oni przywr\u00f3ci\u0107 wp\u0142yw, jaki Zwi\u0105zek Radziecki mia\u0142 w Europie&#8221;.<\/p>\n<p>Zaufanie do w\u0142asnej si\u0142y<\/p>\n<p class=\"ods-c-paragraph \">Finowie przyst\u0105pili do NATO w 2023 roku, ale bardziej polegaj\u0105 na w\u0142asnej sile \u2014 &#8222;nie po to, aby prowadzi\u0107 wojn\u0119, ale aby jej zapobiega\u0107&#8221;, m\u00f3wi H\u00e4kk\u00e4nen: &#8222;Naszym celem jest pok\u00f3j&#8221;.<\/p>\n<p class=\"ods-c-paragraph \">Krytyka wydatk\u00f3w na wojsko istnieje, ale minister wie, \u017ce wi\u0119kszo\u015b\u0107 jego rodak\u00f3w go popiera. Finowie dok\u0142adnie wiedz\u0105, czego chc\u0105 broni\u0107: swojej wolno\u015bci, swojego stylu \u017cycia. &#8222;Wed\u0142ug sonda\u017cy jeste\u015bmy najszcz\u0119\u015bliwszym krajem na \u015bwiecie&#8221; \u2014 m\u00f3wi H\u00e4kk\u00e4nen.<\/p>\n<p class=\"ods-c-paragraph \">Pob\u00f3r do wojska? Oczywi\u015bcie. Wiele kobiet s\u0142u\u017cy w wojsku z w\u0142asnej woli. Gotowo\u015b\u0107 do chwycenia za bro\u0144 w razie potrzeby? 80 proc. wi\u0119ksza ni\u017c w innych krajach UE. A rezerwi\u015bci s\u0105 \u017ali, gdy w wieku 65 lat s\u0105 wycofywani ze s\u0142u\u017cby \u2014 &#8222;tak\u017ce m\u00f3j w\u0142asny ojciec&#8221; \u2014 zdradza H\u00e4kk\u00e4nen.<\/p>\n<p>   &#8222;Putin mia\u0142 obsesj\u0119 na punkcie Ukrainy&#8221;<\/p>\n<p class=\"ods-c-paragraph \">By\u0142y prezydent Sauli Niinist\u00f6 cz\u0119sto przebywa\u0142 w Brukseli w ostatnich miesi\u0105cach. Napisa\u0142 te\u017c wezwanie do Komisji Europejskiej (&#8222;raport Niinist\u00f6&#8221;), aby w ko\u0144cu przygotowa\u0142a si\u0119 na dzia\u0142ania w ca\u0142ej Europie. Jest przekonany, \u017ce &#8222;nie mo\u017cemy d\u0142u\u017cej powierza\u0107 naszego bezpiecze\u0144stwa Stanom Zjednoczonym&#8221;.<\/p>\n<p class=\"ods-c-paragraph \">W trakcie kadencji Niinist\u00f6 w latach 2012\u20132024 dosz\u0142o do rosyjskiej agresji na Krym, a p\u00f3\u017aniej do barbarzy\u0144skiej inwazji na Ukrain\u0119. Wielokrotnie rozmawia\u0142 przez telefon z Putinem \u2014 bezskutecznie.<\/p>\n<p class=\"ods-c-paragraph \">Czy jego zdaniem byli kanclerze Gerhard Schr\u00f6der i Angela Merkel mogli i powinni byli wykorzysta\u0107 swoje wp\u0142ywy, aby odwie\u015b\u0107 Putina od jego plan\u00f3w wojennych?<\/p>\n<p class=\"ods-c-paragraph \">Niinist\u00f6 zastanawia si\u0119 nad odpowiedzi\u0105. \u2014 Mam wra\u017cenie, \u017ce Putin mia\u0142 obsesj\u0119 na punkcie Ukrainy. Nic nie mog\u0142o go powstrzyma\u0107.<\/p>\n","protected":false},"excerpt":{"rendered":"Minister spraw wewn\u0119trznych Mari Rantanen wita dziennikarzy na mostku kapita\u0144skim &#8222;Turva&#8221; [&#8222;Bezpiecze\u0144stwo&#8221;], statku patrolowego stra\u017cy przybrze\u017cnej. S\u0142u\u017cy na&hellip;\n","protected":false},"author":2,"featured_media":44962,"comment_status":"","ping_status":"","sticky":false,"template":"","format":"standard","meta":{"footnotes":""},"categories":[14],"tags":[56,32,33,74,27,12705,76,34,35,28,31,48,25,768,46,40,41,47,80,29,30,26,408,82,83,84],"class_list":{"0":"post-44961","1":"post","2":"type-post","3":"status-publish","4":"format-standard","5":"has-post-thumbnail","7":"category-swiat","8":"tag-article_premium","9":"tag-breaking-news","10":"tag-breakingnews","11":"tag-finlandia","12":"tag-headlines","13":"tag-helsinki","14":"tag-inwazja_rosji_na_ukraine","15":"tag-latest-news","16":"tag-latestnews","17":"tag-naglowki","18":"tag-najwazniejsze-artykuly","19":"tag-nat_styl","20":"tag-news","21":"tag-obronnosc","22":"tag-omp","23":"tag-polish","24":"tag-polski","25":"tag-screening_general","26":"tag-swiat","27":"tag-top-stories","28":"tag-topstories","29":"tag-wiadomosci","30":"tag-wladimir_putin","31":"tag-world","32":"tag-world-news","33":"tag-worldnews"},"share_on_mastodon":{"url":"","error":""},"_links":{"self":[{"href":"https:\/\/www.europesays.com\/pl\/wp-json\/wp\/v2\/posts\/44961","targetHints":{"allow":["GET"]}}],"collection":[{"href":"https:\/\/www.europesays.com\/pl\/wp-json\/wp\/v2\/posts"}],"about":[{"href":"https:\/\/www.europesays.com\/pl\/wp-json\/wp\/v2\/types\/post"}],"author":[{"embeddable":true,"href":"https:\/\/www.europesays.com\/pl\/wp-json\/wp\/v2\/users\/2"}],"replies":[{"embeddable":true,"href":"https:\/\/www.europesays.com\/pl\/wp-json\/wp\/v2\/comments?post=44961"}],"version-history":[{"count":0,"href":"https:\/\/www.europesays.com\/pl\/wp-json\/wp\/v2\/posts\/44961\/revisions"}],"wp:featuredmedia":[{"embeddable":true,"href":"https:\/\/www.europesays.com\/pl\/wp-json\/wp\/v2\/media\/44962"}],"wp:attachment":[{"href":"https:\/\/www.europesays.com\/pl\/wp-json\/wp\/v2\/media?parent=44961"}],"wp:term":[{"taxonomy":"category","embeddable":true,"href":"https:\/\/www.europesays.com\/pl\/wp-json\/wp\/v2\/categories?post=44961"},{"taxonomy":"post_tag","embeddable":true,"href":"https:\/\/www.europesays.com\/pl\/wp-json\/wp\/v2\/tags?post=44961"}],"curies":[{"name":"wp","href":"https:\/\/api.w.org\/{rel}","templated":true}]}}