{"id":449872,"date":"2026-05-24T09:46:11","date_gmt":"2026-05-24T09:46:11","guid":{"rendered":"https:\/\/www.europesays.com\/pl\/449872\/"},"modified":"2026-05-24T09:46:11","modified_gmt":"2026-05-24T09:46:11","slug":"oto-kluczowa-wiadomosc-dla-igi-swiatek-tuz-przed-roland-garros","status":"publish","type":"post","link":"https:\/\/www.europesays.com\/pl\/449872\/","title":{"rendered":"Oto kluczowa wiadomo\u015b\u0107 dla Igi \u015awi\u0105tek tu\u017c przed Roland Garros"},"content":{"rendered":"<p>Ju\u017c w poniedzia\u0142ek, 25 maja, Iga \u015awi\u0105tek rozegra swoje pierwsze spotkanie podczas tegorocznej edycji Roland Garros. Jej rywalk\u0105 b\u0119dzie 17-letnia Emerson Jones, kt\u00f3ra zajmuje w tej chwili 136. miejsce w rankingu WTA. Polka natomiast plasuje si\u0119 na trzeciej pozycji, lecz w Pary\u017cu b\u0119dzie broni\u0107 sporego dorobku.<\/p>\n<p> Dalszy ci\u0105g artyku\u0142u pod materia\u0142em wideo Oto ile punkt\u00f3w broni Iga \u015awi\u0105tek w Pary\u017cu. S\u0105 te\u017c dobre wie\u015bci<\/p>\n<p>A to ze wzgl\u0119du na to, \u017ce rok temu dotar\u0142a do p\u00f3\u0142fina\u0142u. W nim dopiero po trzysetowym boju przegra\u0142a z Aryn\u0105 Sabalenk\u0105. To zapewni\u0142o jej w\u00f3wczas 780 pkt w zestawieniu WTA. Teraz nasza rodaczka staje przed konieczno\u015bci\u0105 obrony tej liczby zdobytych &#8222;oczek&#8221;, co zapewne nie b\u0119dzie nale\u017ca\u0142o do naj\u0142atwiejszych.<\/p>\n<p>Nale\u017cy jednak wyja\u015bni\u0107, \u017ce inne tenisistki z czo\u0142\u00f3wki r\u00f3wnie\u017c maj\u0105 bardzo trudne zadania przed sob\u0105. Wspomniana Sabalenka (1. WTA) w 2025 r. dotar\u0142a do fina\u0142u i broni 1300 pkt. W jeszcze trudniejszym po\u0142o\u017ceniu jest Coco Gauff (3.), kt\u00f3ra jako triumfatorka b\u0119dzie walczy\u0107 o zachowanie a\u017c 2000 &#8222;oczek&#8221;.<\/p>\n<p>Jako jedyna w komfortowej sytuacji jest Jelena Rybakina. Druga rakieta \u015bwiata podczas zesz\u0142orocznej edycji Roland Garros dotar\u0142a &#8222;tylko&#8221; do czwartej rundy, a co za tym idzie broni jedynie 240 pkt. To daje jej ogromn\u0105 szans\u0119 na znacz\u0105ce zmniejszenie straty do pierwszej w rankingu Sabalenki albo nawet prze\u015bcigni\u0119cie jej.<\/p>\n<p>Tak w tej chwili wygl\u0105da sytuacja w rankingu WTA Live. Nie odj\u0119to jeszcze w nim punkt\u00f3w za Roland Garros 2025<\/p>\n<p> <img decoding=\"async\" src=\"https:\/\/www.europesays.com\/pl\/wp-content\/uploads\/2026\/05\/6K-k9lBaHR0cHM6Ly9vY2RuLmV1L3B1bHNjbXMvTURBXy80YjU5NzAxOGZkYjZhODI5YTM2MzZmMGFiOWIxNGY3My5wbmeRlQLNB.jpeg\" height=\"237\" width=\"540\" alt=\"WTA Live\" loading=\"lazy\" class=\"ods-c-image__img ods-c-image__img--viewport-width\"\/> <\/p>\n<p>WTA Livelive-tennis.eu<\/p>\n","protected":false},"excerpt":{"rendered":"Ju\u017c w poniedzia\u0142ek, 25 maja, Iga \u015awi\u0105tek rozegra swoje pierwsze spotkanie podczas tegorocznej edycji Roland Garros. Jej rywalk\u0105&hellip;\n","protected":false},"author":2,"featured_media":449873,"comment_status":"","ping_status":"","sticky":false,"template":"","format":"standard","meta":{"footnotes":"","_share_on_mastodon":"0"},"categories":[52122],"tags":[1352,61195,5218,26963,252,5931,48,46,6010,752,42,38,40,39,41,1351,23194,47,156,130],"class_list":["post-449872","post","type-post","status-publish","format-standard","has-post-thumbnail","category-pko-bank-polski","tag-aryna_sabalenka","tag-bottomfeed_styl","tag-coco_gauff","tag-french_open","tag-iga_swiatek","tag-jelena_rybakina","tag-nat_styl","tag-omp","tag-pko-bank-polski","tag-pko-bp","tag-pl","tag-poland","tag-polish","tag-polska","tag-polski","tag-ranking_wta","tag-roland_garros","tag-screening_general","tag-tenis","tag-wiadomosci_sportowe"],"share_on_mastodon":{"url":"https:\/\/pubeurope.com\/@pl\/116628920555165137","error":""},"_links":{"self":[{"href":"https:\/\/www.europesays.com\/pl\/wp-json\/wp\/v2\/posts\/449872","targetHints":{"allow":["GET"]}}],"collection":[{"href":"https:\/\/www.europesays.com\/pl\/wp-json\/wp\/v2\/posts"}],"about":[{"href":"https:\/\/www.europesays.com\/pl\/wp-json\/wp\/v2\/types\/post"}],"author":[{"embeddable":true,"href":"https:\/\/www.europesays.com\/pl\/wp-json\/wp\/v2\/users\/2"}],"replies":[{"embeddable":true,"href":"https:\/\/www.europesays.com\/pl\/wp-json\/wp\/v2\/comments?post=449872"}],"version-history":[{"count":0,"href":"https:\/\/www.europesays.com\/pl\/wp-json\/wp\/v2\/posts\/449872\/revisions"}],"wp:featuredmedia":[{"embeddable":true,"href":"https:\/\/www.europesays.com\/pl\/wp-json\/wp\/v2\/media\/449873"}],"wp:attachment":[{"href":"https:\/\/www.europesays.com\/pl\/wp-json\/wp\/v2\/media?parent=449872"}],"wp:term":[{"taxonomy":"category","embeddable":true,"href":"https:\/\/www.europesays.com\/pl\/wp-json\/wp\/v2\/categories?post=449872"},{"taxonomy":"post_tag","embeddable":true,"href":"https:\/\/www.europesays.com\/pl\/wp-json\/wp\/v2\/tags?post=449872"}],"curies":[{"name":"wp","href":"https:\/\/api.w.org\/{rel}","templated":true}]}}