{"id":450523,"date":"2026-05-24T17:47:17","date_gmt":"2026-05-24T17:47:17","guid":{"rendered":"https:\/\/www.europesays.com\/pl\/450523\/"},"modified":"2026-05-24T17:47:17","modified_gmt":"2026-05-24T17:47:17","slug":"wielu-mieszkancow-wroclawia-na-to-czekalo-rozpoczal-sie-jarmark-swietojanski","status":"publish","type":"post","link":"https:\/\/www.europesays.com\/pl\/450523\/","title":{"rendered":"Wielu mieszka\u0144c\u00f3w Wroc\u0142awia na to czeka\u0142o. Rozpocz\u0105\u0142 si\u0119 Jarmark \u015awi\u0119toja\u0144ski"},"content":{"rendered":"<p>Na Jarmarku \u015awi\u0119toja\u0144skim jest wielu wystawc\u00f3w.<\/p>\n<p>fot. Joanna Jaros<\/p>\n<p>Na wroc\u0142awskim Rynku rozpocz\u0105\u0142 si\u0119 Jarmark \u015awi\u0119toja\u0144ski. Szansa na odwiedzenie tego miejsca b\u0119dzie niemal do ko\u0144ca czerwca.<\/p>\n<p style=\"text-align: justify;\">Czeka\u0142a na to cz\u0119\u015b\u0107 mieszka\u0144c\u00f3w i sporo turyst\u00f3w. We Wroc\u0142awiu rozpocz\u0105\u0142 si\u0119 Jarmark \u015awi\u0119toja\u0144ski. Mo\u017cna kupi\u0107 co\u015b \u0142adnego, dobrze zje\u015b\u0107 i mie\u0107 dobry humor:<\/p>\n<p style=\"text-align: justify;\">&#8211; Co pani ciekawego kupi\u0142a?<\/p>\n<p style=\"text-align: justify;\">&#8211; Szmaragd Nilu.<\/p>\n<p style=\"text-align: justify;\">&#8211; To bransoletka?<\/p>\n<p style=\"text-align: justify;\">&#8211; Tak, bo \u0142adny zielony.<\/p>\n<p style=\"text-align: justify;\">&#8211; Szyde\u0142kowe. Jak to si\u0119 nazywa? Maskotki. Ale breloczki. O, tego s\u0142owa mi brakowa\u0142o.<\/p>\n<p style=\"text-align: justify;\"> &#8211; Co najbardziej smakowa\u0142o do tej pory?<\/p>\n<p style=\"text-align: justify;\"> &#8211; Najlepiej smakowa\u0142 szasz\u0142yk.<\/p>\n<p style=\"text-align: justify;\">&#8211; Churrosy, dobre, z belgijsk\u0105 czekolad\u0105 i orzeszkami.<\/p>\n<p>&#13;<br \/>\n\t\t\t\t\t\t\t\t\t\tAby ods\u0142ucha\u0107 za\u0142\u0105czonego d\u017awi\u0119ku zaktualizuj przegl\u0105dark\u0119 lub\/i wtyczk\u0119 Adobe Flash Player.&#13;\n\t\t\t\t\t\t\t\t\t<\/p>\n<p style=\"text-align: justify;\">&#8211; Pyszny chleb ze smalcem, z cebulk\u0105, og\u00f3rkiem kiszonym polskim. Palce liza\u0107.<\/p>\n<p style=\"text-align: justify;\">&#8211; Kupujemy sygnet, pier\u015bcie\u0144 z W\u0142adcy Pier\u015bcieni. On najbardziej mi si\u0119 podoba\u0142.<\/p>\n<p style=\"text-align: justify;\">&#8211; Boles\u0142awiec. Ceramika. \u017bona jest du\u017c\u0105 fank\u0105, \u017ce tak powiem. Ale powiem tak wszystko si\u0119 spodoba\u0142o \u017conie, mi no, no mi jak mi.<\/p>\n<p>&#13;<br \/>\n\t\t\t\t\t\t\t\t\t\tAby ods\u0142ucha\u0107 za\u0142\u0105czonego d\u017awi\u0119ku zaktualizuj przegl\u0105dark\u0119 lub\/i wtyczk\u0119 Adobe Flash Player.&#13;\n\t\t\t\t\t\t\t\t\t<\/p>\n<p style=\"text-align: justify;\">Jarmark jest czynny codziennie, do 28 czerwca, w godzinach od 10:00 do 21:00.<\/p>\n<p style=\"text-align: justify;\">\u00a0<\/p>\n","protected":false},"excerpt":{"rendered":"Na Jarmarku \u015awi\u0119toja\u0144skim jest wielu wystawc\u00f3w. fot. Joanna Jaros Na wroc\u0142awskim Rynku rozpocz\u0105\u0142 si\u0119 Jarmark \u015awi\u0119toja\u0144ski. Szansa na&hellip;\n","protected":false},"author":2,"featured_media":450524,"comment_status":"","ping_status":"","sticky":false,"template":"","format":"standard","meta":{"footnotes":"","_share_on_mastodon":"0"},"categories":[51607],"tags":[85349,20186,57929,34720,42,38,40,39,41,85350,44412,85351,43260,85348,1853,31602],"class_list":["post-450523","post","type-post","status-publish","format-standard","has-post-thumbnail","category-wroclaw","tag-czekalo","tag-jarmark","tag-mieszkancow","tag-na","tag-pl","tag-poland","tag-polish","tag-polska","tag-polski","tag-rozpoczal","tag-sie","tag-swietojanski","tag-to","tag-wielu","tag-wroclaw","tag-wroclawia"],"share_on_mastodon":{"url":"https:\/\/pubeurope.com\/@pl\/116630811072096649","error":""},"_links":{"self":[{"href":"https:\/\/www.europesays.com\/pl\/wp-json\/wp\/v2\/posts\/450523","targetHints":{"allow":["GET"]}}],"collection":[{"href":"https:\/\/www.europesays.com\/pl\/wp-json\/wp\/v2\/posts"}],"about":[{"href":"https:\/\/www.europesays.com\/pl\/wp-json\/wp\/v2\/types\/post"}],"author":[{"embeddable":true,"href":"https:\/\/www.europesays.com\/pl\/wp-json\/wp\/v2\/users\/2"}],"replies":[{"embeddable":true,"href":"https:\/\/www.europesays.com\/pl\/wp-json\/wp\/v2\/comments?post=450523"}],"version-history":[{"count":0,"href":"https:\/\/www.europesays.com\/pl\/wp-json\/wp\/v2\/posts\/450523\/revisions"}],"wp:featuredmedia":[{"embeddable":true,"href":"https:\/\/www.europesays.com\/pl\/wp-json\/wp\/v2\/media\/450524"}],"wp:attachment":[{"href":"https:\/\/www.europesays.com\/pl\/wp-json\/wp\/v2\/media?parent=450523"}],"wp:term":[{"taxonomy":"category","embeddable":true,"href":"https:\/\/www.europesays.com\/pl\/wp-json\/wp\/v2\/categories?post=450523"},{"taxonomy":"post_tag","embeddable":true,"href":"https:\/\/www.europesays.com\/pl\/wp-json\/wp\/v2\/tags?post=450523"}],"curies":[{"name":"wp","href":"https:\/\/api.w.org\/{rel}","templated":true}]}}