{"id":45070,"date":"2025-10-12T12:03:08","date_gmt":"2025-10-12T12:03:08","guid":{"rendered":"https:\/\/www.europesays.com\/pl\/45070\/"},"modified":"2025-10-12T12:03:08","modified_gmt":"2025-10-12T12:03:08","slug":"media-strasza-atakiem-rosji-na-nato-wojczal-uspokaja","status":"publish","type":"post","link":"https:\/\/www.europesays.com\/pl\/45070\/","title":{"rendered":"Media strasz\u0105 atakiem Rosji na NATO. Wojczal uspokaja"},"content":{"rendered":"\n<p>&#13;<br \/>\nO histeryczne medialne narracje Grzegorz Jankowski zapyta\u0142 w\u00a0Polsat News analityka ds. geopolityki Krzysztofa Wojczala. &#13;\n<\/p>\n<p>&#13;<br \/>\n\u2013 Budz\u0119 si\u0119 dzisiaj rano i\u00a0znowu\u017c trafiam na\u00a0tekst &#8222;Rosja rozpocz\u0119\u0142a ostatni\u0105 faz\u0119 przygotowa\u0144 do\u00a0ataku na\u00a0NATO&#8221;. W\u00a0r\u00f3\u017cnych mediach, du\u017cych i\u00a0ma\u0142ych, polskich i\u00a0zagranicznych, czytam to\u00a0od\u00a0trzech lat. Ile\u017c oni mog\u0105 rozpoczyna\u0107 ostatni\u0105 faz\u0119 przygotowa\u0144 do\u00a0ataku na\u00a0NATO? \u2013\u00a0zapyta\u0142. &#13;\n<\/p>\n<p> Media strasz\u0105 wojn\u0105. Ekspert: Rosja nie\u00a0jest w\u00a0stanie <\/p>\n<p>&#13;<br \/>\n<a href=\"https:\/\/dorzeczy.pl\/opinie\/778557\/ekspert-ryzyko-wybuchu-wojny-rosji-z-polska-bardzo-niskie.html\" rel=\"nofollow noopener\" target=\"_blank\">Wojczal przypomnia\u0142<\/a>, \u017ce\u00a0Moskwa oczywi\u015bcie straszy i\u00a0b\u0119dzie straszy\u0107, ale\u00a0nie dysponuje obecnie si\u0142ami niezb\u0119dnymi, by\u00a0prowadzi\u0107 r\u00f3wnolegle konflikt z\u00a0Ukrain\u0105 i\u00a0wojny z\u00a0ca\u0142ym sojuszem NATO. \u2013\u00a0Pod wzgl\u0119dem strategicznym fakty s\u0105 takie, \u017ce\u00a0Federacja Rosyjska nie\u00a0jest w\u00a0stanie prowadzi\u0107 drugiej wojny podobnej jak na\u00a0Ukrainie, nie\u00a0m\u00f3wi\u0105c ju\u017c o\u00a0konflikcie zbrojnym przeciwko ca\u0142emu NATO, kt\u00f3ry r\u00f3wnie\u017c pod\u00a0wzgl\u0119dem broni konwencjonalnej jest silniejszy ni\u017c\u00a0Rosja \u2013\u00a0powiedzia\u0142. &#13;\n<\/p>\n<p>&#13;<br \/>\nRosja jest zdolna do\u00a0dokonywania prowokacji i\u00a0dzia\u0142a\u0144 hybrydowych, czego mo\u017cna si\u0119 nadal spodziewa\u0107. Wojczal wskaza\u0142, \u017ce\u00a0je\u015bli jednak Rosjanie mieliby realnie my\u015ble\u0107 o\u00a0napadzie na\u00a0Polsk\u0119 musieliby mie\u0107 strategicznie dogodne warunki to\u00a0znaczy kontrolowa\u0107 Ukrain\u0119 i\u00a0os\u0142oni\u0107 swoje flanki, co\u00a0dzisiaj pozostaje poza ich zasi\u0119giem. W\u00a0kontek\u015bcie straszenia trzeci\u0105 wojn\u0105 \u015bwiatow\u0105 przez media zaznaczy\u0142, \u017ce\u00a0armia rosyjska jest niemal w\u00a0ca\u0142o\u015bci zaanga\u017cowana b\u0105d\u017a w\u00a0walk\u0119 na\u00a0Ukrainie b\u0105d\u017a w\u00a0obs\u0142ug\u0119 przebywaj\u0105cego tam kontyngentu. \u2013\u00a0[&#8230;] Ich machina wojenna nie\u00a0jest w\u00a0stanie obs\u0142u\u017cy\u0107 drugiego takiego konfliktu \u2013\u00a0zwr\u00f3ci\u0142 uwag\u0119. &#13;\n<\/p>\n<p>&#13;<br \/>\nWojczal powiedzia\u0142, \u017ce\u00a0medialne komunikaty o\u00a0zagro\u017ceniu ze\u00a0strony Rosji pe\u0142ni\u0105 pozytywn\u0105 funkcj\u0119 w\u00a0tym sensie, \u017ce\u00a0mobilizuj\u0105 spo\u0142ecze\u0144stwo, aby\u00a0Polska przygotowa\u0142a si\u0119 na\u00a0tyle, by\u00a0Kreml nie\u00a0zdo\u0142a\u0142 osi\u0105gn\u0105\u0107 strategicznie dogodnych warunk\u00f3w do\u00a0ewentualnego ataku na\u00a0Polsk\u0119. Natomiast nale\u017cy mie\u0107 wiedz\u0119 i\u00a0\u015bwiadomo\u015b\u0107, \u017ce\u00a0Rosja nie\u00a0jest w\u00a0tej chwili w\u00a0stanie zaatakowa\u0107 Polski, a\u00a0wi\u0119c NATO. &#13;\n<\/p>\n<p>Wojczal: Trzeba pomaga\u0107 Ukrainie <\/p>\n<p>&#13;<br \/>\nPytany o\u00a0sytuacj\u0119 na\u00a0Ukrainie, Wojczal powiedzia\u0142, \u017ce\u00a0obecnie strona ukrai\u0144ska niestety stopniowo przegrywa wojn\u0119. Podkre\u015bli\u0142 zarazem, \u017ce\u00a0to\u00a0nie oznacza wygrywania Rosji nad Zachodem czy\u00a0nad Polsk\u0105, poniewa\u017c wojska rosyjskie ponosz\u0105 kl\u0119ski na\u00a0polu wp\u0142yw\u00f3w gospodarczych i\u00a0politycznych. Poda\u0142 kilka przyk\u0142ad\u00f3w m.in. brak reakcji Moskwy na\u00a0niekorzystne z\u00a0jej punktu widzenia <a href=\"https:\/\/dorzeczy.pl\/opinie\/775737\/wejscie-trumpa-kaminski-miedzy-arbitrazem-a-utrata-wplywow.html\" rel=\"nofollow noopener\" target=\"_blank\">wydarzenia na\u00a0Kaukazie Po\u0142udniowym<\/a>. Zwr\u00f3ci\u0142 te\u017c uwag\u0119 na\u00a0znaczenie strategicznej zmiany po\u00a02022 roku jak\u0105 jest utrata przez Kreml mo\u017cliwo\u015bci wykorzystywania uzale\u017cnienia energetycznego Europy. Podczas gdy kontynent uniezale\u017cnia si\u0119 od\u00a0rosyjskiego gazu, rol\u0119 dostawcy przejmuj\u0105 Stany Zjednoczone. &#13;\n<\/p>\n<p>&#13;<br \/>\nWojczal podkre\u015bli\u0142, \u017ce\u00a0Rosji zale\u017cy, aby\u00a0Europa przesta\u0142a pomaga\u0107 Ukrainie, st\u0105d Moskwa straszy i\u00a0dokonuje dzia\u0142a\u0144 hybrydowych, by\u00a0Europa ponosi\u0142a koszty. Jak oceni\u0142, gdyby jednak Europa zaniecha\u0142a dalszej pomocy, nie\u00a0sprawi\u0142oby to, \u017ce\u00a0Moskwa zmieni\u0142aby swoj\u0105 agresywn\u0105 polityk\u0119. &#13;\n<\/p>\n<p>&#13;<br \/>\nCzytaj te\u017c:<br \/><a href=\"https:\/\/dorzeczy.pl\/tylko-na-dorzeczy\/785286\/to-w-koncu-rosja-papierowy-tygrys-czy-zaraz-zaatakuje-nato.html\" rel=\"follow nofollow noopener\" data-schema=\"DORZECZY\" data-image=\"https:\/\/img.dorzeczy.pl\/_thumb\/1b\/89\/f128f771efd5402aefe73ae20640.jpeg\" target=\"_blank\">Lisicki: Albo papierowy tygrys albo zaraz zaatakuje NATO. Trzeba si\u0119 zdecydowa\u0107<\/a>Czytaj te\u017c:<br \/><a href=\"https:\/\/dorzeczy.pl\/opinie\/783483\/wazny-apel-do-do-mediow-i-politykow-dosc-straszenia-wojna.html\" rel=\"follow nofollow noopener\" data-schema=\"DORZECZY\" data-image=\"https:\/\/img.dorzeczy.pl\/_thumb\/b5\/08\/6ec4c49a8xxxxd789f76b0693d91.jpeg\" target=\"_blank\">Dziennikarz apeluje do\u00a0medi\u00f3w i\u00a0polityk\u00f3w: Do\u015b\u0107 straszenia wojn\u0105<\/a>&#13;<\/p>\n","protected":false},"excerpt":{"rendered":"&#13; O histeryczne medialne narracje Grzegorz Jankowski zapyta\u0142 w\u00a0Polsat News analityka ds. geopolityki Krzysztofa Wojczala. &#13; &#13; \u2013&hellip;\n","protected":false},"author":2,"featured_media":45071,"comment_status":"","ping_status":"","sticky":false,"template":"","format":"standard","meta":{"footnotes":""},"categories":[14],"tags":[32,33,6570,98,111,27,49,12732,34,35,28,31,25,103,102,40,41,87,12731,80,29,30,26,892,82,83,84],"class_list":{"0":"post-45070","1":"post","2":"type-post","3":"status-publish","4":"format-standard","5":"has-post-thumbnail","7":"category-swiat","8":"tag-breaking-news","9":"tag-breakingnews","10":"tag-do-rzeczy","11":"tag-dorzeczy","12":"tag-grzegorz-grzymowicz","13":"tag-headlines","14":"tag-kraj","15":"tag-krzysztof-wojczal","16":"tag-latest-news","17":"tag-latestnews","18":"tag-naglowki","19":"tag-najwazniejsze-artykuly","20":"tag-news","21":"tag-obserwator-mediow","22":"tag-opinie","23":"tag-polish","24":"tag-polski","25":"tag-rosja","26":"tag-straszenie","27":"tag-swiat","28":"tag-top-stories","29":"tag-topstories","30":"tag-wiadomosci","31":"tag-wojna","32":"tag-world","33":"tag-world-news","34":"tag-worldnews"},"share_on_mastodon":{"url":"","error":""},"_links":{"self":[{"href":"https:\/\/www.europesays.com\/pl\/wp-json\/wp\/v2\/posts\/45070","targetHints":{"allow":["GET"]}}],"collection":[{"href":"https:\/\/www.europesays.com\/pl\/wp-json\/wp\/v2\/posts"}],"about":[{"href":"https:\/\/www.europesays.com\/pl\/wp-json\/wp\/v2\/types\/post"}],"author":[{"embeddable":true,"href":"https:\/\/www.europesays.com\/pl\/wp-json\/wp\/v2\/users\/2"}],"replies":[{"embeddable":true,"href":"https:\/\/www.europesays.com\/pl\/wp-json\/wp\/v2\/comments?post=45070"}],"version-history":[{"count":0,"href":"https:\/\/www.europesays.com\/pl\/wp-json\/wp\/v2\/posts\/45070\/revisions"}],"wp:featuredmedia":[{"embeddable":true,"href":"https:\/\/www.europesays.com\/pl\/wp-json\/wp\/v2\/media\/45071"}],"wp:attachment":[{"href":"https:\/\/www.europesays.com\/pl\/wp-json\/wp\/v2\/media?parent=45070"}],"wp:term":[{"taxonomy":"category","embeddable":true,"href":"https:\/\/www.europesays.com\/pl\/wp-json\/wp\/v2\/categories?post=45070"},{"taxonomy":"post_tag","embeddable":true,"href":"https:\/\/www.europesays.com\/pl\/wp-json\/wp\/v2\/tags?post=45070"}],"curies":[{"name":"wp","href":"https:\/\/api.w.org\/{rel}","templated":true}]}}