{"id":451845,"date":"2026-05-25T10:32:11","date_gmt":"2026-05-25T10:32:11","guid":{"rendered":"https:\/\/www.europesays.com\/pl\/451845\/"},"modified":"2026-05-25T10:32:11","modified_gmt":"2026-05-25T10:32:11","slug":"wlasciciel-widzewa-zadecydowal-w-sprawie-przyszlosci-trenera","status":"publish","type":"post","link":"https:\/\/www.europesays.com\/pl\/451845\/","title":{"rendered":"W\u0142a\u015bciciel Widzewa zadecydowa\u0142 w sprawie przysz\u0142o\u015bci trenera"},"content":{"rendered":"<p>Aktualna umowa Vukovicia obowi\u0105zuje do 30 czerwca 2027 r. Mimo to nie by\u0142o pewno\u015bci, czy Serb b\u0119dzie mia\u0142 szans\u0119 j\u0105 wype\u0142ni\u0107. W ostatnich dniach sporo m\u00f3wi\u0142o si\u0119 bowiem o tym, \u017ce nawet je\u015bli uda mu si\u0119 utrzyma\u0107 klub w PKO BP Ekstraklasie, to straci posad\u0119.<\/p>\n<p> Dalszy ci\u0105g artyku\u0142u pod materia\u0142em wideo <\/p>\n<p>Wszystko wskazuje jednak na to, \u017ce do \u017cadnych zmian nie dojdzie i Vukovi\u0107 b\u0119dzie prowadzi\u0142 dru\u017cyn\u0119 tak\u017ce w kolejnym sezonie. W\u0142a\u015bciciel klubu pytany o to, czy 46-latek pozostanie na \u0142awce trenerskiej nie mia\u0142 \u017cadnych w\u0105tpliwo\u015bci. &#8222;Absolutnie tak. Zostajemy z trenerem&#8221; \u2014 ujawni\u0142 Dobrzycki na \u0142amach &#8222;Dziennika \u0141\u00f3dzkiego&#8221;, ucinaj\u0105c wszelkie spekulacje.<\/p>\n<p> Aleksandar Vukovi\u0107: nie jestem ju\u017c na tym etapie<\/p>\n<p>Informacj\u0119 t\u0119 potwierdzi\u0142 tak\u017ce sam zainteresowany. Na antenie Kana\u0142u Sportowego trener przyzna\u0142, \u017ce wi\u0105\u017c\u0105c si\u0119 z Widzewem jednym z warunk\u00f3w by\u0142o to, \u017ce kontrakt nie b\u0119dzie obowi\u0105zywa\u0107 wy\u0142\u0105cznie do zako\u0144czenia sezonu 2025\/2026.<\/p>\n<p>\u2014 Ja ju\u017c nie jestem na etapie trenera pocz\u0105tkuj\u0105cego, trenera-stra\u017caka, kt\u00f3ry wchodzi do klubu na dwa miesi\u0105ce. Od razu wiedzia\u0142em, \u017ce mam umow\u0119 na ca\u0142y nast\u0119pny sezon. Zgodzi\u0142em si\u0119 na to mimo ryzyka, \u017ce mo\u017ce to by\u0107 w pierwszej lidze \u2014 zapewni\u0142 Vukovi\u0107.<\/p>\n<p>To oznacza, \u017ce do \u0141odzi na pewno, przynajmniej w najbli\u017cszym czasie, nie trafi wspomniany na wst\u0119pie Skor\u017ca, kt\u00f3ry po rozstaniu z japo\u0144sk\u0105 Uraw\u0105 by\u0142 typowany do tej roli.<\/p>\n","protected":false},"excerpt":{"rendered":"Aktualna umowa Vukovicia obowi\u0105zuje do 30 czerwca 2027 r. Mimo to nie by\u0142o pewno\u015bci, czy Serb b\u0119dzie mia\u0142&hellip;\n","protected":false},"author":2,"featured_media":451846,"comment_status":"","ping_status":"","sticky":false,"template":"","format":"standard","meta":{"footnotes":"","_share_on_mastodon":"0"},"categories":[52122],"tags":[16990,61195,274,48,46,948,6010,752,42,38,40,39,41,9096,47,130,3469],"class_list":["post-451845","post","type-post","status-publish","format-standard","has-post-thumbnail","category-pko-bank-polski","tag-aleksandar_vukovic","tag-bottomfeed_styl","tag-ekstraklasa","tag-nat_styl","tag-omp","tag-pilka_nozna","tag-pko-bank-polski","tag-pko-bp","tag-pl","tag-poland","tag-polish","tag-polska","tag-polski","tag-robert_dobrzycki","tag-screening_general","tag-wiadomosci_sportowe","tag-widzew_lodz"],"share_on_mastodon":{"url":"https:\/\/pubeurope.com\/@pl\/116634765032405504","error":""},"_links":{"self":[{"href":"https:\/\/www.europesays.com\/pl\/wp-json\/wp\/v2\/posts\/451845","targetHints":{"allow":["GET"]}}],"collection":[{"href":"https:\/\/www.europesays.com\/pl\/wp-json\/wp\/v2\/posts"}],"about":[{"href":"https:\/\/www.europesays.com\/pl\/wp-json\/wp\/v2\/types\/post"}],"author":[{"embeddable":true,"href":"https:\/\/www.europesays.com\/pl\/wp-json\/wp\/v2\/users\/2"}],"replies":[{"embeddable":true,"href":"https:\/\/www.europesays.com\/pl\/wp-json\/wp\/v2\/comments?post=451845"}],"version-history":[{"count":0,"href":"https:\/\/www.europesays.com\/pl\/wp-json\/wp\/v2\/posts\/451845\/revisions"}],"wp:featuredmedia":[{"embeddable":true,"href":"https:\/\/www.europesays.com\/pl\/wp-json\/wp\/v2\/media\/451846"}],"wp:attachment":[{"href":"https:\/\/www.europesays.com\/pl\/wp-json\/wp\/v2\/media?parent=451845"}],"wp:term":[{"taxonomy":"category","embeddable":true,"href":"https:\/\/www.europesays.com\/pl\/wp-json\/wp\/v2\/categories?post=451845"},{"taxonomy":"post_tag","embeddable":true,"href":"https:\/\/www.europesays.com\/pl\/wp-json\/wp\/v2\/tags?post=451845"}],"curies":[{"name":"wp","href":"https:\/\/api.w.org\/{rel}","templated":true}]}}