{"id":451988,"date":"2026-05-25T11:51:09","date_gmt":"2026-05-25T11:51:09","guid":{"rendered":"https:\/\/www.europesays.com\/pl\/451988\/"},"modified":"2026-05-25T11:51:09","modified_gmt":"2026-05-25T11:51:09","slug":"pracownicy-dino-rozpoczeli-protest-beda-utrudnienia-dla-kierowcow","status":"publish","type":"post","link":"https:\/\/www.europesays.com\/pl\/451988\/","title":{"rendered":"Pracownicy Dino rozpocz\u0119li protest. B\u0119d\u0105 utrudnienia dla kierowc\u00f3w"},"content":{"rendered":"<p>W\u0142a\u015bnie rozpocz\u0105\u0142 si\u0119 strajk pod siedzib\u0105 Dino Polska w Krotoszynie. Protestuj\u0105cy domagaj\u0105 si\u0119 poprawy warunk\u00f3w pracy w sieci i ostrzegaj\u0105, \u017ce manifestacja potrwa do \u015brody.<\/p>\n<p>Krotoszyn. Strajk pod Dino Polska<\/p>\n<p>Dzi\u015b (25 maja) ruszy\u0142 strajk pracownik\u00f3w i zwi\u0105zkowc\u00f3w Dino Polska w Krotoszynie (woj. wielkopolskie). To tam mie\u015bci si\u0119 og\u00f3lnopolska siedziba sieci sklep\u00f3w. Manifestacja ma potwal trzy dni. Protestuj\u0105cy domagaj\u0105 si\u0119:<\/p>\n<p>poprawy warunk\u00f3w pracy,<br \/>\nwi\u0119kszych kadr oraz<br \/>\nposzanowania praw pracowniczych. i ko\u0144ca \u2013 jak m\u00f3wi\u0105 \u2013 \u201ewyciskania ludzi jak cytryny\u201d<\/p>\n<p>Jak zaznaczaj\u0105 zwi\u0105zkowcy, firma ma zaprzesta\u0107 \u201ewyciskanie ludzi jak cytryny\u201d. Manifestacja rozpocz\u0119\u0142a si\u0119 dok\u0142adnie w po\u0142udnie o godzinie 12:00. Organizatorem strajku jest OPZZ Konfederacja Pracy w Handlu.<\/p>\n<p>\t\tPonad 1 300 nieprawid\u0142owo\u015bci<\/p>\n<p>Jak podkre\u015blaj\u0105 organizatorzy protestu, pracownicy sieci Dino s\u0105 przeci\u0105\u017ceni obowi\u0105zkami, nadzorowani kamerami i pozostawieni bez wsparcia, a ich wynagrodzenia cz\u0119sto niewiele przekraczaj\u0105 p\u0142ac\u0119 minimaln\u0105. Informuj\u0105, \u017ce jak dot\u0105d Pa\u0144stwowa Inspekcja Pracy potwierdzi\u0142a ju\u017c ponad 1 300 nieprawid\u0142owo\u015bci.<\/p>\n<p>Zobacz wi\u0119cej: <a target=\"_blank\" rel=\"noopener nofollow\" title=\"Zobacz wi\u0119cej: Zostawili grill na balkonie, nagle rozegra\u0142 si\u0119 dramat. Sp\u0142on\u0119\u0142o ponad 60 mieszka\u0144\" href=\"https:\/\/newmedia24.pl\/newsy\/zostawili-grill-na-balkonie-nagle-rozegral-sie-dramat-splonelo-ponad-60-mieszkan-41700\/\">Zostawili grill na balkonie, nagle rozegra\u0142 si\u0119 dramat. Sp\u0142on\u0119\u0142o ponad 60 mieszka\u0144<\/a><br \/>\nStrajk ca\u0142odobowy<\/p>\n<p>Manifestacja ma trwa\u0107 nieprzerwanie przez trzy doby. Zwi\u0105zkowcy organizuj\u0105 wi\u0119c pod siedzib\u0105 Dino miasteczko namiotowe. W protestacji maj\u0105 uczestniczy\u0107 nie tylko pracownicy sklep\u00f3w, ale tak\u017ce zwi\u0105zkowcy, byli zatrudnieni, klienci, dzia\u0142acze spo\u0142eczni i politycy. Jak podkre\u015blaj\u0105 organizatorzy protest ma by\u0107 bowiem nieprzerwany, g\u0142o\u015bny i widoczny:<\/p>\n<p>Tylko razem mamy si\u0142\u0119, by zatrzyma\u0107 t\u0119 machin\u0119 wyzysku.<\/p>\n<p>W zwi\u0105zku ze strajkiem na Drodze Krajowej nr 36 mog\u0105 pojawi\u0107 si\u0119 te\u017c utrudnienia. Na wje\u017adzie ze Smoszewa do Krotoszyna i na trasie do Ostrowa Wielkopolskiego maj\u0105 pojawi\u0107 si\u0119 policjanci kieruj\u0105cy ruchem. Funkcjonariusze zapowiadaj\u0105 r\u00f3wnie\u017c spowolnienia, chwilowe zatrzymania pojazd\u00f3w i korki.<\/p>\n<p>Zobacz wi\u0119cej: <a target=\"_blank\" rel=\"noopener nofollow\" title=\"Zobacz wi\u0119cej: Polska powinna opu\u015bci\u0107 Uni\u0119 Europejsk\u0105? Najnowszy sonda\u017c jest bezwzgl\u0119dny\" href=\"https:\/\/newmedia24.pl\/wydarzenia\/polska-powinna-opuscic-unie-europejska-najnowszy-sondaz-jest-bezwzgledny-41660\/\">Polska powinna opu\u015bci\u0107 Uni\u0119 Europejsk\u0105? Najnowszy sonda\u017c jest bezwzgl\u0119dny<\/a><\/p>\n<p><a name=\"gallery\" href=\"#gallery\">\u00a0<\/a><\/p>\n<p>                                        <img decoding=\"async\" src=\"https:\/\/www.europesays.com\/pl\/wp-content\/uploads\/2026\/05\/ZTBiZDQuanBn.jpeg\" alt=\"Nadia Regu\u0142a\" width=\"200\" height=\"200\" loading=\"lazy\"\/><\/p>\n<p class=\"author-card__position\">Nadia Regu\u0142a &#8211; Redaktor<\/p>\n<p class=\"author-card__bio\">Dziennikarka specjalizuj\u0105ca si\u0119 w tematyce biznesowej, spo\u0142ecznej oraz kulturalnej. Przygotowywa\u0142a artyku\u0142y i materia\u0142y audiowizualne dla medi\u00f3w takich jak: Goniec.pl, Krak\u00f3w i \u015awiat, Studenckie Radio \u017bak Politechniki \u0141\u00f3dzkiej.<\/p>\n<p>Jest absolwentk\u0105 Programu Matury Mi\u0119dzynarodowej IBDP oraz publikuje swoj\u0105 tw\u00f3rczo\u015b\u0107 muzyczn\u0105 pod pseudonimem NadiaRe.<\/p>\n","protected":false},"excerpt":{"rendered":"W\u0142a\u015bnie rozpocz\u0105\u0142 si\u0119 strajk pod siedzib\u0105 Dino Polska w Krotoszynie. Protestuj\u0105cy domagaj\u0105 si\u0119 poprawy warunk\u00f3w pracy w sieci&hellip;\n","protected":false},"author":2,"featured_media":451989,"comment_status":"","ping_status":"","sticky":false,"template":"","format":"standard","meta":{"footnotes":"","_share_on_mastodon":"0"},"categories":[52249],"tags":[857,41997,42,38,40,39,41,2777,2676,9070,2879],"class_list":["post-451988","post","type-post","status-publish","format-standard","has-post-thumbnail","category-dino-polska","tag-dino","tag-dino-polska","tag-pl","tag-poland","tag-polish","tag-polska","tag-polski","tag-sklep","tag-sklepy","tag-strajk","tag-zakupy"],"share_on_mastodon":{"url":"https:\/\/pubeurope.com\/@pl\/116635073793443772","error":""},"_links":{"self":[{"href":"https:\/\/www.europesays.com\/pl\/wp-json\/wp\/v2\/posts\/451988","targetHints":{"allow":["GET"]}}],"collection":[{"href":"https:\/\/www.europesays.com\/pl\/wp-json\/wp\/v2\/posts"}],"about":[{"href":"https:\/\/www.europesays.com\/pl\/wp-json\/wp\/v2\/types\/post"}],"author":[{"embeddable":true,"href":"https:\/\/www.europesays.com\/pl\/wp-json\/wp\/v2\/users\/2"}],"replies":[{"embeddable":true,"href":"https:\/\/www.europesays.com\/pl\/wp-json\/wp\/v2\/comments?post=451988"}],"version-history":[{"count":0,"href":"https:\/\/www.europesays.com\/pl\/wp-json\/wp\/v2\/posts\/451988\/revisions"}],"wp:featuredmedia":[{"embeddable":true,"href":"https:\/\/www.europesays.com\/pl\/wp-json\/wp\/v2\/media\/451989"}],"wp:attachment":[{"href":"https:\/\/www.europesays.com\/pl\/wp-json\/wp\/v2\/media?parent=451988"}],"wp:term":[{"taxonomy":"category","embeddable":true,"href":"https:\/\/www.europesays.com\/pl\/wp-json\/wp\/v2\/categories?post=451988"},{"taxonomy":"post_tag","embeddable":true,"href":"https:\/\/www.europesays.com\/pl\/wp-json\/wp\/v2\/tags?post=451988"}],"curies":[{"name":"wp","href":"https:\/\/api.w.org\/{rel}","templated":true}]}}