{"id":451992,"date":"2026-05-25T11:54:10","date_gmt":"2026-05-25T11:54:10","guid":{"rendered":"https:\/\/www.europesays.com\/pl\/451992\/"},"modified":"2026-05-25T11:54:10","modified_gmt":"2026-05-25T11:54:10","slug":"marketingowy-alfabet-pko-bp-ekstraklasy-od-haditaghiego-do-latwoganga-sportmarketing-pl","status":"publish","type":"post","link":"https:\/\/www.europesays.com\/pl\/451992\/","title":{"rendered":"Marketingowy alfabet PKO BP Ekstraklasy. Od Haditaghiego do \u0141atwoganga \u2013 SportMarketing.pl"},"content":{"rendered":"<p>                    <a href=\"https:\/\/www.sportmarketing.pl\/\" class=\"p-1\" rel=\"nofollow noopener\" target=\"_blank\"><\/p>\n<p>                    <\/a><\/p>\n<p>                                            <a href=\"https:\/\/www.sportmarketing.pl\/aktualnosci\/\" class=\"text-1 transition-all hover:underline\" rel=\"nofollow noopener\" target=\"_blank\"><br \/>\n                            Aktualno\u015bci<br \/>\n                        <\/a><\/p>\n<p>                        Marketingowy alfabet PKO BP Ekstraklasy. Od Haditaghiego do \u0141atwoganga<\/p>\n<p>                    25.05.2026 12:05<\/p>\n<p>                            W zako\u0144czonym sezonie PKO BP Ekstraklasy byli\u015bmy \u015bwiadkami wielu przedziwnych wydarze\u0144. Spece od marketingu w klubach najwy\u017cszej klasy rozgrywkowej stan\u0119li na wysoko\u015bci zadania. Oto nasze podsumowanie. <\/p>\n<p>        <img decoding=\"async\" class=\"aspect-[11\/6] h-auto w-full object-cover\" src=\"https:\/\/www.europesays.com\/pl\/wp-content\/uploads\/2026\/05\/MixCollage-25-May-2026-12-04-PM-1802.jpg\" alt=\"Marketingowy alfabet PKO BP Ekstraklasy. Od Haditaghiego do \u0141atwoganga\"\/><\/p>\n<p>    LinkedIn Follow Button \u2013 Article Embed<\/p>\n<p>A jak Alex Haditaghi. Fani PKO BP Ekstraklasy w kolejnych miesi\u0105cach byli \u015bwiadkami popis\u00f3w w\u0142a\u015bciciela Pogoni Szczecin w mediach spo\u0142eczno\u015bciowych. Swego czasu Haditaghi wyjawi\u0142 u\u017cytkownikom platformy X, jakie \u017c\u0105dania wobec klubu ma Kamil Grosicki.\u00a0 W innej sytuacji by\u0142 nad wyraz dosadny, komentuj\u0105c rzeczywisto\u015b\u0107, nie tylko pi\u0142karsk\u0105: \u00a0Je**\u0107 Izrael, je**\u0107 IDF, je**\u0107 ka\u017cd\u0105 organizacj\u0119 syjonistyczn\u0105 i\u00a0ka\u017cdy syjonistyczny klub sportowy.<\/p>\n<p lang=\"en\" dir=\"ltr\">GO FUCK YOURSELF!<\/p>\n<p>\u2014 Alex Haditaghi (@CanDisenchanted) <a href=\"https:\/\/twitter.com\/CanDisenchanted\/status\/2030725252720779592?ref_src=twsrc%5Etfw\" rel=\"nofollow noopener\" target=\"_blank\">March 8, 2026<\/a><\/p>\n<p>B jak Bakoma. Widzew \u0141\u00f3d\u017a wypu\u015bci\u0142 na rynek unikalne koszulki retro. To limitowana replika kultowego wzoru sprzed 30 lat, w kt\u00f3rym RTS si\u0119gn\u0105\u0142 po mistrzostwo Polski. Klasyczne czerwono-bia\u0142o-czerwone barwy, historyczne logo oraz sponsor Bakoma przywo\u0142uj\u0105 niezapomniane chwile z lat 90. Wydaje si\u0119, \u017ce jest to idealna propozycja dla kibic\u00f3w chc\u0105cych poczu\u0107 klimat z\u0142otej\u00a0ery\u00a0Widzewa.<\/p>\n<p lang=\"pl\" dir=\"ltr\">Unikatowe koszulki \ud835\udc11\ud835\udc1e\ud835\udc2d\ud835\udc2b\ud835\udc28 \ud835\udc16\ud835\udc22\ud835\udc1d\ud835\udc33\ud835\udc1e\ud835\udc30 \ud835\udc31 \ud835\udc01\ud835\udc1a\ud835\udc24\ud835\udc28\ud835\udc26\ud835\udc1a s\u0105 ju\u017c dost\u0119pne! \ud83d\ude0e<\/p>\n<p>Zosta\u0142y one podzielone po r\u00f3wno pomi\u0119dzy sklep stacjonarny i internetowy \ud83d\udc55<\/p>\n<p>\u2139\ufe0f Przypominamy, \u017ce liczba trykot\u00f3w w pierwszej serii jest ograniczona. Je\u017celi nie zdo\u0142asz naby\u0107 swojego, pojawi si\u0119\u2026 <a href=\"https:\/\/t.co\/QwMb5fKN1U\" rel=\"nofollow\">pic.twitter.com\/QwMb5fKN1U<\/a><\/p>\n<p>\u2014 Widzew \u0141\u00f3d\u017a (@RTS_Widzew_Lodz) <a href=\"https:\/\/twitter.com\/RTS_Widzew_Lodz\/status\/1959904868484653306?ref_src=twsrc%5Etfw\" rel=\"nofollow noopener\" target=\"_blank\">August 25, 2025<\/a><\/p>\n<p>C jak czu\u0142o\u015b\u0107. Ekstraklasa, we wsp\u00f3\u0142pracy ze wszystkimi klubami, przygotowa\u0142a niespodziank\u0119 w klimacie \u015bwi\u0119ta zakochanych. Z okazji walentynek w trakcie 21. kolejki PKO Bank Polski Ekstraklasy na wszystkich stadionach w przerwie meczu zosta\u0142a zorganizowana akcja \u201eKiss Cam\u201d.<\/p>\n<p>D jak dzia\u0142ka. Cracovia w tym sezonie znalaz\u0142a si\u0119 w kryzysie instytucjonalnym i wizerunkowym. By\u0142a prezes klubu ze stolicy Ma\u0142opolski musia\u0142a mierzy\u0107 si\u0119 z przedstawicielem nowego wi\u0119kszo\u015bciowego akcjonariusza Roberta Platka, Muratem Colakiem. Ko\u015bci\u0105 niezgody by\u0142y tereny w centrum miasta. Nowe w\u0142adze sta\u0142y na stanowisku, \u017ce zosta\u0142y one sprzedane po zani\u017conej warto\u015bci. A ta sprawa wprawi\u0142a w za\u017cenowanie wielu fan\u00f3w Ekstraklasy.<\/p>\n<p lang=\"pl\" dir=\"ltr\">Absolutne kino na <a href=\"https:\/\/twitter.com\/KSCracoviaSA?ref_src=twsrc%5Etfw\" rel=\"nofollow noopener\" target=\"_blank\">@KSCracoviaSA<\/a>. Wiceprezes Murat Colak do El\u017cbiety Filipiak: &#8222;niech pani odda nam nasz\u0105 dzia\u0142k\u0119&#8221;. Chodzi o tereny w centrum Krakowa sprzedane w zesz\u0142ym roku przez klub. Colak m\u00f3wi wprost \u017ce dzia\u0142ka warta 33 mln z\u0142 zosta\u0142a sprzedana za 10. <a href=\"https:\/\/t.co\/jKipBZHmdt\" rel=\"nofollow\">pic.twitter.com\/jKipBZHmdt<\/a><\/p>\n<p>\u2014 Mateusz Miga (@MateuszMiga) <a href=\"https:\/\/twitter.com\/MateuszMiga\/status\/2025901970167316817?ref_src=twsrc%5Etfw\" rel=\"nofollow noopener\" target=\"_blank\">February 23, 2026<\/a><\/p>\n<p>E jak enigma. Lech Pozna\u0144, prezentuj\u0105c nowe koszulki, zaimponowa\u0142 tym, \u017ce po\u0142\u0105czy\u0142 nowoczesno\u015b\u0107 z histori\u0105. Kampania marketingowa mia\u0142a wymiar edukacyjny i dotyczy\u0142a wa\u017cnych wydarze\u0144 z okresu II wojny \u015bwiatowej. \u00a0<\/p>\n<p>F jak frekwencja. Tym razem kibice dali o sobie zna\u0107 i zaimponowali wielu os\u00f3b. Dla porz\u0105dku:w 34. kolejce rozgrywek na stadionach pojawi\u0142o si\u0119 178 030 kibic\u00f3w, co oznacza nowy rekord wszech czas\u00f3w dla jednej serii gier. Tym samym poprawiony zosta\u0142 wynik z 27. kolejki sezonu 2024\/2025, wynosz\u0105cy 157 308 widz\u00f3w. \u0141\u0105cznie 306 spotka\u0144 ligowych zako\u0144czonego sezonu obejrza\u0142o z trybun 4 154 423 os\u00f3b. Pierwszy raz zosta\u0142a przekroczona granic\u0105 czterech milion\u00f3w fan\u00f3w na trybunach, a skoro do Ekstraklasy wracaj\u0105 pe\u0142ni entuzjazmu \u015al\u0105sk Wroc\u0142aw i Wis\u0142a Krak\u00f3w, mo\u017cna przypuszcza\u0107, \u017ce za rok b\u0119dzie jeszcze lepiej!<\/p>\n<p>G jak gloryfikacje legendy. Chodzi o pami\u0119\u0107 dla by\u0142ego pi\u0142karza, kt\u00f3ry potrzebuje pomocy. Robert Dymkowski, ikona Pogoni Szczecin i by\u0142y gracz Widzewa \u0141\u00f3d\u017a, mo\u017ce liczy\u0107 na wsparcie. Przy okazji meczu obu dru\u017cyn ka\u017cdy bilet zakupiony przez kibic\u00f3w obu klub\u00f3w przek\u0142ada\u0142 si\u0119 na realne wsparcie leczenia Dymkowskiego. Dodatkowo, po raz pierwszy w akcj\u0119 STS i Pogoni aktywnie w\u0142\u0105czy\u0142 si\u0119 Widzew, pokazuj\u0105c, \u017ce sport potrafi \u0142\u0105czy\u0107 ponad sportow\u0105 rywalizacj\u0105.<\/p>\n<p>H jak ho\u0142d. W pa\u017adzierniku ubieg\u0142ego roku Mikael Ishak doczeka\u0142 si\u0119 muralu na swoj\u0105 cze\u015b\u0107 w Poznaniu. Mo\u017ce nasta\u0142a moda na murale w polskim futbolu, skoro wcze\u015bniej tak samo zosta\u0142 uhonorowany w Bia\u0142ymstoku Jesus Imaz?<\/p>\n<p lang=\"pl\" dir=\"ltr\">Mural upami\u0119tniaj\u0105cy wywalczenie mistrzostwa Polski w sezonie 2024\/25 oraz zdobywc\u0119 stu bramek dla Kolejorza \u2013 Mikaela Ishaka w ko\u0144cu oficjalnie ods\u0142oni\u0119ty \ud83d\udc51\ud83e\udd70 Niech zostanie z nami na d\u0142ugie lata! <\/p>\n<p>\ud83e\udd1d <a href=\"https:\/\/twitter.com\/SuperbetPL?ref_src=twsrc%5Etfw\" rel=\"nofollow noopener\" target=\"_blank\">@SuperbetPL<\/a>, <a href=\"https:\/\/twitter.com\/mpkpoznan?ref_src=twsrc%5Etfw\" rel=\"nofollow noopener\" target=\"_blank\">@mpkpoznan<\/a>, Miasto Pozna\u0144, Stowarzyszenie Kibic\u00f3w Kolejorz <a href=\"https:\/\/t.co\/Zueb8H9DlZ\" rel=\"nofollow\">pic.twitter.com\/Zueb8H9DlZ<\/a><\/p>\n<p>\u2014 Lech Pozna\u0144 \u2b50\ufe0f (@LechPoznan) <a href=\"https:\/\/twitter.com\/LechPoznan\/status\/1976230808890507674?ref_src=twsrc%5Etfw\" rel=\"nofollow noopener\" target=\"_blank\">October 9, 2025<\/a><\/p>\n<p>I jak influencerzy. CANAL+ z my\u015bl\u0105 o tym, by trafi\u0107 do r\u00f3\u017cnych odbiorc\u00f3w, wpad\u0142 na nietypowy pomys\u0142. W rol\u0119 komentatorskiej \u201edw\u00f3jki\u201d podczas sobotniego spotkania Motor Lublin \u2013 Cracovia wcieli\u0142a si\u0119 posta\u0107 znana g\u0142\u00f3wnie z TikToka, czyli So\u0142tys Lubelszczyzny. To kolejny tw\u00f3rca internetowy, kt\u00f3ry spr\u00f3bowa\u0142 swoich si\u0142 za mikrofonem na antenie g\u0142\u00f3wnego nadawcy PKO BP Ekstraklasy.<\/p>\n<p>J jak jatka. Przed meczem Pucharu Polski w pa\u017adzierniku 2025 roku, Arka Gdynia opublikowa\u0142a w mediach spo\u0142eczno\u015bciowych zdj\u0119cie ochraniaczy na z\u0119by z pytaniem: \u201eHej, Lukas, my\u015blisz, \u017ce wytrzymaj\u0105?\u201d. By\u0142 to \u015bwietny Real Time Marketing, poniewa\u017c klub z Tr\u00f3jmiasta znakomicie zadrwi\u0142 z bezpardonowego faulu Podolskiego na Oskarze Pietuszewskim w spotkaniu z Jagielloni\u0105. <\/p>\n<p>K jak kibicuj z klas\u0105. Mimo \u017ce Lech Pozna\u0144 cz\u0119sto w minionym sezonie przekracza\u0142 granic\u0119 30 tysi\u0119cy widz\u00f3w na domowych meczach, to niejednokrotnie nie by\u0142oby to mo\u017cliwe, gdyby nie akcje promocyjne skierowane do szk\u00f3\u0142. Jest to sytuacja win-win. Uczniowie mog\u0105 po\u0142kn\u0105\u0107 pi\u0142karskiego bakcyla, a klub zwi\u0119ksza frekwencj\u0119, mog\u0105c liczy\u0107 na w\u0142\u0105czenie si\u0119 do dopingu ze strony najm\u0142odszych. Lech t\u0119 akcj\u0119 kontynuuje, ale w minionym sezonie cieszy\u0142a si\u0119 ona szczeg\u00f3lnym zainteresowaniem, co nale\u017cy odnotowa\u0107.<\/p>\n<p><a href=\"https:\/\/www.sportmarketing.pl\/newsletter\/\" rel=\"nofollow noopener\" target=\"_blank\"><img fetchpriority=\"high\" decoding=\"async\" width=\"1024\" height=\"538\" src=\"https:\/\/www.europesays.com\/pl\/wp-content\/uploads\/2026\/05\/1200x630-134-1024x538.png\" alt=\"\" class=\"wp-image-111204\"  \/><\/a><\/p>\n<p>L jak Luis Palma. Cz\u0119sto s\u0142yszymy, \u017ce m\u0142odzi ludzie nie ogl\u0105daj\u0105 ca\u0142ych mecz\u00f3w, tylko skr\u00f3ty i kompilacje. PKO BP Ekstraklasa ma kilka magik\u00f3w, kt\u00f3rzy przyci\u0105gaj\u0105 uwag\u0119. Reprezentant Hondurasu w highlightsach robi\u0142 furor\u0119. Nawet w ostatniej kolejce ligowej popisa\u0142 si\u0119 efektownym trafieniem. I teraz sympatycy polskiej ligi, nie tylko fani Lecha, ci, kt\u00f3rzy lubi\u0105 atrakcyjny futbol, powinni trzyma\u0107 kciuki, by Palma zosta\u0142 w Poznaniu na kolejny sezon.<\/p>\n<p>M jak multiliga. Chocia\u017c niekt\u00f3rzy kibice chcieliby, by \u2013 tak jak dawniej \u2013 transmisje symultaniczne obejmowa\u0142y dwie ostatnie kolejki Ekstraklasy, to i tak po raz kolejny byli\u015bmy \u015bwiadkami ogromnej dramaturgii. Mimo \u017ce ju\u017c wcze\u015bniej poznali\u015bmy mistrza Polski, chocia\u017cby mijanka GKS Katowice i Legii Warszawa by\u0142a niesamowita. Co ciekawe, decyduj\u0105cego o zmianie uk\u0142adzie si\u0142 w ligowych zmaganiach gola skomentowa\u0142 Edward Durda, kt\u00f3ry przed laty r\u00f3wnie\u017c w multilidze mia\u0142 okazj\u0119 skomentowa\u0107 bramk\u0119 zdobyt\u0105 przez Lecha Pozna\u0144 w Chorzowie. Tamten gol przy jednoczesnym samob\u00f3jczym trafieniu Mariusza Jopa w derbach Krakowa sprawi\u0142, \u017ce Kolejorz znalaz\u0142 si\u0119 na pole position i ostatecznie zdoby\u0142 tytu\u0142. Edward Durda ma zatem szcz\u0119\u015bcie do dramatycznych ko\u0144c\u00f3wek.<\/p>\n<p lang=\"pl\" dir=\"ltr\">\ud835\udc0c\ud835\udc00\ud835\udc11\ud835\udc02\ud835\udc04\ud835\udc0b \ud835\udc16\ud835\udc04\u0328\ud835\udc03\ud835\udc11\ud835\udc18\ud835\udc02\ud835\udc07\ud835\udc0e\ud835\udc16\ud835\udc12\ud835\udc0a\ud835\udc08! \ud835\udc06\ud835\udc0a\ud835\udc12 \ud835\udc16 \ud835\udc0f\ud835\udc14\ud835\udc02\ud835\udc07\ud835\udc00\ud835\udc11\ud835\udc00\ud835\udc02\ud835\udc07! \ud83d\ude31<\/p>\n<p>Legia w ostatniej chwili wypada z czo\u0142owej pi\u0105tki! \ud83d\udd25<\/p>\n<p>\ud83d\udcfa Podsumowanie sezonu ogl\u0105daj w CANAL+: <a href=\"https:\/\/t.co\/Khg2yEVJUo\" rel=\"nofollow\">https:\/\/t.co\/Khg2yEVJUo<\/a> <a href=\"https:\/\/t.co\/ugcvNaU0hR\" rel=\"nofollow\">pic.twitter.com\/ugcvNaU0hR<\/a><\/p>\n<p>\u2014 CANAL+ SPORT (@CANALPLUS_SPORT) <a href=\"https:\/\/twitter.com\/CANALPLUS_SPORT\/status\/2058240482375807224?ref_src=twsrc%5Etfw\" rel=\"nofollow noopener\" target=\"_blank\">May 23, 2026<\/a><\/p>\n<p>N jak Nowa Bukowa. Ten stadion, stosunkowo niedawno otwarty, przyni\u00f3s\u0142 szcz\u0119\u015bcie dru\u017cynie z G\u00f3rnego \u015al\u0105ska, kt\u00f3ry zagra w europejskich pucharach. GKS potrafi\u0142 te\u017c sprzeda\u0107 marketingowo sw\u00f3j obiekt. Klub zaprezentowa\u0142 koszulki, kt\u00f3re stanowi\u0105 odniesienie do\u00a0 dru\u017cyny sprzed 40 lat, kt\u00f3ra\u00a01 maja 1986 roku zdoby\u0142a\u00a0Puchar Polski. W\u00a0finale na\u00a0Stadionie \u015al\u0105skim pokona\u0142a 4:1 G\u00f3rnika Zabrze, co rozpocz\u0119\u0142o \u201ez\u0142ot\u0105 dekad\u0119\u201d. Ka\u017cdy sukces Gieksy musi by\u0107 kojarzony z Bukow\u0105, co wyra\u017anie wyeksponowano.<\/p>\n<p>O jak Office. A dok\u0142adnie The Office. \u00a0Serial CANAL+ pos\u0142u\u017cy\u0142 za inspiracj\u0119 Koronie Kielce. W roli g\u0142\u00f3wnej wyst\u0105pi\u0142 Jacek Kie\u0142b, a dominowa\u0142y pozytywne opinie. Ten pomys\u0142 zosta\u0142 zrealizowany przez nowy zesp\u00f3\u0142 marketingowy w kieleckim klubie.<\/p>\n<p>P jak Podolski. By\u0142y reprezentant Niemiec zosta\u0142 wi\u0119kszo\u015bciowym udzia\u0142owcem G\u00f3rnika Zabrze, co na Roosevelta zosta\u0142o przyj\u0119te z eufori\u0105. W minionym sezonie, tak znakomitym dla ekipy z G\u00f3rnego \u015al\u0105ska, weteran europejskich boisk nie odgrywa\u0142 pierwszoplanowej roli na boisku, ale szykowa\u0142 si\u0119 do tego, by zasi\u0105\u015b\u0107 za sterami. I to si\u0119 stanie. Wiele os\u00f3b w Zabrzu czeka\u0142o na t\u0119 prywatyzacj\u0119.<\/p>\n<p>R jak rozmowa wychowawcza. \u00a0Jednym z absurd\u00f3w polskiej Ekstraklasy s\u0105 relacje pi\u0142karzy polskich kibic\u00f3w z ultrasami. Gdy po pora\u017ckach zawodnicy musz\u0105 t\u0142umaczy\u0107 si\u0119 i kaja\u0107 przed zwulgaryzowanymi fanami wiele os\u00f3b ma poczucie za\u017cenowania. Tym razem gracze Arki Gdynia musieli znie\u015b\u0107 wi\u0105zank\u0119 po spadku.<\/p>\n<p lang=\"pl\" dir=\"ltr\">Rozmowa pod p\u0142otem v3<br \/>Tym razem kibice Arki Gdynia znowu dali show. <br \/>Jak kto\u015b z ich kibic\u00f3w oczekiwa\u0142, \u017ce Arka sie utrzyma to ma nie\u017ale pod sufitem nasranr <a href=\"https:\/\/t.co\/kR1uTwF287\" rel=\"nofollow\">pic.twitter.com\/kR1uTwF287<\/a><\/p>\n<p>\u2014 Popson (@M__Popek) <a href=\"https:\/\/twitter.com\/M__Popek\/status\/2056742011147854020?ref_src=twsrc%5Etfw\" rel=\"nofollow noopener\" target=\"_blank\">May 19, 2026<\/a><\/p>\n<p>S \u00a0jak Skolim. Muzyk pojawi\u0142 si\u0119 na hitowym spotkaniu Jagiellonia Bia\u0142ystok-Lech Pozna\u0144 i by\u0142 sponsorem tego meczu. By\u0142 to marketingowy majstersztyk, bo przed rozpocz\u0119ciem rywalizacji m\u0142odzi kibice czekali na autografy, a tak\u017ce wsp\u00f3lne zdj\u0119cia.<\/p>\n<p>T jak transfery. Rekordowe transfery Widzewa \u0141\u00f3d\u017a to przede wszystkim spektakularne wzmocnienia z zimowego okna transferowego, kiedy to klub wyda\u0142 oko\u0142o 13,5 mln euro, bij\u0105c historyczne rekordy Ekstraklasy. Za t\u0105 ofensyw\u0105 transferow\u0105 sta\u0142 nowy w\u0142a\u015bciciel klubu, Robert Dobrzycki, kt\u00f3ry w nast\u0119pnym sezonie liczy na walk\u0119 o wy\u017csze miejsce.<\/p>\n<p>W jak wielka mobilizacja. W ostatnich latach wiele os\u00f3b skar\u017cy\u0142o si\u0119 na to, \u017ce atmosfera na meczach Zag\u0142\u0119bia w Lubinie pozostawia wiele do \u017cyczenia. Tymczasem w minionym sezonie, gdy w pewnym momencie Miedziowi byli rewelacj\u0105 rozgrywek, klub zach\u0119ca\u0142 fan\u00f3w do mobilizacji i t\u0142umnego przybywania na mecze. Imponuj\u0105c\u0105 frekwencj\u0119 uda\u0142o si\u0119 zanotowa\u0107 np. na meczu z Lechem Pozna\u0144, a przed spotkaniem fani Zag\u0142\u0119bia maszerowali wsp\u00f3lnie na stadion, co dodawa\u0142o im si\u0142.<\/p>\n<p lang=\"pl\" dir=\"ltr\">W niedziel\u0119 przed meczem z Lechem Pozna\u0144 odb\u0119dzie si\u0119 wsp\u00f3lny przemarsz kibic\u00f3w Miedziowych na stadion KGHM Zag\u0142\u0119bie Arena \ud83c\udde8\ud83c\uddee<\/p>\n<p>Zbi\u00f3rka o godzinie 12:00 na g\u00f3rce \u201eWieloryb\u201d obok PKS \ud83d\udccd<\/p>\n<p>Pami\u0119tajcie \u2013 wszyscy na pomara\u0144czowo! \ud83d\udfe0 <a href=\"https:\/\/t.co\/2Hl88o3Keb\" rel=\"nofollow\">pic.twitter.com\/2Hl88o3Keb<\/a><\/p>\n<p>\u2014 Zag\u0142\u0119bie Lubin (@ZaglebieLubin) <a href=\"https:\/\/twitter.com\/ZaglebieLubin\/status\/2032166232355402058?ref_src=twsrc%5Etfw\" rel=\"nofollow noopener\" target=\"_blank\">March 12, 2026<\/a><\/p>\n<p>Z jak zbi\u00f3rka. Kluby PKO BP Ekstraklasy na r\u00f3\u017cne sposoby w\u0142\u0105czy\u0142y si\u0119 do g\u0142o\u015bnej zbi\u00f3rki \u0141atwoganga, co by\u0142o idealnym przyk\u0142adem akcji CSR-owej, kt\u00f3ra mo\u017ce przynie\u015b\u0107 realn\u0105 pomoc potrzebuj\u0105cym. Wymiar spo\u0142eczny tej inicjatywy zosta\u0142 doceniony przez wielu kibic\u00f3w.<\/p>\n<p>    <a href=\"https:\/\/www.sportmarketing.pl\/author\/bartlomiej-najtkowski\/\" class=\"group mb-6 flex flex-col gap-4 border-y border-global-border-2 py-6\" rel=\"nofollow noopener\" target=\"_blank\"><\/p>\n<p>            <img decoding=\"async\" loading=\"lazy\" src=\"https:\/\/www.europesays.com\/pl\/wp-content\/uploads\/2026\/05\/Pilka.png\" alt=\"Bart\u0142omiej Najtkowski\" class=\"size-20 rounded-full transition-all group-hover:opacity-80\"\/><\/p>\n<p>                Bart\u0142omiej Najtkowski<\/p>\n<p>    <\/a><\/p>\n<p><script async src=\"https:\/\/platform.twitter.com\/widgets.js\" charset=\"utf-8\"><\/script><\/p>\n","protected":false},"excerpt":{"rendered":"Aktualno\u015bci Marketingowy alfabet PKO BP Ekstraklasy. Od Haditaghiego do \u0141atwoganga 25.05.2026 12:05 W zako\u0144czonym sezonie PKO BP Ekstraklasy&hellip;\n","protected":false},"author":2,"featured_media":451993,"comment_status":"","ping_status":"","sticky":false,"template":"","format":"standard","meta":{"footnotes":"","_share_on_mastodon":"0"},"categories":[52122],"tags":[9009,85640,85641,85642,8050,85643,215,7872,69734,42096,6010,752,2573,42,38,40,39,41,6061],"class_list":["post-451992","post","type-post","status-publish","format-standard","has-post-thumbnail","category-pko-bank-polski","tag-alex-haditaghi","tag-alfabet","tag-bakoma","tag-enigma","tag-frekwencja","tag-koszulki-retro","tag-lech-poznan","tag-lukas-podolski","tag-latwogang","tag-multiliga","tag-pko-bank-polski","tag-pko-bp","tag-pko-bp-ekstraklasa","tag-pl","tag-poland","tag-polish","tag-polska","tag-polski","tag-rekord"],"share_on_mastodon":{"url":"https:\/\/pubeurope.com\/@pl\/116635085491066452","error":""},"_links":{"self":[{"href":"https:\/\/www.europesays.com\/pl\/wp-json\/wp\/v2\/posts\/451992","targetHints":{"allow":["GET"]}}],"collection":[{"href":"https:\/\/www.europesays.com\/pl\/wp-json\/wp\/v2\/posts"}],"about":[{"href":"https:\/\/www.europesays.com\/pl\/wp-json\/wp\/v2\/types\/post"}],"author":[{"embeddable":true,"href":"https:\/\/www.europesays.com\/pl\/wp-json\/wp\/v2\/users\/2"}],"replies":[{"embeddable":true,"href":"https:\/\/www.europesays.com\/pl\/wp-json\/wp\/v2\/comments?post=451992"}],"version-history":[{"count":0,"href":"https:\/\/www.europesays.com\/pl\/wp-json\/wp\/v2\/posts\/451992\/revisions"}],"wp:featuredmedia":[{"embeddable":true,"href":"https:\/\/www.europesays.com\/pl\/wp-json\/wp\/v2\/media\/451993"}],"wp:attachment":[{"href":"https:\/\/www.europesays.com\/pl\/wp-json\/wp\/v2\/media?parent=451992"}],"wp:term":[{"taxonomy":"category","embeddable":true,"href":"https:\/\/www.europesays.com\/pl\/wp-json\/wp\/v2\/categories?post=451992"},{"taxonomy":"post_tag","embeddable":true,"href":"https:\/\/www.europesays.com\/pl\/wp-json\/wp\/v2\/tags?post=451992"}],"curies":[{"name":"wp","href":"https:\/\/api.w.org\/{rel}","templated":true}]}}