{"id":452075,"date":"2026-05-25T12:39:07","date_gmt":"2026-05-25T12:39:07","guid":{"rendered":"https:\/\/www.europesays.com\/pl\/452075\/"},"modified":"2026-05-25T12:39:07","modified_gmt":"2026-05-25T12:39:07","slug":"olga-malinkiewicz-zada-pieniedzy-od-stanowskiego-jest-odpowiedz","status":"publish","type":"post","link":"https:\/\/www.europesays.com\/pl\/452075\/","title":{"rendered":"Olga Malinkiewicz \u017c\u0105da pieni\u0119dzy od Stanowskiego. Jest odpowied\u017a"},"content":{"rendered":"\n<p>&#13;<br \/>\n26 marca sp\u00f3\u0142ka Columbus Energy poinformowa\u0142a w\u00a0swoich mediach spo\u0142eczno\u015bciowych o\u00a0planowanym <a href=\"https:\/\/rozrywka.dorzeczy.pl\/film-i-telewizja\/865084\/columbus-energy-pozywa-kanal-zero-domagaja-sie-55-mln-zlotych.html\" target=\"_blank\" rel=\"nofollow noopener\">pozwie na\u00a0gigantyczn\u0105 kwot\u0119 przeciwko Kana\u0142owi Zero<\/a> i\u00a0samemu Krzysztofowi Stanowskiemu. Chodzi o\u00a0audycj\u0119 z\u00a0udzia\u0142em polskiego fizyka, wynalazcy taniej metody wytwarzania drukowanych ogniw s\u0142onecznych na\u00a0bazie perowskit\u00f3w \u2013\u00a0Olgi Malinkiewicz. Badaczka go\u015bci\u0142a 27 listopada 2025 roku w\u00a0Kanale Zero, gdzie opowiedzia\u0142a, jak wmanewrowano j\u0105 w\u00a0gigantyczne d\u0142ugi, zduszono jej firm\u0119 i\u00a0pozbawiono w\u0142adzy nad technologi\u0105, kt\u00f3r\u0105 wynalaz\u0142a. Stanowski zapowiedzia\u0142 w\u00f3wczas zbi\u00f3rk\u0119 na\u00a0rzecz wsparcia polskich naukowc\u00f3w, kt\u00f3ra powsta\u0142a na\u00a0portalu zrzutka.pl. &#13;\n<\/p>\n<p>&#13;<br \/>\nTeraz pretensje do\u00a0tw\u00f3rcy Kana\u0142u Zero zg\u0142osi\u0142a te\u017c <a href=\"https:\/\/rozrywka.dorzeczy.pl\/film-i-telewizja\/812307\/olga-malinkiewicz-w-kanale-zero-szokujace-sceny-w-programie.html\" target=\"_blank\" rel=\"nofollow noopener\">Olga Malinkiewicz<\/a>. &#13;\n<\/p>\n<p>Olga Malinkiewicz \u017c\u0105da pieni\u0119dzy od\u00a0Stanowskiego<\/p>\n<p>&#13;<br \/>\n&#8222;KRZYSZTOF STANOWSKI Z\u00a0KANA\u0141U ZERO ODMAWIA PRZEKAZANIA \u015aRODK\u00d3W ZEBRANYCH NA OBRON\u0118 TECHNOLOGII SAULE DO FUNDACJI OLGI MALINKIEWICZ, ODMAWIA UJAWNIENIA STANU KONTA ZBI\u00d3RKI, JEST PROSZONY O\u00a0ZWROT ZEBRANYCH \u015aRODK\u00d3W DARCZY\u0143COM&#8221; \u2013\u00a0poinformowa\u0142a w\u00a0swoich mediach spo\u0142eczno\u015bciowych badaczka. &#13;\n<\/p>\n<p>&#13;<br \/>\nJak twierdzi w\u00a0dalszej cz\u0119\u015bci swojego postu, zbi\u00f3rka budzi\u0142a zainteresowanie w\u00a0Polsce i\u00a0za granic\u0105, a\u00a0Stanowski zobowi\u0105za\u0142 si\u0119 publicznie, \u017ce\u00a0to\u00a0do\u00a0niej trafi\u0105 zebrane \u015brodki i\u00a0tego te\u017c, w\u00a0jej opinii, chcieli darczy\u0144cy. \u0141\u0105cznie by\u0142o ich 18 098, a\u00a0kwota, kt\u00f3r\u0105 uda\u0142o si\u0119 zebra\u0107 wynios\u0142a 1\u00a0144 951 z\u0142. &#13;\n<\/p>\n<p>&#13;<br \/>\n&#8222;Od sze\u015bciu miesi\u0119cy ze\u00a0zbi\u00f3rki Stanowskiego na\u00a0obron\u0119 technologii Saule nie\u00a0wp\u0142yn\u0119\u0142a ani z\u0142ot\u00f3wka, mimo \u017ce\u00a0od\u00a0miesi\u0119cy istnieje Fundacja Olgi Malinkiewicz, kt\u00f3rej prezesem jest zas\u0142u\u017cony profesor nauk technicznych Jan Felba, wieloletni prezes Saule Research Institute. Za\u0142o\u017cenie Fundacji by\u0142o jedynym warunkiem, jaki Stanowski postawi\u0142 dla\u00a0przekazania zebranych przez niego funduszy&#8221; \u2013\u00a0czytamy. &#13;\n<\/p>\n<p>&#13;<br \/>\n&#8222;Ju\u017c po\u00a0za\u0142o\u017ceniu Fundacji Stanowski nagle wprowadzi\u0142 wym\u00f3g akceptacji i\u00a0weryfikacji przez niego ka\u017cdego wydatku Fundacji z\u00a0jego zbi\u00f3rki \u2014\u00a0w\u00a0tym r\u00f3wnie\u017c wydatk\u00f3w na\u00a0m\u00f3j sp\u00f3r z\u00a0Columbus Energy w\u00a0sprawie technologii Saule&#8221; \u2013\u00a0podkre\u015bla. W\u00a0opinii Malinkiewicz, w\u00a0zwi\u0105zku z\u00a0zapowiedzi\u0105 pozwu przez Columbus Energy przeciwko Stanowskiemu, po\u00a0stronie dziennikarza wyst\u0119puje tu konflikt interes\u00f3w. &#13;\n<\/p>\n<p>&#13;<br \/>\n&#8222;W\u00a0zwi\u0105zku z\u00a0powy\u017cszym wzywam Krzysztofa Stanowskiego do\u00a0natychmiastowego zamkni\u0119cia za\u0142o\u017conej przez niego zbi\u00f3rki oraz\u00a0zwr\u00f3cenia wszystkich funduszy darczy\u0144com \u2013\u00a0i\u00a0pozostawienia im\u00a0decyzji, w\u00a0jaki spos\u00f3b ich \u015brodki maj\u0105 zosta\u0107 wykorzystane na\u00a0obron\u0119 technologii Saule&#8221; \u2013\u00a0podkre\u015bli\u0142a badaczka, dodaj\u0105c na\u00a0koniec podzi\u0119kowania dla\u00a0dziennikarza i\u00a0Kana\u0142u Zero za\u00a0po\u015bwi\u0119cony jej czas antenowy. &#13;\n<\/p>\n<p>Tw\u00f3rca Kana\u0142u Zero odpowiada. &#8222;Tak to\u00a0si\u0119 odbywa\u0107 nie\u00a0b\u0119dzie&#8221;<\/p>\n<p>&#13;<br \/>\nKrzysztof Stanowski odni\u00f3s\u0142 si\u0119 do\u00a0roszcze\u0144 stawianych przez Olg\u0119 Malinkiewicz. &#13;\n<\/p>\n<p>&#13;<br \/>\n&#8222;Tak, to\u00a0prawda. Za\u0142o\u017cyli\u015bmy zrzutk\u0119 na\u00a01000 z\u0142otych, uzbierali\u015bmy ponad milion. Zebrane przez widz\u00f3w Kana\u0142u Zero pieni\u0105dze nie\u00a0b\u0119d\u0105 wydawane bez kontroli. Nasz przekaz dla\u00a0pani Malinkiewicz jest niezmienny \u2013\u00a0musi pokaza\u0107 konkretn\u0105 faktur\u0119, uzasadni\u0107 jej zwi\u0105zek z\u00a0celem zbi\u00f3rki, nie\u00a0ma\u00a0wydawania pieni\u0119dzy naszych widz\u00f3w &#8222;na g\u0119b\u0119&#8221;&#8221; \u2013\u00a0poinformowa\u0142. &#13;\n<\/p>\n<p>&#13;<br \/>\n&#8222;Tymczasem pani Olga za\u017c\u0105da\u0142a (!) od\u00a0nas na\u00a0dobry pocz\u0105tek p\u00f3\u0142 miliona z\u0142otych. No tak to\u00a0si\u0119 odbywa\u0107 nie\u00a0b\u0119dzie. Zamiast pisa\u0107 tutaj, proponuj\u0119 Oldze by\u00a0wr\u00f3ci\u0142a do\u00a0kontaktu z\u00a0wyznaczonymi przez nas prawnikami. My\u00a0z\u0142ej woli nie\u00a0mamy, ale\u00a0relacja zrobi\u0142a si\u0119 co\u00a0najmniej dziwna&#8221; \u2013\u00a0doda\u0142 dziennikarz. &#13;\n<\/p>\n<p>&#13;<br \/>\ntwitterCzytaj te\u017c:<br \/><a href=\"https:\/\/rozrywka.dorzeczy.pl\/film-i-telewizja\/891946\/kanal-otwarty-mial-byc-konkurencja-dla-kanalu-zero-sa-wyniki.html\" rel=\"follow nofollow noopener\" data-schema=\"DORZECZY\" data-image=\"https:\/\/img.dorzeczy.pl\/_thumb\/4b\/14\/0cefeebce29754d9fe2ccaffe023.jpeg\" target=\"_blank\">Konkurencja dla\u00a0Kana\u0142u Zero? Wyniki m\u00f3wi\u0105 same za\u00a0siebie<\/a>Czytaj te\u017c:<br \/><a href=\"https:\/\/dorzeczy.pl\/opinie\/890551\/jednak-sukces-stanowski-komentuje-start-kanalu-zero-tv.html\" rel=\"follow nofollow noopener\" data-schema=\"DORZECZY\" data-image=\"https:\/\/img.dorzeczy.pl\/_thumb\/a1\/be\/076c6ef5dbf81029cb0d01e16f0e.jpeg\" target=\"_blank\">&#8222;Jednak sukces&#8221;. Stanowski komentuje start Kana\u0142u Zero TV<\/a>&#13;<\/p>\n","protected":false},"excerpt":{"rendered":"&#13; 26 marca sp\u00f3\u0142ka Columbus Energy poinformowa\u0142a w\u00a0swoich mediach spo\u0142eczno\u015bciowych o\u00a0planowanym pozwie na\u00a0gigantyczn\u0105 kwot\u0119 przeciwko Kana\u0142owi Zero i\u00a0samemu&hellip;\n","protected":false},"author":2,"featured_media":452076,"comment_status":"","ping_status":"","sticky":false,"template":"","format":"standard","meta":{"footnotes":"","_share_on_mastodon":"0"},"categories":[16],"tags":[113,112,26238,98,288,291,2252,2672,287,43313,26237,42,38,40,39,41,290,289,1348,17315],"class_list":["post-452075","post","type-post","status-publish","format-standard","has-post-thumbnail","category-biznes","tag-biznes","tag-business","tag-columbus-energy","tag-dorzeczy","tag-film-i-telewizja","tag-historia","tag-kanal-zero","tag-krzysztof-stanowski","tag-malgorzata-puzyr","tag-naukowcy","tag-olga-malinkiewicz","tag-pl","tag-poland","tag-polish","tag-polska","tag-polski","tag-rozrywka-do-rzeczy","tag-show-biznes","tag-technologia","tag-zbiorka"],"share_on_mastodon":{"url":"","error":""},"_links":{"self":[{"href":"https:\/\/www.europesays.com\/pl\/wp-json\/wp\/v2\/posts\/452075","targetHints":{"allow":["GET"]}}],"collection":[{"href":"https:\/\/www.europesays.com\/pl\/wp-json\/wp\/v2\/posts"}],"about":[{"href":"https:\/\/www.europesays.com\/pl\/wp-json\/wp\/v2\/types\/post"}],"author":[{"embeddable":true,"href":"https:\/\/www.europesays.com\/pl\/wp-json\/wp\/v2\/users\/2"}],"replies":[{"embeddable":true,"href":"https:\/\/www.europesays.com\/pl\/wp-json\/wp\/v2\/comments?post=452075"}],"version-history":[{"count":0,"href":"https:\/\/www.europesays.com\/pl\/wp-json\/wp\/v2\/posts\/452075\/revisions"}],"wp:featuredmedia":[{"embeddable":true,"href":"https:\/\/www.europesays.com\/pl\/wp-json\/wp\/v2\/media\/452076"}],"wp:attachment":[{"href":"https:\/\/www.europesays.com\/pl\/wp-json\/wp\/v2\/media?parent=452075"}],"wp:term":[{"taxonomy":"category","embeddable":true,"href":"https:\/\/www.europesays.com\/pl\/wp-json\/wp\/v2\/categories?post=452075"},{"taxonomy":"post_tag","embeddable":true,"href":"https:\/\/www.europesays.com\/pl\/wp-json\/wp\/v2\/tags?post=452075"}],"curies":[{"name":"wp","href":"https:\/\/api.w.org\/{rel}","templated":true}]}}