{"id":452705,"date":"2026-05-25T18:43:09","date_gmt":"2026-05-25T18:43:09","guid":{"rendered":"https:\/\/www.europesays.com\/pl\/452705\/"},"modified":"2026-05-25T18:43:09","modified_gmt":"2026-05-25T18:43:09","slug":"andrzej-duda-za-prezydenta-miszalskiego-posel-pis-bylby-mocnym-kandydatem","status":"publish","type":"post","link":"https:\/\/www.europesays.com\/pl\/452705\/","title":{"rendered":"Andrzej Duda za prezydenta Miszalskiego? Pose\u0142 PiS: by\u0142by mocnym kandydatem"},"content":{"rendered":"\n<p>Co powiedzia\u0142 \u0141ukasz Kmita?<\/p>\n<p>Szef ma\u0142opolskiego PiS zdradzi\u0142, jakie plany ma jego partia. \u2014 Na dzisiaj bardziej czekamy na to, kogo premier Donald Tusk wska\u017ce jako namiestnika w Krakowie. Skoro ju\u017c odwo\u0142ali\u015bmy ma\u0142ego Tuska, czyli Miszalskiego, to zastanawiamy si\u0119, kto b\u0119dzie komisarzem w Krakowie. I pewnie te\u017c od tej decyzji, b\u0119dziemy uzale\u017cniali decyzje, kogo poprzemy i kto b\u0119dzie kandydatem \u2014 powiedzia\u0142 w rozmowie z RMF FM.<\/p>\n","protected":false},"excerpt":{"rendered":"Co powiedzia\u0142 \u0141ukasz Kmita? Szef ma\u0142opolskiego PiS zdradzi\u0142, jakie plany ma jego partia. \u2014 Na dzisiaj bardziej czekamy&hellip;\n","protected":false},"author":2,"featured_media":452706,"comment_status":"","ping_status":"","sticky":false,"template":"","format":"standard","meta":{"footnotes":"","_share_on_mastodon":"0"},"categories":[12],"tags":[24070,2159,61195,32,33,36,37,27,1304,34,35,45529,28,31,48,25,46,42,38,40,39,41,47,29,30,70,26],"class_list":["post-452705","post","type-post","status-publish","format-standard","has-post-thumbnail","category-polska","tag-aleksander_miszalski","tag-andrzej_duda","tag-bottomfeed_styl","tag-breaking-news","tag-breakingnews","tag-featured-news","tag-featurednews","tag-headlines","tag-krakow","tag-latest-news","tag-latestnews","tag-lukasz_kmita","tag-naglowki","tag-najwazniejsze-artykuly","tag-nat_styl","tag-news","tag-omp","tag-pl","tag-poland","tag-polish","tag-polska","tag-polski","tag-screening_general","tag-top-stories","tag-topstories","tag-w_skrocie","tag-wiadomosci"],"share_on_mastodon":{"url":"https:\/\/pubeurope.com\/@pl\/116636693560207066","error":""},"_links":{"self":[{"href":"https:\/\/www.europesays.com\/pl\/wp-json\/wp\/v2\/posts\/452705","targetHints":{"allow":["GET"]}}],"collection":[{"href":"https:\/\/www.europesays.com\/pl\/wp-json\/wp\/v2\/posts"}],"about":[{"href":"https:\/\/www.europesays.com\/pl\/wp-json\/wp\/v2\/types\/post"}],"author":[{"embeddable":true,"href":"https:\/\/www.europesays.com\/pl\/wp-json\/wp\/v2\/users\/2"}],"replies":[{"embeddable":true,"href":"https:\/\/www.europesays.com\/pl\/wp-json\/wp\/v2\/comments?post=452705"}],"version-history":[{"count":0,"href":"https:\/\/www.europesays.com\/pl\/wp-json\/wp\/v2\/posts\/452705\/revisions"}],"wp:featuredmedia":[{"embeddable":true,"href":"https:\/\/www.europesays.com\/pl\/wp-json\/wp\/v2\/media\/452706"}],"wp:attachment":[{"href":"https:\/\/www.europesays.com\/pl\/wp-json\/wp\/v2\/media?parent=452705"}],"wp:term":[{"taxonomy":"category","embeddable":true,"href":"https:\/\/www.europesays.com\/pl\/wp-json\/wp\/v2\/categories?post=452705"},{"taxonomy":"post_tag","embeddable":true,"href":"https:\/\/www.europesays.com\/pl\/wp-json\/wp\/v2\/tags?post=452705"}],"curies":[{"name":"wp","href":"https:\/\/api.w.org\/{rel}","templated":true}]}}