{"id":452731,"date":"2026-05-25T18:59:44","date_gmt":"2026-05-25T18:59:44","guid":{"rendered":"https:\/\/www.europesays.com\/pl\/452731\/"},"modified":"2026-05-25T18:59:44","modified_gmt":"2026-05-25T18:59:44","slug":"ogromne-korki-na-a4-i-aow-nawet-15-kilometrow-zatoru-wszystko-przez-kolizje","status":"publish","type":"post","link":"https:\/\/www.europesays.com\/pl\/452731\/","title":{"rendered":"Ogromne korki na A4 i AOW &#8211; nawet 15 kilometr\u00f3w zatoru! Wszystko przez kolizj\u0119"},"content":{"rendered":"<p>Dwa samochody osobowe zderzy\u0142y si\u0119 na 148. kilometrze autostrady A4.<\/p>\n<p>Fot. Wojciech Bagi\u0144ski\/K\u0105ty Wroc\u0142awskie na sygnale<\/p>\n<p>Na 148. kilometrze autostrady A4 dosz\u0142o do zderzenia dw\u00f3ch samochod\u00f3w osobowych. Nikt nie zosta\u0142 poszkodowany, ale kierowcy na A4 i AOW stoj\u0105 w d\u0142ugich korkach.<\/p>\n<p style=\"text-align: justify;\">Aktualizacja: Godz. 19.00<\/p>\n<p style=\"text-align: justify;\">Ogromne korki nadal widoczne s\u0105 na autostradzie A4. Zator przed Pietrzykowicami na jezdni w kierunku Legnicy ma 8 kilometr\u00f3w. Zator na AOW od Lotniska do w\u0119z\u0142a Wroc\u0142aw-Po\u0142udnie w kierunku Kudowy ma 4 kilometry.<\/p>\n<p style=\"text-align: justify;\">Godz. 17:00.<\/p>\n<p style=\"text-align: justify;\">Prawie 12 kilometr\u00f3w maj\u0105 korki na AOW &#8211; od stadionu do w\u0119z\u0142a Wroc\u0142aw-Po\u0142udnie na jezdni w kierunku Kudowy.<br \/>Na jezdni w kierunku Warszawy &#8211; na wysoko\u015bci stadionu dosz\u0142o do kolizji samochodu osobowego z motocyklem. Tutaj korek jest ju\u017c mniejszy &#8211; ma oko\u0142o kilometra.<\/p>\n<p style=\"text-align: justify;\">Najtrudniejsza sytuacja jest na autostradzie A4, kt\u00f3ra przytyka si\u0119 na jezdni od Katowic w kierunku Zgorzelca. Zwalniamy ju\u017c na wysoko\u015bci w\u0119z\u0142a Brzezimierz, na wysoko\u015bci Krajkowa a tak\u017ce Bielan Wroc\u0142awskich, w\u0119z\u0142a Wroc\u0142aw-Po\u0142udnie\u00a0oraz Pietrzykowic. \u0141\u0105cznie &#8211; spowolnienia maj\u0105 prawie 20 kilometr\u00f3w.<\/p>\n<p style=\"text-align: justify;\">Godz. 15:32<\/p>\n<p style=\"text-align: justify;\">Autostradowa Obwodnica Wroc\u0142awia zacz\u0119\u0142a korkowa\u0107 si\u0119 r\u00f3wnie\u017c na jezdni w kierunku Warszawy &#8211; na wysoko\u015bci Stadionu. Zator ma ponad 5 kilometr\u00f3w.<\/p>\n<p style=\"text-align: justify;\">Godz. 14:48<\/p>\n<p style=\"text-align: justify;\">Prawie 12 kilometr\u00f3w ma zator na A4 &#8211; od Opola w kierunku Wroc\u0142awia. Korki zaczynaj\u0105 si\u0119 za zajazdem na Brzezimierz a ko\u0144cz\u0105 na wysoko\u015bci Bielan Wroc\u0142awskich.\u00a0<\/p>\n<p style=\"text-align: justify;\">Stoimy r\u00f3wnie\u017c na AOW w kierunku Kudowy &#8211; korek ma 8 kilometr\u00f3w &#8211; zaczyna si\u0119 za zjazdem na Stadion a ko\u0144czy na w\u0119\u017ale Wroc\u0142aw-Po\u0142udnie.<\/p>\n<p style=\"text-align: justify;\">Wcze\u015bniej pisali\u015bmy:<\/p>\n<p style=\"text-align: justify;\">Dwa samochody osobowe zderzy\u0142y si\u0119 na autostradzie A4. Do kolizji dosz\u0142o w poniedzia\u0142ek oko\u0142o godziny 12:00 mi\u0119dzy w\u0119z\u0142ami Wroc\u0142aw Po\u0142udnie i Pietrzykowice na jezdni w kierunku Legnicy i Zgorzelca. W zdarzeniu nikt nie zosta\u0142 poszkodowany.<\/p>\n<p style=\"text-align: justify;\">Zablokowanie jednego pasa w stron\u0119 granicy z Niemcami powoduje ogromne utrudnienia w okolicach Wroc\u0142awia. Na autostradzie A4 15-kilometrowy zator ci\u0105gnie si\u0119 niemal od w\u0119z\u0142a Wroc\u0142aw Wsch\u00f3d. Z kolei Autostradowa Obwodnica Wroc\u0142awia na jezdni w stron\u0119 Kudowy-Zdroju przytyka si\u0119 od w\u0119z\u0142a Wroc\u0142aw Zach\u00f3d do w\u0119z\u0142a Wroc\u0142aw Po\u0142udnie i zjazdu na A4. Wed\u0142ug GDDKiA utrudnienia mog\u0105 potrwa\u0107 do godziny 14:00.<\/p>\n<p style=\"text-align: justify;\"><img decoding=\"async\" style=\"margin: 5px 0px 5px 0px; width: 100%; float: none;\" src=\"https:\/\/www.europesays.com\/pl\/wp-content\/uploads\/2026\/05\/Ogromne-korki-na-A4-i-AOW-nawet-15-kilometrow-zatoru-Wszystko-przez-kolizje-1-6a142ff382d48-ze2021.p.png\" alt=\"\"\/><\/p>\n<p style=\"text-align: justify;\">By\u0142e\u015b \u015bwiadkiem wypadku lub innego zdarzenia na drodze? A mo\u017ce stoisz w korku i chcesz przestrzec innych kierowc\u00f3w? Zadzwo\u0144 na telefon drogowy Radia Wroc\u0142aw: 71 339 33 55.<\/p>\n","protected":false},"excerpt":{"rendered":"Dwa samochody osobowe zderzy\u0142y si\u0119 na 148. kilometrze autostrady A4. Fot. Wojciech Bagi\u0144ski\/K\u0105ty Wroc\u0142awskie na sygnale Na 148.&hellip;\n","protected":false},"author":2,"featured_media":452732,"comment_status":"","ping_status":"","sticky":false,"template":"","format":"standard","meta":{"footnotes":"","_share_on_mastodon":"0"},"categories":[51607],"tags":[16628,8270,24899,51726,85823,24513,8971,34720,79570,25,58659,42,38,40,39,41,53719,1853,63840,85824],"class_list":["post-452731","post","type-post","status-publish","format-standard","has-post-thumbnail","category-wroclaw","tag-16628","tag-a4","tag-aow","tag-i","tag-kilometrow","tag-kolizje","tag-korki","tag-na","tag-nawet","tag-news","tag-ogromne","tag-pl","tag-poland","tag-polish","tag-polska","tag-polski","tag-przez","tag-wroclaw","tag-wszystko","tag-zatoru"],"share_on_mastodon":{"url":"https:\/\/pubeurope.com\/@pl\/116636757075496667","error":""},"_links":{"self":[{"href":"https:\/\/www.europesays.com\/pl\/wp-json\/wp\/v2\/posts\/452731","targetHints":{"allow":["GET"]}}],"collection":[{"href":"https:\/\/www.europesays.com\/pl\/wp-json\/wp\/v2\/posts"}],"about":[{"href":"https:\/\/www.europesays.com\/pl\/wp-json\/wp\/v2\/types\/post"}],"author":[{"embeddable":true,"href":"https:\/\/www.europesays.com\/pl\/wp-json\/wp\/v2\/users\/2"}],"replies":[{"embeddable":true,"href":"https:\/\/www.europesays.com\/pl\/wp-json\/wp\/v2\/comments?post=452731"}],"version-history":[{"count":0,"href":"https:\/\/www.europesays.com\/pl\/wp-json\/wp\/v2\/posts\/452731\/revisions"}],"wp:featuredmedia":[{"embeddable":true,"href":"https:\/\/www.europesays.com\/pl\/wp-json\/wp\/v2\/media\/452732"}],"wp:attachment":[{"href":"https:\/\/www.europesays.com\/pl\/wp-json\/wp\/v2\/media?parent=452731"}],"wp:term":[{"taxonomy":"category","embeddable":true,"href":"https:\/\/www.europesays.com\/pl\/wp-json\/wp\/v2\/categories?post=452731"},{"taxonomy":"post_tag","embeddable":true,"href":"https:\/\/www.europesays.com\/pl\/wp-json\/wp\/v2\/tags?post=452731"}],"curies":[{"name":"wp","href":"https:\/\/api.w.org\/{rel}","templated":true}]}}