{"id":453227,"date":"2026-05-26T00:20:11","date_gmt":"2026-05-26T00:20:11","guid":{"rendered":"https:\/\/www.europesays.com\/pl\/453227\/"},"modified":"2026-05-26T00:20:11","modified_gmt":"2026-05-26T00:20:11","slug":"siergiej-lawrow-rozmawial-z-marco-rubio-poinformowal-go-o-decyzji-rosji","status":"publish","type":"post","link":"https:\/\/www.europesays.com\/pl\/453227\/","title":{"rendered":"Siergiej \u0141awrow rozmawia\u0142 z Marco Rubio. Poinformowa\u0142 go o decyzji Rosji"},"content":{"rendered":"<p>W o\u015bwiadczeniu MSZ Rosji napisano, \u017ce \u0141awrow powiedzia\u0142 Rubio w rozmowie telefonicznej, i\u017c krok ten podj\u0119to &#8222;w odpowiedzi na trwaj\u0105ce ataki terrorystyczne re\u017cimu w Kijowie przeciwko cywilnej ludno\u015bci i obiektom cywilnym na terytorium Rosji&#8221;.<\/p>\n<p> Dalszy ci\u0105g artyku\u0142u pod materia\u0142em wideo <\/p>\n<p>Dodano, \u017ce rosyjskie si\u0142y zbrojne &#8222;rozpoczynaj\u0105 systematyczne uderzenia na obiekty znajduj\u0105ce si\u0119 w Kijowie, kt\u00f3re s\u0105 wykorzystywane na potrzeby Si\u0142 Zbrojnych Ukrainy, a tak\u017ce na o\u015brodki, w kt\u00f3rych podejmowane s\u0105 odpowiednie decyzje&#8221;. Ameryka\u0144ski Departament Stanu jeszcze nie poinformowa\u0142 o rozmowie sekretarza stanu z \u0141awrowem.<\/p>\n<p>Wcze\u015bniej w poniedzia\u0142ek MSZ Rosji ostrzeg\u0142o, \u017ce si\u0142y zbrojne tego kraju rozpoczynaj\u0105 seri\u0119 metodycznych uderze\u0144 wymierzonych w obiekty wojskowe i przemys\u0142owe na terenie Kijowa, i w zwi\u0105zku z tym zaleci\u0142o cudzoziemcom jak najszybsze opuszczenie ukrai\u0144skiej stolicy.<\/p>\n<p>Ataki na Ukrain\u0119<\/p>\n<p>W wydanym komunikacie rosyjskie MSZ poinformowa\u0142o, \u017ce ataki b\u0119d\u0105 odwetem za \u2014 jak to okre\u015blono \u2014 celowy atak dronowy ukrai\u0144skich si\u0142 zbrojnych na budynek dydaktyczny i akademik w Starobilsku w pi\u0105tek. Ukraina zaprzeczy\u0142a tym oskar\u017ceniom i wyja\u015bni\u0142a, \u017ce celem ataku by\u0142a jednostka kieruj\u0105ca atakami dronowymi.<\/p>\n<p>W miniony weekend rosyjskie si\u0142y prowadzi\u0142y intensywne ataki na obw\u00f3d kijowski i stolic\u0119. Wed\u0142ug w\u0142adz ukrai\u0144skich, w nocy z soboty na niedziel\u0119 Rosja wystrzeli\u0142a 600 dron\u00f3w i 90 pocisk\u00f3w, w tym hipersoniczny pocisk balistyczny Oriesznik. Zgin\u0119\u0142y cztery osoby, a ok. stu zosta\u0142o rannych.<\/p>\n","protected":false},"excerpt":{"rendered":"W o\u015bwiadczeniu MSZ Rosji napisano, \u017ce \u0141awrow powiedzia\u0142 Rubio w rozmowie telefonicznej, i\u017c krok ten podj\u0119to &#8222;w odpowiedzi&hellip;\n","protected":false},"author":2,"featured_media":453228,"comment_status":"","ping_status":"","sticky":false,"template":"","format":"standard","meta":{"footnotes":"","_share_on_mastodon":"0"},"categories":[14],"tags":[61195,32,33,27,76,34,35,5190,28,31,48,25,46,40,41,87,47,5189,80,29,30,415,71,26,82,83,84],"class_list":["post-453227","post","type-post","status-publish","format-standard","has-post-thumbnail","category-swiat","tag-bottomfeed_styl","tag-breaking-news","tag-breakingnews","tag-headlines","tag-inwazja_rosji_na_ukraine","tag-latest-news","tag-latestnews","tag-marco_rubio","tag-naglowki","tag-najwazniejsze-artykuly","tag-nat_styl","tag-news","tag-omp","tag-polish","tag-polski","tag-rosja","tag-screening_general","tag-siergiej_lawrow","tag-swiat","tag-top-stories","tag-topstories","tag-ukraina","tag-usa","tag-wiadomosci","tag-world","tag-world-news","tag-worldnews"],"share_on_mastodon":{"url":"https:\/\/pubeurope.com\/@pl\/116638018736922957","error":""},"_links":{"self":[{"href":"https:\/\/www.europesays.com\/pl\/wp-json\/wp\/v2\/posts\/453227","targetHints":{"allow":["GET"]}}],"collection":[{"href":"https:\/\/www.europesays.com\/pl\/wp-json\/wp\/v2\/posts"}],"about":[{"href":"https:\/\/www.europesays.com\/pl\/wp-json\/wp\/v2\/types\/post"}],"author":[{"embeddable":true,"href":"https:\/\/www.europesays.com\/pl\/wp-json\/wp\/v2\/users\/2"}],"replies":[{"embeddable":true,"href":"https:\/\/www.europesays.com\/pl\/wp-json\/wp\/v2\/comments?post=453227"}],"version-history":[{"count":0,"href":"https:\/\/www.europesays.com\/pl\/wp-json\/wp\/v2\/posts\/453227\/revisions"}],"wp:featuredmedia":[{"embeddable":true,"href":"https:\/\/www.europesays.com\/pl\/wp-json\/wp\/v2\/media\/453228"}],"wp:attachment":[{"href":"https:\/\/www.europesays.com\/pl\/wp-json\/wp\/v2\/media?parent=453227"}],"wp:term":[{"taxonomy":"category","embeddable":true,"href":"https:\/\/www.europesays.com\/pl\/wp-json\/wp\/v2\/categories?post=453227"},{"taxonomy":"post_tag","embeddable":true,"href":"https:\/\/www.europesays.com\/pl\/wp-json\/wp\/v2\/tags?post=453227"}],"curies":[{"name":"wp","href":"https:\/\/api.w.org\/{rel}","templated":true}]}}