{"id":454263,"date":"2026-05-26T12:03:09","date_gmt":"2026-05-26T12:03:09","guid":{"rendered":"https:\/\/www.europesays.com\/pl\/454263\/"},"modified":"2026-05-26T12:03:09","modified_gmt":"2026-05-26T12:03:09","slug":"najwiekszy-hit-widzewa-lodz-oto-kogos-sciagaja-do-klubu","status":"publish","type":"post","link":"https:\/\/www.europesays.com\/pl\/454263\/","title":{"rendered":"Najwi\u0119kszy hit Widzewa \u0141\u00f3d\u017a! Oto kogo\u015b \u015bci\u0105gaj\u0105 do klubu"},"content":{"rendered":"<p>Po rozczarowuj\u0105cym sezonie w szeregach Widzewa \u0141\u00f3d\u017a rozpoczyna si\u0119 czas kluczowych decyzji. O najwa\u017cniejszej z <a href=\"https:\/\/sport.fakt.pl\/pilka-nozna\/beda-zmiany-w-widzewie-lodz-lukasz-maslowski-blisko-aleksandar-vukovic-zostaje\/15e9qmq\" id=\"3b55ce3d-1514-4cad-b273-45e93768c6a0\" rel=\"nofollow noopener\" target=\"_blank\">nich informuje dziennik &#8222;Fakt&#8221;<\/a>. Dalszy ci\u0105g artyku\u0142u pod materia\u0142em wideo <\/p>\n<p>Zdaniem dziennikarzy bardzo blisko do\u0142\u0105czenia do \u0142\u00f3dzkiego klubu jest \u0141ukasz Mas\u0142owski, jednej z architekt\u00f3w ostatnich sukces\u00f3w Jagiellonii Bia\u0142ystok.<\/p>\n<p> Kluczowy ruch Widzewa o krok. Od dawna o niego zabiegali<\/p>\n<p>Dyrektor sportowy od d\u0142u\u017cszego czasu jest &#8222;\u0142akomym k\u0105skiem&#8221; na rynku transferowym. O jego us\u0142ugi zabiegali wcze\u015bniej m.in. Legia Warszawa i Rak\u00f3w Cz\u0119stochowa, a teraz wszystko wskazuje na to, \u017ce od nowego sezonu wyl\u0105duje w Widzewie.<\/p>\n<p>Wed\u0142ug &#8222;Faktu&#8221; oznacza to, \u017ce z klubem po\u017cegna si\u0119 Dariusz Adamczuk, pe\u0142nomocnik zarz\u0105du ds. Sportu. Niepewny jest r\u00f3wnie\u017c los Piotra Burlikowskiego, kt\u00f3ry pe\u0142ni rol\u0119 dyrektora ds. pionu sportowego.<\/p>\n<p>Mas\u0142owski w ostatnich latach si\u0119ga\u0142 z Jagielloni\u0105 m.in. po mistrzostwo Polski, zaliczy\u0142 tak\u017ce udane wyst\u0119py w Lidze Konferencji Europy.<\/p>\n","protected":false},"excerpt":{"rendered":"Po rozczarowuj\u0105cym sezonie w szeregach Widzewa \u0141\u00f3d\u017a rozpoczyna si\u0119 czas kluczowych decyzji. O najwa\u017cniejszej z nich informuje dziennik&hellip;\n","protected":false},"author":2,"featured_media":454264,"comment_status":"","ping_status":"","sticky":false,"template":"","format":"standard","meta":{"footnotes":"","_share_on_mastodon":"0"},"categories":[51608],"tags":[61195,9097,274,7900,3652,48,46,948,7906,42,38,40,39,41,9096,47,130,3469],"class_list":["post-454263","post","type-post","status-publish","format-standard","has-post-thumbnail","category-lodz","tag-bottomfeed_styl","tag-dariusz_adamczuk","tag-ekstraklasa","tag-lukasz_maslowski","tag-lodz","tag-nat_styl","tag-omp","tag-pilka_nozna","tag-piotr_burlikowski","tag-pl","tag-poland","tag-polish","tag-polska","tag-polski","tag-robert_dobrzycki","tag-screening_general","tag-wiadomosci_sportowe","tag-widzew_lodz"],"share_on_mastodon":{"url":"","error":""},"_links":{"self":[{"href":"https:\/\/www.europesays.com\/pl\/wp-json\/wp\/v2\/posts\/454263","targetHints":{"allow":["GET"]}}],"collection":[{"href":"https:\/\/www.europesays.com\/pl\/wp-json\/wp\/v2\/posts"}],"about":[{"href":"https:\/\/www.europesays.com\/pl\/wp-json\/wp\/v2\/types\/post"}],"author":[{"embeddable":true,"href":"https:\/\/www.europesays.com\/pl\/wp-json\/wp\/v2\/users\/2"}],"replies":[{"embeddable":true,"href":"https:\/\/www.europesays.com\/pl\/wp-json\/wp\/v2\/comments?post=454263"}],"version-history":[{"count":0,"href":"https:\/\/www.europesays.com\/pl\/wp-json\/wp\/v2\/posts\/454263\/revisions"}],"wp:featuredmedia":[{"embeddable":true,"href":"https:\/\/www.europesays.com\/pl\/wp-json\/wp\/v2\/media\/454264"}],"wp:attachment":[{"href":"https:\/\/www.europesays.com\/pl\/wp-json\/wp\/v2\/media?parent=454263"}],"wp:term":[{"taxonomy":"category","embeddable":true,"href":"https:\/\/www.europesays.com\/pl\/wp-json\/wp\/v2\/categories?post=454263"},{"taxonomy":"post_tag","embeddable":true,"href":"https:\/\/www.europesays.com\/pl\/wp-json\/wp\/v2\/tags?post=454263"}],"curies":[{"name":"wp","href":"https:\/\/api.w.org\/{rel}","templated":true}]}}