{"id":454638,"date":"2026-05-26T15:21:14","date_gmt":"2026-05-26T15:21:14","guid":{"rendered":"https:\/\/www.europesays.com\/pl\/454638\/"},"modified":"2026-05-26T15:21:14","modified_gmt":"2026-05-26T15:21:14","slug":"realme-16-pro-5g-za-1899-zlotych-w-promocji-z-polski","status":"publish","type":"post","link":"https:\/\/www.europesays.com\/pl\/454638\/","title":{"rendered":"realme 16 Pro+ 5G za 1899 z\u0142otych w promocji z Polski"},"content":{"rendered":"<p class=\"lead\">realme 16 Pro+ 5G to jeden z moich faworyt\u00f3w do tytu\u0142u najlepszego telefonu ze \u015bredniej p\u00f3\u0142ki w ca\u0142ym 2026 roku. Mocny spadek jego ceny w Polsce sprawi\u0142, \u017ce to tak\u017ce mocny kandydat do miana jednego z najbardziej op\u0142acalnych smartfon\u00f3w. Wersja 12\/512 GB za grubo mniej ni\u017c 2000 z\u0142 to prawdziwy rarytas.<\/p>\n<p>Szalej\u0105ce ceny elektroniki, w tym tak\u017ce smartfon\u00f3w, jeszcze bardziej podkre\u015blaj\u0105 atrakcyjno\u015b\u0107 promocji, kt\u00f3re dla Ciebie znajduj\u0119. Teraz mam dla Ciebie ciekaw\u0105 propozycj\u0119, dzi\u0119ki kt\u00f3rej model realme 16 Pro+ 5G kupisz w \u015bwietnej cenie, bo wyra\u017anie poni\u017cej 2000 z\u0142.<\/p>\n<p>Dlaczego w og\u00f3le warto zainteresowa\u0107 si\u0119 realme 16 Pro+? Sp\u00f3jrz tylko na jego specyfikacj\u0119, dla u\u0142atwienia w formie czytelnej tabelki:<\/p>\n<p>Specyfikacja realme 16 Pro+<\/p>\n<tr>\n<\/tr>\n<tr>\n<td colspan=\"1\">5 kolejnych wersji systemu (na start Android 16) + 6 lat aktualizacji zabezpiecze\u0144 (do stycznia 2032 roku)<\/td>\n<\/tr>\n<tr>\n<td colspan=\"1\">6,8 cala, AMOLED, 2800 \u00d7 1272 pikseli, 144 Hz, jasno\u015b\u0107 typowa do 1800 nit\u00f3w<\/td>\n<\/tr>\n<tr>\n<td colspan=\"1\">Qualcomm Snapdragon 7 Gen 4 (rdzenie Cortex-A720) z Adreno 722<\/td>\n<\/tr>\n<tr>\n<td colspan=\"1\">12 GB RAM, 512 GB UFS 3.1<\/td>\n<\/tr>\n<tr>\n<td colspan=\"1\">Jednostka g\u0142\u00f3wna 200 MP (1\/1.56\u2033, f\/1.9) z OIS + obiektyw ultraszerokok\u0105tny 8 MP o polu widzenia 116 stopni + peryskopowy teleobiektyw 50 MP z 3,5-krotnym zoomem optycznym<\/td>\n<\/tr>\n<tr>\n<td colspan=\"1\">50 MP<\/td>\n<\/tr>\n<tr>\n<td colspan=\"1\">7000 mAh, \u0142adowanie przewodowe 80W<\/td>\n<\/tr>\n<tr>\n<td colspan=\"1\">modem 5G, dual SIM, e-SIM, Wi-Fi 6, NFC, Bluetooth 5.4, GPS, USB-C 2.0, optyczny czytnik linii papilarnych w ekranie, port podczerwieni, g\u0142o\u015bniki stereo<\/td>\n<\/tr>\n<tr>\n<td colspan=\"1\">162,5 x 76,3 x 8,5 mm, do 203 gram\u00f3w, IP68\/IP69K<\/td>\n<\/tr>\n<p>Ju\u017c na pierwszy rzut oka wida\u0107, \u017ce realme 16 Pro+ ma mn\u00f3stwo mocnych stron. Jak w przypadku ka\u017cdej generacji smartfon\u00f3w tej serii pierwsze skrzypce ma gra\u0107 aparat fotograficzny. \u015awietne wra\u017cenie robi jednostka g\u0142\u00f3wna 200 MP, a i peryskopowy teleobiektyw nie jest w tej klasie standardem. Jak napisa\u0142em w <a href=\"https:\/\/www.gsmmaniak.pl\/1632690\/realme-16-pro-plus-test\/?preview_id=1632690&amp;preview_nonce=eb63d3fed3&amp;_thumbnail_id=1643910&amp;preview=true#Czy_realme_16_Pro_ma_dobry_aparat_Wsrod_sredniakow_TAK\" rel=\"nofollow noopener\" target=\"_blank\">moim te\u015bcie realme 16 Pro+ 5G<\/a>:<\/p>\n<blockquote>\n<p>Jak na telefon ze \u015bredniej p\u00f3\u0142ki, realme 16 Pro+ ma znakomity aparat. Szczeg\u00f3lnie doceniam wybitn\u0105 szczeg\u00f3\u0142owo\u015b\u0107. Na bliskim planie jest ona wr\u0119cz genialna, na dalszym nale\u017cy do rynkowej czo\u0142\u00f3wki w tej klasie cenowej. Nawet w trudnych warunkach jest dobrze.<\/p>\n<\/blockquote>\n<p><a href=\"https:\/\/www.gsmmaniak.pl\/wp-content\/uploads\/gsmmaniak\/2026\/05\/realme-16-pro-plus-5-scaled.jpg\" rel=\"nofollow noopener\" target=\"_blank\"><img loading=\"lazy\" decoding=\"async\" aria-describedby=\"caption-attachment-1661174\" src=\"https:\/\/www.europesays.com\/pl\/wp-content\/uploads\/2026\/05\/realme-16-pro-plus-5-scaled-medium.jpg\" alt=\"realme 16 Pro+\" width=\"500\" height=\"298\" class=\"size-medium wp-image-1661174\"   itemprop=\"image\" \/><\/a><\/p>\n<p id=\"caption-attachment-1661174\" class=\"wp-caption-text\">realme 16 Pro+ \/ fot. Damian Kucharski, gsmManiaK.pl<\/p>\n<p>Doceni\u0142em tak\u017ce to, jak zbudowany jest realme 16 Pro+. Metalow\u0105 ramk\u0119 zawsze uznam za zalet\u0119, a dodatkowo spodoba\u0142o mi si\u0119 tworzywo sztuczne na tylnym panelu, b\u0119d\u0105ce czym w rodzaju gumy po\u0142\u0105czonej ze sk\u00f3r\u0105. Ca\u0142o\u015b\u0107 producent zabezpieczy\u0142 przed wod\u0105 i to na topowym poziomie IP69K (ochrona nawet przed gor\u0105c\u0105 wod\u0105 pod ci\u015bnieniem).<\/p>\n<p>Wisienk\u0105 na torcie jest bateria o rewelacyjnej wr\u0119cz pojemno\u015bci 7000 mAh, kt\u00f3rej nigdy nie uda\u0142o mi si\u0119 roz\u0142adowa\u0107 tylko w ci\u0105gu jednego dnia. \u015awietne jest tak\u017ce to, \u017ce gdy \u0142adowarka ju\u017c jest potrzebna, to dzi\u0119ki mocy 80W telefon wr\u00f3ci do \u017cycia w godzin\u0119.<\/p>\n<p>realme 16 Pro+ za mniej ni\u017c 2000 z\u0142 to \u015bwietny wyb\u00f3r!<br \/>\n<a href=\"https:\/\/www.gsmmaniak.pl\/wp-content\/uploads\/gsmmaniak\/2026\/05\/realme-16-Pro-Plus-promocja-Proshop.png\" rel=\"lightbox-post4 nofollow noopener\" target=\"_blank\"><img loading=\"lazy\" decoding=\"async\" aria-describedby=\"caption-attachment-1661171\" src=\"https:\/\/www.europesays.com\/pl\/wp-content\/uploads\/2026\/05\/realme-16-Pro-Plus-promocja-Proshop-medium.png\" alt=\"realme 16 Pro+ w promocji Proshop\" width=\"500\" height=\"239\" class=\"size-medium wp-image-1661171\"   \/><\/a><\/p>\n<p id=\"caption-attachment-1661171\" class=\"wp-caption-text\">realme 16 Pro+ w promocji Proshop<\/p>\n<p>Smartfon realme 16 Pro+ 12\/512 GB w kolorze szarym przeceni\u0142 sklep Proshop, <a href=\"https:\/\/www.proshop.pl\/Telefon-komorkowy\/realme-16-Pro-5G-512GB12GB-Master-Grey\/3464214\" rel=\"nofollow noopener\" target=\"_blank\">sprzedaj\u0105c go teraz za jedyne 1899 z\u0142otych<\/a>. Taka cena obowi\u0105zuje do 7 czerwca 2026 roku lub do wcze\u015bniejszego wyczerpania puli przecenionych egzemplarzy.<\/p>\n<p>Ja wyb\u00f3r realme 16 Pro+ za mniej ni\u017c 2000 z\u0142otych mog\u0119 Ci gor\u0105co, gor\u0105co poleci\u0107. Jego specyfikacji oferuje wszystko to, czego mamy prawo wymaga\u0107 od telefonu ze \u015bredniej p\u00f3\u0142ki w 2026 roku.<\/p>\n<blockquote class=\"wp-embedded-content\" data-secret=\"01j4ESxyHN\">\n<p><a href=\"https:\/\/www.gsmmaniak.pl\/1632690\/realme-16-pro-plus-test\/\" rel=\"nofollow noopener\" target=\"_blank\">Fotograficznie to flagowiec w \u015bredniej p\u00f3\u0142ce, a cenowo? Test realme 16 Pro+<\/a><\/p>\n<\/blockquote>\n<p>Nie przegap kolejnej promocji<\/p>\n<p><a href=\"https:\/\/www.facebook.com\/Lowcy.Promocji\" target=\"_blank\" rel=\"nofollow noopener\"><img decoding=\"async\" class=\"aligncenter size-medium wp-image-592466\" src=\"https:\/\/www.europesays.com\/pl\/wp-content\/uploads\/2026\/05\/1779808874_985_pasek-fb-lowcy-promocji.png\" alt=\"\u0141owcy Promocji techManiaK.PL\" \/><\/a><\/p>\n<p>Je\u017celi szukasz przecen i promocji i nie chcesz przegapi\u0107 dobrych okazji, zach\u0119cam do \u015bledzenia naszego maniaKalnego profilu <a href=\"https:\/\/www.facebook.com\/Lowcy.Promocji\" target=\"_self\" rel=\"nofollow noopener\">\u0141owcy Promocji na facebooku<\/a>. Codziennie sprawdzamy co ciekawego mo\u017cna znale\u017a\u0107 w Sieci.<\/p>\n","protected":false},"excerpt":{"rendered":"realme 16 Pro+ 5G to jeden z moich faworyt\u00f3w do tytu\u0142u najlepszego telefonu ze \u015bredniej p\u00f3\u0142ki w ca\u0142ym&hellip;\n","protected":false},"author":2,"featured_media":454639,"comment_status":"","ping_status":"","sticky":false,"template":"","format":"standard","meta":{"footnotes":"","_share_on_mastodon":"0"},"categories":[20],"tags":[120,118,119,42,38,40,39,41,86269,86268,86266,86267,116,114,115,121,117],"class_list":["post-454638","post","type-post","status-publish","format-standard","has-post-thumbnail","category-nauka-i-technika","tag-nauka","tag-nauka-i-technika","tag-naukatechnika","tag-pl","tag-poland","tag-polish","tag-polska","tag-polski","tag-realme-16-pro-5g-12-512-gb","tag-realme-16-pro-5g-cena","tag-realme-16-pro-5g-promocja","tag-realme-16-pro-5g-taniej","tag-science","tag-science-and-technology","tag-sciencetechnology","tag-technika","tag-technology"],"share_on_mastodon":{"url":"https:\/\/pubeurope.com\/@pl\/116641562473667608","error":""},"_links":{"self":[{"href":"https:\/\/www.europesays.com\/pl\/wp-json\/wp\/v2\/posts\/454638","targetHints":{"allow":["GET"]}}],"collection":[{"href":"https:\/\/www.europesays.com\/pl\/wp-json\/wp\/v2\/posts"}],"about":[{"href":"https:\/\/www.europesays.com\/pl\/wp-json\/wp\/v2\/types\/post"}],"author":[{"embeddable":true,"href":"https:\/\/www.europesays.com\/pl\/wp-json\/wp\/v2\/users\/2"}],"replies":[{"embeddable":true,"href":"https:\/\/www.europesays.com\/pl\/wp-json\/wp\/v2\/comments?post=454638"}],"version-history":[{"count":0,"href":"https:\/\/www.europesays.com\/pl\/wp-json\/wp\/v2\/posts\/454638\/revisions"}],"wp:featuredmedia":[{"embeddable":true,"href":"https:\/\/www.europesays.com\/pl\/wp-json\/wp\/v2\/media\/454639"}],"wp:attachment":[{"href":"https:\/\/www.europesays.com\/pl\/wp-json\/wp\/v2\/media?parent=454638"}],"wp:term":[{"taxonomy":"category","embeddable":true,"href":"https:\/\/www.europesays.com\/pl\/wp-json\/wp\/v2\/categories?post=454638"},{"taxonomy":"post_tag","embeddable":true,"href":"https:\/\/www.europesays.com\/pl\/wp-json\/wp\/v2\/tags?post=454638"}],"curies":[{"name":"wp","href":"https:\/\/api.w.org\/{rel}","templated":true}]}}