{"id":454650,"date":"2026-05-26T15:27:12","date_gmt":"2026-05-26T15:27:12","guid":{"rendered":"https:\/\/www.europesays.com\/pl\/454650\/"},"modified":"2026-05-26T15:27:12","modified_gmt":"2026-05-26T15:27:12","slug":"wojt-stryszowa-w-palacu-prezydenckim-szymon-duman-gosciem-karola-nawrockiego","status":"publish","type":"post","link":"https:\/\/www.europesays.com\/pl\/454650\/","title":{"rendered":"W\u00f3jt Stryszowa w Pa\u0142acu Prezydenckim. Szymon Duman go\u015bciem Karola Nawrockiego"},"content":{"rendered":"<p>W\u00f3jt Stryszowa, Szymon Duman, mia\u0142 we wtorek powody do dumy. Samorz\u0105dowiec pochwali\u0142 si\u0119 udzia\u0142em w uroczystych obchodach Dnia Samorz\u0105du Terytorialnego, kt\u00f3re odby\u0142y si\u0119 w Pa\u0142acu Prezydenckim w Warszawie. Gospodarzem wydarzenia by\u0142 prezydent RP Karol Nawrocki.<\/p>\n<p>Mia\u0142em zaszczyt uczestniczy\u0107 w obchodach Dnia Samorz\u0105du Terytorialnego w Pa\u0142acu Prezydenckim. Samorz\u0105dowcy z ca\u0142ej Polski wzi\u0119li udzia\u0142 w wydarzeniu na zaproszenie Prezydenta RP Karola Nawrockiego \u2013 przekaza\u0142 w\u00f3jt w mediach spo\u0142eczno\u015bciowych.<\/p>\n<p>Szymon Duman, kt\u00f3ry politycznie zwi\u0105zany jest z Prawem i Sprawiedliwo\u015bci\u0105, w przesz\u0142o\u015bci nie ukrywa\u0142 swojego poparcia i sympatii dla obecnego prezydenta.<\/p>\n<p>Jego obecno\u015b\u0107 na presti\u017cowej uroczysto\u015bci nie by\u0142a wi\u0119c przypadkowa, prezydent Nawrocki cieszy si\u0119 w\u015br\u00f3d cz\u0119\u015bci samorz\u0105dowc\u00f3w tej opcji politycznej du\u017cym uznaniem.<\/p>\n<p>Dzie\u0144 przed g\u0142\u00f3wnymi obchodami, w ogrodach Pa\u0142acu Prezydenckiego, prezydent Karol Nawrocki wr\u0119czy\u0142 odznaczenia pa\u0144stwowe zas\u0142u\u017conym samorz\u0105dowcom oraz przekaza\u0142 god\u0142a pa\u0144stwowe burmistrzom miast, kt\u00f3re 1 stycznia 2026 roku otrzyma\u0142y prawa miejskie.<\/p>\n<p>Podczas swojego wyst\u0105pienia prezydent przypomnia\u0142, \u017ce Dzie\u0144 Samorz\u0105du Terytorialnego upami\u0119tnia pierwsze wolne wybory samorz\u0105dowe z 27 maja 1990 roku.<\/p>\n<p>Dzi\u0119kuj\u0119 wam, drodzy pa\u0144stwo, za to, \u017ce jeste\u015bcie w\u015br\u00f3d tych, kt\u00f3rzy odpowiadaj\u0105 za rozw\u00f3j, za piel\u0119gnowanie polskiej wolno\u015bci i polskiej demokracji \u2013 m\u00f3wi\u0142 Karol Nawrocki do zgromadzonych.<\/p>\n<p>Prezydent podkre\u015bli\u0142, \u017ce dzi\u0119ki ci\u0119\u017ckiej pracy przedsi\u0119biorc\u00f3w i samorz\u0105dowc\u00f3w Polska znalaz\u0142a si\u0119 w\u015br\u00f3d 20 najwi\u0119kszych gospodarek \u015bwiata.<\/p>\n<p><img fetchpriority=\"high\" decoding=\"async\" width=\"800\" height=\"534\" src=\"https:\/\/www.europesays.com\/pl\/wp-content\/uploads\/2026\/05\/samorzadowcy-prezydent.jpg\" alt=\"\" class=\"wp-image-113409\"  \/><\/p>\n<p> To zas\u0142uga tych ponad 2,5 tysi\u0105ca wsp\u00f3lnot samorz\u0105dowych i lokalnych, kt\u00f3re od ponad 35 lat dbaj\u0105 o rozw\u00f3j Rzeczypospolitej \u2013 przekonywa\u0142.<\/p>\n<p>Nawrocki zaznaczy\u0142 r\u00f3wnie\u017c, \u017ce samorz\u0105dowcy \u201es\u0105 w istocie g\u0142osem polskiego narodu\u201d.<\/p>\n<p>Jeste\u015bcie najbli\u017cej, na wszystkich szczeblach samorz\u0105du terytorialnego ludzkich potrzeb, us\u0142ug publicznych, transportu, o\u015bwiaty i s\u0142u\u017cby zdrowia. G\u0142os samorz\u0105dowc\u00f3w musi by\u0107 s\u0142yszany bardzo g\u0142o\u015bno i po to zosta\u0142em Prezydentem Polski, aby tak\u017ce by\u0107 waszym g\u0142osem w \u015bwiecie tej wielkiej, centralnej polityki \u2013 m\u00f3wi\u0142.<\/p>\n<p id=\"h-prezydent-odniosl-sie-tez-do-bolaczek-samorzadowcow-przypominajac-o-powolanej-w-marcu-2026-roku-radzie-samorzadu-terytorialnego-ktorej-przewodniczy-prezydent-stalowej-woli-lucjusz-nadberezny\">Prezydent odni\u00f3s\u0142 si\u0119 te\u017c do bol\u0105czek samorz\u0105dowc\u00f3w, przypominaj\u0105c o powo\u0142anej w marcu 2026 roku Radzie Samorz\u0105du Terytorialnego, kt\u00f3rej przewodniczy prezydent Stalowej Woli Lucjusz Nadbere\u017cny.<\/p>\n<p><img loading=\"lazy\" decoding=\"async\" width=\"800\" height=\"533\" src=\"https:\/\/www.europesays.com\/pl\/wp-content\/uploads\/2026\/05\/samorzadowcy-prezydent2.jpg\" alt=\"\" class=\"lazyload wp-image-113410\"  data-\/><\/p>\n<p>Wiem, \u017ce jest coraz wi\u0119cej zada\u0144, kt\u00f3re si\u0119 na was nak\u0142ada, szczeg\u00f3lnie w zakresie o\u015bwiaty czy obrony cywilnej, a nie id\u0105 za tym \u015brodki finansowe z w\u0142adz centralnych. Chcia\u0142bym, aby\u015bmy wsp\u00f3lnie z Rad\u0105 wypracowali funkcjonuj\u0105c\u0105 w kolejnych latach zasad\u0119: \u017cadnych nowych zada\u0144 bez dodatkowych \u015brodk\u00f3w \u2013 zadeklarowa\u0142 Karol Nawrocki.<\/p>\n<p>Dla w\u00f3jta Stryszowa, Szymona Dumana, udzia\u0142 w tej uroczysto\u015bci by\u0142 nie tylko zaszczytem, ale te\u017c okazj\u0105 do bezpo\u015bredniego wys\u0142uchania deklaracji prezydenta, kt\u00f3ry jak sam m\u00f3wi, b\u0119dzie z \u201epe\u0142n\u0105 determinacj\u0105\u201d domaga\u0142 si\u0119 \u201eg\u0142o\u015bnego g\u0142osu polskich samorz\u0105d\u00f3w\u201d.<\/p>\n<p>Czy podobne wydarzenia prze\u0142o\u017c\u0105 si\u0119 na konkretne wsparcie dla ma\u0142ych gmin takich jak Strysz\u00f3w?  Na razie w\u00f3jt mo\u017ce cieszy\u0107 si\u0119 politycznym splendorem w warszawskich ogrodach.<\/p>\n<p>    <img loading=\"lazy\" decoding=\"async\" width=\"800\" height=\"540\" src=\"https:\/\/www.europesays.com\/pl\/wp-content\/uploads\/2026\/05\/wojt-stryszowa-szymon-duman.jpg\" alt=\"\" class=\"lazyload wp-image-113411\"  data-\/>Szymon Duman w Pa\u0142acu Prezydenckim<\/p>\n","protected":false},"excerpt":{"rendered":"W\u00f3jt Stryszowa, Szymon Duman, mia\u0142 we wtorek powody do dumy. Samorz\u0105dowiec pochwali\u0142 si\u0119 udzia\u0142em w uroczystych obchodach Dnia&hellip;\n","protected":false},"author":2,"featured_media":454651,"comment_status":"","ping_status":"","sticky":false,"template":"","format":"standard","meta":{"footnotes":"","_share_on_mastodon":"0"},"categories":[62712],"tags":[690,86271,8414,86272,5806,86273,21833],"class_list":["post-454650","post","type-post","status-publish","format-standard","has-post-thumbnail","category-karol-nawrocki","tag-karol-nawrocki","tag-niusy","tag-samorzad","tag-stryszow","tag-swieta","tag-szymon-duman","tag-wojt"],"share_on_mastodon":{"url":"https:\/\/pubeurope.com\/@pl\/116641585337611729","error":""},"_links":{"self":[{"href":"https:\/\/www.europesays.com\/pl\/wp-json\/wp\/v2\/posts\/454650","targetHints":{"allow":["GET"]}}],"collection":[{"href":"https:\/\/www.europesays.com\/pl\/wp-json\/wp\/v2\/posts"}],"about":[{"href":"https:\/\/www.europesays.com\/pl\/wp-json\/wp\/v2\/types\/post"}],"author":[{"embeddable":true,"href":"https:\/\/www.europesays.com\/pl\/wp-json\/wp\/v2\/users\/2"}],"replies":[{"embeddable":true,"href":"https:\/\/www.europesays.com\/pl\/wp-json\/wp\/v2\/comments?post=454650"}],"version-history":[{"count":0,"href":"https:\/\/www.europesays.com\/pl\/wp-json\/wp\/v2\/posts\/454650\/revisions"}],"wp:featuredmedia":[{"embeddable":true,"href":"https:\/\/www.europesays.com\/pl\/wp-json\/wp\/v2\/media\/454651"}],"wp:attachment":[{"href":"https:\/\/www.europesays.com\/pl\/wp-json\/wp\/v2\/media?parent=454650"}],"wp:term":[{"taxonomy":"category","embeddable":true,"href":"https:\/\/www.europesays.com\/pl\/wp-json\/wp\/v2\/categories?post=454650"},{"taxonomy":"post_tag","embeddable":true,"href":"https:\/\/www.europesays.com\/pl\/wp-json\/wp\/v2\/tags?post=454650"}],"curies":[{"name":"wp","href":"https:\/\/api.w.org\/{rel}","templated":true}]}}