{"id":455269,"date":"2026-05-26T21:41:10","date_gmt":"2026-05-26T21:41:10","guid":{"rendered":"https:\/\/www.europesays.com\/pl\/455269\/"},"modified":"2026-05-26T21:41:10","modified_gmt":"2026-05-26T21:41:10","slug":"partia-razem-wystawia-kandydatke-na-prezydenta-aleksandra-owca-krakow-nie-jest-nagroda-dla-dzialaczy","status":"publish","type":"post","link":"https:\/\/www.europesays.com\/pl\/455269\/","title":{"rendered":"Partia Razem wystawia kandydatk\u0119 na prezydenta. Aleksandra Owca: \u201eKrak\u00f3w nie jest nagrod\u0105 dla dzia\u0142aczy\u201d"},"content":{"rendered":"<p>We wtorek, 26 maja 2026 roku, Aleksandra Owca oficjalnie og\u0142osi\u0142a start w przedterminowych wyborach na prezydenta Krakowa. Kandydatka Partii Razem podczas swojego wyst\u0105pienia przedstawi\u0142a zarys programu wyborczego, mocno koncentruj\u0105c si\u0119 na mieszkaniach, kosztach \u017cycia, komunikacji miejskiej i us\u0142ugach publicznych. Du\u017c\u0105 cz\u0119\u015b\u0107 przem\u00f3wienia po\u015bwi\u0119ci\u0142a tak\u017ce ostrej krytyce dotychczasowych w\u0142adz miasta po referendum, w kt\u00f3rym mieszka\u0144cy odwo\u0142ali Aleksandra Miszalskiego.<\/p>\n<p>\u201eTo by\u0142a czerwona kartka dla arogancji w\u0142adzy\u201d<\/p>\n<p>Aleksandra Owca rozpocz\u0119\u0142a od komentarza do referendum: \u201eTo by\u0142a czerwona kartka dla arogancji w\u0142adzy. Krak\u00f3w jasno powiedzia\u0142, \u017ce nie zgadza si\u0119 na t\u0119 arogancj\u0119, but\u0119 i kolesiostwo\u201d \u2013 m\u00f3wi\u0142a. Podkre\u015bla\u0142a jednak, \u017ce samo odwo\u0142anie prezydenta nie rozwi\u0105zuje problem\u00f3w miasta.<\/p>\n<p>\u201eReferendum by\u0142o dopiero punktem wyj\u015bcia. Teraz przed nami najwa\u017cniejsza decyzja: jakiego Krakowa chcemy\u201d \u2013 stwierdzi\u0142a przed prezentacj\u0105 programu.<\/p>\n<p>Kandydatka Razem przekonywa\u0142a, \u017ce mieszka\u0144cy s\u0105 zm\u0119czeni nie tylko politycznymi sporami, ale przede wszystkim rosn\u0105cymi kosztami \u017cycia i pogarszaj\u0105c\u0105 si\u0119 jako\u015bci\u0105 us\u0142ug publicznych. Pad\u0142y ostre s\u0142owa w kontek\u015bcie odwo\u0142anej w\u0142adzy:<\/p>\n<p>\u201eDla prezydenta Miszalskiego to by\u0142y z\u0142ote lata, bajeczne pensje w sp\u00f3\u0142kach miejskich, lewe umowy z miastem, s\u0142u\u017cbowe limuzyny, kt\u00f3re je\u017adzi\u0142y z Placu Wszystkich \u015awi\u0119tych do kina Kij\u00f3w\u201d \u2013 oceni\u0142a rz\u0105dy odwo\u0142anego prezydenta Owca.<\/p>\n<p>Mieszkania g\u0142\u00f3wnym tematem kampanii<\/p>\n<p>Najwi\u0119cej miejsca w przem\u00f3wieniu Owca po\u015bwi\u0119ci\u0142a polityce mieszkaniowej. Jej zdaniem Krak\u00f3w staje si\u0119 miastem niedost\u0119pnym dla m\u0142odego pokolenia.<\/p>\n<p>\u201eJe\u015bli nie masz mieszkania po babci albo pomocy rodzic\u00f3w, to nie b\u0119dziesz mia\u0142 w\u0142asnego mieszkania. Zapieprzasz jak ma\u0142y samoch\u00f3d, a po\u0142owa twojej pensji idzie na czynsz lub rat\u0119 kredytu. Kiedy ludzie Miszalskiego rozdawali sobie nagrody finansowe za nier\u00f3bstwo, dla nas by\u0142y grupowe zwolnienia i \u017cycie w niepewno\u015bci\u201d \u2013 m\u00f3wi\u0142a.<\/p>\n<p>Kandydatka zwraca\u0142a uwag\u0119 na wysokie ceny najmu i rosn\u0105c\u0105 liczb\u0119 pustostan\u00f3w.<\/p>\n<p>\u201eLudzie z Krakowa nie wyprowadzaj\u0105 si\u0119 od rodzic\u00f3w, a jednocze\u015bnie 70 tysi\u0119cy mieszka\u0144 stoi pustych. To nie jest normalne. To absurd\u201d \u2013 podkre\u015bla\u0142a.<\/p>\n<p>W\u015br\u00f3d jej propozycji znalaz\u0142y si\u0119: budowa mieszka\u0144 miejskich na wynajem, remonty pustych lokali komunalnych i zatrzymanie ich wyprzeda\u017cy przez miasto, a tak\u017ce stworzenie \u201eKrakowskiego Centrum Bezpiecznego Najmu\u201d, kt\u00f3re mia\u0142oby by\u0107 systemem \u201ebez po\u015brednik\u00f3w, mar\u017c i dodatkowych op\u0142at\u201d, opartym o jednolit\u0105 umow\u0119 najmu.<\/p>\n<p>W czasie konferencji Owca mocno krytykowa\u0142a r\u00f3wnie\u017c rynek najmu kr\u00f3tkoterminowego i rozw\u00f3j tzw. parahoteli \u2013 \u201eKrak\u00f3w przestaje by\u0107 miejscem do \u017cycia. Wypychanie mieszka\u0144c\u00f3w s\u0142u\u017cy tym, kt\u00f3rzy zarabiaj\u0105 na najmie kr\u00f3tkoterminowym\u201d \u2013 m\u00f3wi\u0142a.<\/p>\n<p>Program dla student\u00f3w. \u201eM\u0142odych ludzi nie sta\u0107 na studiowanie w Krakowie\u201d<\/p>\n<p>W wyst\u0105pieniu pojawi\u0142 si\u0119 tak\u017ce w\u0105tek sytuacji student\u00f3w i m\u0142odych pracownik\u00f3w. Aleksandra Owca m\u00f3wi\u0142a o pracy \u201ena czarno\u201d, niestabilnych umowach i problemach z wynagrodzeniami w gastronomii czy us\u0142ugach.<\/p>\n<p>\u201eKiedy ludzie Miszalskiego rozdawali sobie nagrody finansowe za nier\u00f3bstwo, dla m\u0142odych by\u0142y grupowe zwolnienia i \u017cycie w niepewno\u015bci\u201d \u2013 podsumowa\u0142a.<\/p>\n<p>Kandydatka Razem zapowiedzia\u0142a utworzenie miejskiego programu sto\u0142\u00f3wek dla student\u00f3w i akademik\u00f3w. Program mia\u0142by obejmowa\u0107 tak\u017ce ta\u0144sze bilety komunikacji miejskiej oraz wsparcie mieszkaniowe.<\/p>\n<p>\u201eM\u0142odzi ludzie rezygnuj\u0105 ze studi\u00f3w w Krakowie, bo zwyczajnie ich na to nie sta\u0107\u201d \u2013 pad\u0142o ze sceny.<\/p>\n<p>Komunikacja miejska i rosn\u0105ce koszty \u017cycia<\/p>\n<p>Jednym z g\u0142\u00f3wnych temat\u00f3w przem\u00f3wienia by\u0142a r\u00f3wnie\u017c komunikacja miejska i podwy\u017cki op\u0142at. Tu tak\u017ce by\u0142y prezydent Aleksander Miszalski i jego urz\u0119dnicy zostali skrytykowani za podj\u0119te dzia\u0142ania, a dok\u0142adniej wzrost cen bilet\u00f3w, op\u0142at za \u015bmieci, wod\u0119 i \u015bcieki.<\/p>\n<p>\u201e\u017bycie w Krakowie jest coraz dro\u017csze i coraz trudniejsze\u201d \u2013 przekonywa\u0142a kandydatka Partii Razem.<\/p>\n<p>Jej zdaniem mieszka\u0144cy jednocze\u015bnie dostaj\u0105 coraz gorsz\u0105 ofert\u0119 transportu publicznego: \u201eMiasto tnie kursy, autobusy je\u017cd\u017c\u0105 raz na godzin\u0119, a ludzie maj\u0105 problem z doj\u015bciem do komunikacji\u201d \u2013 m\u00f3wi\u0142a, odwo\u0142uj\u0105c si\u0119 przy okazji do konkretnych problem\u00f3w infrastrukturalnych, takich jak brak k\u0142adki na \u017babi\u0144cu.<\/p>\n<p>Zdrowie Krakowian i \u201eKrakowska Recepta Spo\u0142eczna\u201d<\/p>\n<p>Aleksandra Owca podkre\u015bla\u0142a, \u017ce miasto powinno aktywniej wykorzystywa\u0107 swoje narz\u0119dzia w obszarze ochrony zdrowia.<\/p>\n<p>\u2013 \u201eKrak\u00f3w nie mo\u017ce by\u0107 bezczynny i patrze\u0107, kiedy ma narz\u0119dzia, \u017ceby zadba\u0107 o swoich mieszka\u0144c\u00f3w\u201d \u2013 m\u00f3wi\u0142a, zapowiadaj\u0105c wprowadzenie jasnych zasad zatrudniania lekarzy w miejskich plac\u00f3wkach, w tym odej\u015bcie od nadmiernego oparcia o kontrakty i wi\u0119kszy nacisk na umowy o prac\u0119.<\/p>\n<p>Jej zdaniem miejskie podmioty lecznicze nie powinny pe\u0142ni\u0107 jedynie roli \u201ewykonawc\u00f3w us\u0142ug\u201d, ale realnie wsp\u00f3\u0142tworzy\u0107 system opieki zdrowotnej w mie\u015bcie. Owca zapowiedzia\u0142a r\u00f3wnie\u017c program dla senior\u00f3w pod nazw\u0105 \u201eKrakowska Recepta Spo\u0142eczna\u201d, skierowany do os\u00f3b samotnych oraz zmagaj\u0105cych si\u0119 m.in. z demencj\u0105 i depresj\u0105. W wyst\u0105pieniu zwr\u00f3ci\u0142a te\u017c uwag\u0119 na pogarszaj\u0105c\u0105 si\u0119 dost\u0119pno\u015b\u0107 do \u015bwiadcze\u0144 zdrowotnych i kolejki do lekarzy.<\/p>\n<p>\u2013 \u201eW\u0142adza tego nie widzi albo udaje, \u017ce nie widzi\u201d \u2013 podsumowa\u0142a.<\/p>\n<p>Ostre uderzenie w miejskie sp\u00f3\u0142ki i \u201ekoryciarstwo\u201d<\/p>\n<p>Jednym z najmocniejszych fragment\u00f3w wyst\u0105pienia by\u0142a krytyka politycznych nominacji, kt\u00f3re Aleksandra Owca zwyk\u0142a nazywa\u0107 \u201ekoryciarstwem\u201d: \u201eRadni miasta s\u0105 poupychani w sp\u00f3\u0142kach miejskich, szpitalach i instytucjach. W miejscach, kt\u00f3re powinny s\u0142u\u017cy\u0107 ludziom, a zamiast tego pe\u0142ni\u0105 funkcj\u0119 politycznych prezent\u00f3w\u201d \u2013 oceni\u0142a dzia\u0142ania dotychczasowych w\u0142adz miasta.<\/p>\n<p>Owca przekonywa\u0142a, \u017ce mieszka\u0144cy ponosz\u0105 koszty takiego systemu w postaci wy\u017cszych czynsz\u00f3w, dro\u017cszych bilet\u00f3w, niedo\u015bwietlonych ulic czy dziur w chodnikach.<\/p>\n<p>\u201eTe patologi\u0119 trzeba sko\u0144czy\u0107 Krak\u00f3w nie jest nagrod\u0105 dla dzia\u0142aczy politycznych zwyci\u0119skiej opcji\u201d i doda\u0142a, \u017ce nie \u0142udzi si\u0119, \u017ceby KO czy Nowa Lewica wyci\u0105gn\u0119\u0142a jakiekolwiek wnioski z przegranego referendum. Kandydatka Razem krytykowa\u0142a r\u00f3wnie\u017c najwi\u0119ksze inwestycje ostatnich lat.<\/p>\n<p>\u201e15 miliard\u00f3w na metro, kt\u00f3re mo\u017ce pojedzie na Kliny za dziesi\u0119\u0107 lat. Nie ma pieni\u0119dzy na boiska, ale stadion Wis\u0142y zosta\u0142 sfinansowany. Dwa miliardy na igrzyska europejskie, a kiedy chodzi o zwyk\u0142e sprawy mieszka\u0144c\u00f3w, pieni\u0119dzy nie ma\u201d \u2013 m\u00f3wi\u0142a.<\/p>\n<p>\u201eKrak\u00f3w trzeba zbudowa\u0107 na nowo\u201d<\/p>\n<p>W trakcie wyst\u0105pienia Owca odwo\u0142ywa\u0142a si\u0119 do historii miasta i dawnych ambitnych projekt\u00f3w rozwojowych, wspominaj\u0105c m.in. prezydenta Juliusza Leo (lata 1904-1918) czy Miasto-projekt z lat 50-tych:<\/p>\n<p>\u201eBudowali przysz\u0142o\u015b\u0107. Dzisiaj te\u017c potrzebujemy takiej wizji\u201d \u2013 m\u00f3wi\u0142a.<\/p>\n<p>\u201eDwa dni temu w niedziel\u0119 Krak\u00f3w odwo\u0142a\u0142 prezydenta Miszalskiego, ale referendum to jest dopiero punkt wyj\u015bcia (..) Mieszka\u0144cy powiedzieli jasno: chcemy zmiany. I dzisiaj mamy przed sob\u0105 autentyczny wyb\u00f3r. Czy chcemy Krakowa, w kt\u00f3rym co si\u00f3dme mieszkanie stoi puste, bo kto\u015b traktuje je jako lokat\u0119 kapita\u0142u, czy Krakowa, w kt\u00f3rym m\u0142odzi ludzie mog\u0105 wreszcie poczu\u0107 si\u0119 jak u siebie. Czy chcemy Krakowa, w kt\u00f3rym autobus na Now\u0105 Hut\u0119 jedzie raz na godzin\u0119, bo miasto prowadzi polityk\u0119 pod dyktando w\u0142a\u015bcicieli luksusowych SUV-\u00f3w, czy Krakowa, kt\u00f3ry naprawd\u0119 nale\u017cy do tych, kt\u00f3rzy tutaj mieszkaj\u0105, a nie tych, kt\u00f3rzy tutaj tylko parkuj\u0105. Czy chcemy Krakowa, kt\u00f3ry jest bankomatem dla bran\u017cy turystycznej, czy Krakowa, kt\u00f3ry daje mieszka\u0144com porz\u0105dny standard \u017cycia. Ja nie mam w\u0105tpliwo\u015bci\u201d \u2013 zadeklarowa\u0142a Owca po czym na zako\u0144czenie zwr\u00f3ci\u0142a si\u0119 do swoich sympatyk\u00f3w i zach\u0119ca\u0142a do zaanga\u017cowania w kampani\u0119 wyborcz\u0105.<\/p>\n<p>\u201eTo b\u0119dzie nasza wsp\u00f3lna kampania. Jestem tutaj, \u017ceby zbudowa\u0107 Krak\u00f3w razem\u201d \u2013 zako\u0144czy\u0142a.<\/p>\n<p>Kim jest Aleksandra Owca?<\/p>\n<p>Aleksandra Owca to rodowita Krakowianka, z wykszta\u0142cenia prawniczka, polska polityczka i samorz\u0105dowczyni. Jest radn\u0105 Rady Miasta Krakowa X kadencji i jednocze\u015bnie wsp\u00f3\u0142przewodnicz\u0105c\u0105 Partii Razem. Karier\u0119 partyjn\u0105 rozpocz\u0119\u0142a w lipcu 2020 r. jako wsp\u00f3\u0142pracowniczka pos\u0142ani Darii Gosek-Popio\u0142ek. W wyborach w 2023 bez powodzenia startowa\u0142a do Sejmu z 5. miejsca na li\u015bcie Lewicy w okr\u0119gu krakowskim. W 2024 zmieni\u0142a klub i otwiera\u0142a list\u0119 KWW \u0141ukasza Giba\u0142y \u201eKrak\u00f3w dla Mieszka\u0144c\u00f3w\u201d w okr\u0119gu nr 2, i uzyskuj\u0105c mandat radnej Rady Miasta Krakowa, obj\u0119\u0142a funkcj\u0119 wiceprzewodnicz\u0105cej klubu. 5 stycznia 2026 z niego wyst\u0105pi\u0142a.<\/p>\n<p>Jako radna pracuje w kilku komisjach: Kultury i Ochrony Zabytk\u00f3w, Mienia i Mieszkalnictwa (jako wiceprzewodnicz\u0105ca), Zdrowia i Uzdrowiskowej, Polityki Spo\u0142ecznej i Senioralnej, Dyscyplinarnej, Planowania Przestrzennego oraz Inwentaryzacyjnej. By\u0142a r\u00f3wnie\u017c cz\u0142onkini\u0105 Komisji Praworz\u0105dno\u015bci, ale zosta\u0142a odwo\u0142ana z tego sk\u0142adu.<\/p>\n<p>W swojej dzia\u0142alno\u015bci politycznej Owca konsekwentnie odwo\u0142uje si\u0119 do postulat\u00f3w prospo\u0142ecznych i antykorupcyjnych. Akcentuje sprzeciw wobec \u201epartyjniactwa\u201d i \u0142\u0105czenia funkcji publicznych z dzia\u0142alno\u015bci\u0105 w sp\u00f3\u0142kach miejskich czy sektorze prywatnym. W centrum jej przekazu znajduj\u0105 si\u0119 kwestie r\u00f3wno\u015bciowe, w tym prawa os\u00f3b LGBT, a tak\u017ce postulaty rozdzia\u0142u Ko\u015bcio\u0142a od pa\u0144stwa. W swoich wypowiedziach podkre\u015bla r\u00f3wnie\u017c znaczenie ochrony \u015brodowiska i praw zwierz\u0105t, wspieraj\u0105c lokalne inicjatywy miejskie, takie jak Zielony Krak\u00f3w. W obszarze polityki mieszkaniowej opowiada si\u0119 za rozwojem budownictwa spo\u0142ecznego oraz wprowadzeniem podatku antyspekulacyjnego obejmuj\u0105cego w\u0142a\u015bcicieli wi\u0119kszej liczby nieruchomo\u015bci.<\/p>\n<p>Ma\u0142gorzata Armada<\/p>\n","protected":false},"excerpt":{"rendered":"We wtorek, 26 maja 2026 roku, Aleksandra Owca oficjalnie og\u0142osi\u0142a start w przedterminowych wyborach na prezydenta Krakowa. Kandydatka&hellip;\n","protected":false},"author":2,"featured_media":455270,"comment_status":"","ping_status":"","sticky":false,"template":"","format":"standard","meta":{"footnotes":"","_share_on_mastodon":"0"},"categories":[51606],"tags":[47096,86384,28167,86385,86386,1304,86387,9814,86388,42,38,40,78856,39,41,86389,86390,70718,86391,86392,86393],"class_list":["post-455269","post","type-post","status-publish","format-standard","has-post-thumbnail","category-krakow","tag-aleksander-miszalski","tag-aleksandra-owca","tag-kampania-wyborcza","tag-kandydatka-razem-na-prezydenta-krakowa","tag-komunikacja-miejska-krakow","tag-krakow","tag-mieszkania-krakow","tag-partia-razem","tag-partia-razem-krakow","tag-pl","tag-poland","tag-polish","tag-polityka-krakow","tag-polska","tag-polski","tag-przedterminowe-wybory-krakow","tag-radna-krakowa","tag-referendum-krakow","tag-samorzad-krakow","tag-wybory-krakow-2026","tag-wybory-prezydenta-krakowa"],"share_on_mastodon":{"url":"https:\/\/pubeurope.com\/@pl\/116643055805041314","error":""},"_links":{"self":[{"href":"https:\/\/www.europesays.com\/pl\/wp-json\/wp\/v2\/posts\/455269","targetHints":{"allow":["GET"]}}],"collection":[{"href":"https:\/\/www.europesays.com\/pl\/wp-json\/wp\/v2\/posts"}],"about":[{"href":"https:\/\/www.europesays.com\/pl\/wp-json\/wp\/v2\/types\/post"}],"author":[{"embeddable":true,"href":"https:\/\/www.europesays.com\/pl\/wp-json\/wp\/v2\/users\/2"}],"replies":[{"embeddable":true,"href":"https:\/\/www.europesays.com\/pl\/wp-json\/wp\/v2\/comments?post=455269"}],"version-history":[{"count":0,"href":"https:\/\/www.europesays.com\/pl\/wp-json\/wp\/v2\/posts\/455269\/revisions"}],"wp:featuredmedia":[{"embeddable":true,"href":"https:\/\/www.europesays.com\/pl\/wp-json\/wp\/v2\/media\/455270"}],"wp:attachment":[{"href":"https:\/\/www.europesays.com\/pl\/wp-json\/wp\/v2\/media?parent=455269"}],"wp:term":[{"taxonomy":"category","embeddable":true,"href":"https:\/\/www.europesays.com\/pl\/wp-json\/wp\/v2\/categories?post=455269"},{"taxonomy":"post_tag","embeddable":true,"href":"https:\/\/www.europesays.com\/pl\/wp-json\/wp\/v2\/tags?post=455269"}],"curies":[{"name":"wp","href":"https:\/\/api.w.org\/{rel}","templated":true}]}}