{"id":455287,"date":"2026-05-26T21:50:10","date_gmt":"2026-05-26T21:50:10","guid":{"rendered":"https:\/\/www.europesays.com\/pl\/455287\/"},"modified":"2026-05-26T21:50:10","modified_gmt":"2026-05-26T21:50:10","slug":"kolejny-intensywny-atak-izraela-na-strefe-gazy-nie-zyje-szef-hamasu","status":"publish","type":"post","link":"https:\/\/www.europesays.com\/pl\/455287\/","title":{"rendered":"Kolejny intensywny atak Izraela na Stref\u0119 Gazy. Nie \u017cyje szef Hamasu"},"content":{"rendered":"<p>Izrael przeprowadzi\u0142 we wtorek wieczorem atak na nowego szefa wojskowego Hamasu, Mohammeda Odeha, o czym poinformowali premier Binjamin Netanjahu i minister obrony Israel Katz we wsp\u00f3lnym o\u015bwiadczeniu.<\/p>\n<p> Dalszy ci\u0105g artyku\u0142u pod materia\u0142em wideo <\/p>\n<p>&#8222;Times of Israel&#8221; podaje, \u017ce w dzielnicy Rimal w mie\u015bcie Gaza zosta\u0142 uderzony budynek mieszkalny. Wed\u0142ug wst\u0119pnych ustale\u0144, zgin\u0119\u0142y dwie osoby, a 10 zosta\u0142o rannych.<\/p>\n<p>Wed\u0142ug izraelskich w\u0142adz Odeh by\u0142 szefem wywiadu Hamasu podczas atak\u00f3w 7 pa\u017adziernika 2023 r., a w zesz\u0142ym tygodniu zosta\u0142 mianowany nast\u0119pc\u0105 Izz al-Dina al-Haddada na stanowisku lidera tej organizacji w Strefie Gazy oraz szefem jej skrzyd\u0142a wojskowego.<\/p>\n<p>     Kolejny atak na Stref\u0119 Gazy<\/p>\n<p>Wcze\u015bniej w \u015brodkowej cz\u0119\u015bci Strefy Gazy zgin\u0119\u0142o co najmniej pi\u0119\u0107 os\u00f3b \u2014 poinformowa\u0142a Obrona Cywilna i w\u0142adze medyczne tego palesty\u0144skiego terytorium, cytowane przez AFP.<\/p>\n<p>&#8222;Pi\u0119ciu m\u0119czennik\u00f3w i kilku rannych zosta\u0142o przewiezionych do szpitala po tym, jak atak izraelskich dron\u00f3w zosta\u0142 skierowany na grup\u0119 cywil\u00f3w na wsch\u00f3d od Al-Maghazi&#8221; \u2014 powiadomi\u0142a palesty\u0144ska Obrona Cywilna. Szpital M\u0119czennik\u00f3w Al-Aksa w Deir el-Balah potwierdzi\u0142 przyj\u0119cie pi\u0119ciu cia\u0142.<\/p>\n<p>Izraelska armia, z kt\u00f3r\u0105 skontaktowa\u0142a si\u0119 AFP, przekaza\u0142a, \u017ce bada te doniesienia.<\/p>\n<p>Zawieszenie broni w Strefie Gazy wesz\u0142o w \u017cycie 10 pa\u017adziernika 2025 r., czyli ponad dwa lata po ataku Hamasu na Izrael, kt\u00f3ry skutkowa\u0142 izraelsk\u0105 odwetow\u0105 operacj\u0105 zbrojn\u0105. Mimo to w Strefie Gazy niemal codziennie dochodzi do atak\u00f3w si\u0142 Izraela, kt\u00f3re \u2014 jak przekonuje wojsko \u2014 s\u0105 wymierzone w stwarzaj\u0105cych zagro\u017cenie terroryst\u00f3w. Wed\u0142ug szacunk\u00f3w lokalnego Ministerstwa Zdrowia, w tych operacjach, przeprowadzanych podczas rozejmu, zgin\u0119\u0142o ponad 870 os\u00f3b.<\/p>\n","protected":false},"excerpt":{"rendered":"Izrael przeprowadzi\u0142 we wtorek wieczorem atak na nowego szefa wojskowego Hamasu, Mohammeda Odeha, o czym poinformowali premier Binjamin&hellip;\n","protected":false},"author":2,"featured_media":455288,"comment_status":"","ping_status":"","sticky":false,"template":"","format":"standard","meta":{"footnotes":"","_share_on_mastodon":"0"},"categories":[14],"tags":[61195,32,33,213,27,91,34,35,28,31,48,25,46,40,41,47,88,80,29,30,26,82,83,84],"class_list":["post-455287","post","type-post","status-publish","format-standard","has-post-thumbnail","category-swiat","tag-bottomfeed_styl","tag-breaking-news","tag-breakingnews","tag-hamas","tag-headlines","tag-izrael","tag-latest-news","tag-latestnews","tag-naglowki","tag-najwazniejsze-artykuly","tag-nat_styl","tag-news","tag-omp","tag-polish","tag-polski","tag-screening_general","tag-strefa_gazy","tag-swiat","tag-top-stories","tag-topstories","tag-wiadomosci","tag-world","tag-world-news","tag-worldnews"],"share_on_mastodon":{"url":"https:\/\/pubeurope.com\/@pl\/116643091308519256","error":""},"_links":{"self":[{"href":"https:\/\/www.europesays.com\/pl\/wp-json\/wp\/v2\/posts\/455287","targetHints":{"allow":["GET"]}}],"collection":[{"href":"https:\/\/www.europesays.com\/pl\/wp-json\/wp\/v2\/posts"}],"about":[{"href":"https:\/\/www.europesays.com\/pl\/wp-json\/wp\/v2\/types\/post"}],"author":[{"embeddable":true,"href":"https:\/\/www.europesays.com\/pl\/wp-json\/wp\/v2\/users\/2"}],"replies":[{"embeddable":true,"href":"https:\/\/www.europesays.com\/pl\/wp-json\/wp\/v2\/comments?post=455287"}],"version-history":[{"count":0,"href":"https:\/\/www.europesays.com\/pl\/wp-json\/wp\/v2\/posts\/455287\/revisions"}],"wp:featuredmedia":[{"embeddable":true,"href":"https:\/\/www.europesays.com\/pl\/wp-json\/wp\/v2\/media\/455288"}],"wp:attachment":[{"href":"https:\/\/www.europesays.com\/pl\/wp-json\/wp\/v2\/media?parent=455287"}],"wp:term":[{"taxonomy":"category","embeddable":true,"href":"https:\/\/www.europesays.com\/pl\/wp-json\/wp\/v2\/categories?post=455287"},{"taxonomy":"post_tag","embeddable":true,"href":"https:\/\/www.europesays.com\/pl\/wp-json\/wp\/v2\/tags?post=455287"}],"curies":[{"name":"wp","href":"https:\/\/api.w.org\/{rel}","templated":true}]}}