{"id":455537,"date":"2026-05-27T00:59:35","date_gmt":"2026-05-27T00:59:35","guid":{"rendered":"https:\/\/www.europesays.com\/pl\/455537\/"},"modified":"2026-05-27T00:59:35","modified_gmt":"2026-05-27T00:59:35","slug":"czy-amunicja-do-patriotow-powstanie-w-polsce","status":"publish","type":"post","link":"https:\/\/www.europesays.com\/pl\/455537\/","title":{"rendered":"Czy amunicja do Patriot\u00f3w powstanie w Polsce?"},"content":{"rendered":"<p>Czy amunicja do Patriot\u00f3w powstanie w Polsce?<\/p>\n<p>&#13;<br \/>\n  Departament Stanu USA wyrazi\u0142 wst\u0119pn\u0105 zgod\u0119 na produkcj\u0119 w Polsce pocisk\u00f3w PAC-3, b\u0119d\u0105cych uzbrojeniem polskich zestaw\u00f3w Patriot \u2013 poinformowa\u0142 wiceminister obrony Cezary Tomczyk. Wed\u0142ug wiceszefa MON-u Polska mog\u0142aby te\u017c uczestniczy\u0107 w produkcji przeciwpancernych pocisk\u00f3w Hellfire i amunicji do wyrzutni HIMARS.&#13;\n<\/p>\n<p>&#13;<br \/>\n  &#13;<br \/>\n    <img loading=\"lazy\" decoding=\"async\" style=\"display: block; margin-left: auto; margin-right: auto;\" src=\"https:\/\/www.europesays.com\/pl\/wp-content\/uploads\/2026\/05\/109829.jpeg\" alt=\"\" width=\"800\" height=\"533\"\/>&#13;<br \/>\n  &#13;\n<\/p>\n<p>Odnosz\u0105c si\u0119 w poniedzia\u0142ek w TVN24 do kwestii <a href=\"https:\/\/www.polska-zbrojna.pl\/home\/articleshow\/46357?t=Pytania-o-obecnosc-amerykanskich-wojsk-w-Polsce\" target=\"_blank\" rel=\"nofollow noopener\">stacjonowania w Europie wojsk USA<\/a> oraz zapowiedzianego przez prezydenta Donalda Trumpa zwi\u0119kszenia ameryka\u0144skiej obecno\u015bci wojskowej w Polsce, wiceminister Tomczyk zwr\u00f3ci\u0142 uwag\u0119 na polskie zakupy ameryka\u0144skiego uzbrojenia \u2013 w tym <a href=\"https:\/\/polska-zbrojna.pl\/home\/articleshow\/46399?t=Husarze-juz-w-Polsce-\" target=\"_blank\" rel=\"nofollow noopener\">samolot\u00f3w F-35<\/a>, <a href=\"https:\/\/www.polska-zbrojna.pl\/home\/articleshow\/44052?t=Abrams-M1A2SEPv3-wzorzec-nowoczesnych-czolgow-\" target=\"_blank\" rel=\"nofollow noopener\">czo\u0142g\u00f3w M1 Abrams<\/a> i <a href=\"https:\/\/polska-zbrojna.pl\/home\/articleshow\/43823?t=Apache-e-nadlatuja\" target=\"_blank\" rel=\"nofollow noopener\">\u015bmig\u0142owc\u00f3w AH-64 Apache<\/a> \u2013 oraz na niezb\u0119dne zaplecze serwisowe w kraju.<\/p>\n<p>\u2013 Chcemy, \u017ceby by\u0142o to te\u017c zaplecze dla armii USA, na czym skorzysta i polski przemys\u0142, i Amerykanie \u2013 powiedzia\u0142 wiceminister, przypominaj\u0105c porozumienie dotycz\u0105ce utworzenia w Polsce <a href=\"https:\/\/polska-zbrojna.pl\/home\/articleshow\/46362?t=Silniki-do-Abramsow-pod-fachowa-opieka\" target=\"_blank\" rel=\"nofollow noopener\">Autoryzowanego Centrum Serwisowego Silnik\u00f3w AGT1500 do czo\u0142g\u00f3w Abrams<\/a>. \u2013 Z naszego centrum serwisowego w Poznaniu i D\u0119blinie b\u0119dzie tak\u017ce korzysta\u0107 ca\u0142a armia ameryka\u0144ska w Europie \u2013 zaznaczy\u0142.<\/p>\n<p>&#13;<br \/>\n    REKLAMA&#13;\n<\/p>\n<p><\/p>\n<p>Wiceszef MON-u przyzna\u0142, \u017ce cho\u0107 Amerykanie byli pocz\u0105tkowo sceptyczni wobec perspektyw produkcji w Polsce pocisk\u00f3w PAC-3 do <a href=\"https:\/\/polska-zbrojna.pl\/home\/articleshow\/44728?t=Debiut-polskich-Patriotow\" target=\"_blank\" rel=\"nofollow noopener\">zestaw\u00f3w obrony powietrznej Patriot<\/a>, zmienili podej\u015bcie po rozmowach, na kt\u00f3re uda\u0142 si\u0119 do USA z wiceministrem Paw\u0142em Zalewskim. \u2013 Po naszej wizycie my\u015bl\u0119, \u017ce wszystko jest otwarte i dostali\u015bmy wst\u0119pn\u0105 zgod\u0119 ze strony Departamentu Stanu, \u017ceby produkowa\u0107 rakiety do system\u00f3w Patriot. By\u0142yby one produkowane w polskim przemy\u015ble obronnym \u2013 m\u00f3wi\u0142 Tomczyk. Doda\u0142, \u017ce \u201emamy takie zdolno\u015bci na terenie Polski\u201d, a produkcj\u0105 zaj\u0119\u0142oby si\u0119 powo\u0142ane w tym celu konsorcjum. Zdaniem polityka mog\u0142oby ono r\u00f3wnie\u017c wytwarza\u0107 rakiety do wyrzutni HIMARS i pociski Hellfire. \u2013 To jest ca\u0142y zestaw \u015brodk\u00f3w bojowych, kt\u00f3ry mo\u017ce by\u0107 produkowany w Polsce. B\u0119d\u0105 na tym zarabiali i Polacy, i Amerykanie, bo ta produkcja mo\u017ce by\u0107 wsp\u00f3lna \u2013 przekonywa\u0142. Wed\u0142ug Tomczyka \u201eAmerykanie byli bardzo zainteresowani takim rozwi\u0105zaniem\u201d.<\/p>\n<p>Je\u015bli chodzi o uzbrojenie do zestaw\u00f3w Patriot wybranych w programie obrony przeciwlotniczej i przeciwrakietowej \u015bredniego zasi\u0119gu <a href=\"https:\/\/polska-zbrojna.pl\/home\/articleshow\/45375?t=Historyczna-Wisla-\" target=\"_blank\" rel=\"nofollow noopener\">\u201eWis\u0142a\u201d<\/a>, Polska zdecydowa\u0142a si\u0119 na pociski PAC-3 MSE koncernu Lockheed Martin. Kupi\u0142a tak\u017ce 20 wyrzutni artylerii rakietowej dalekiego zasi\u0119gu HIMARS. Umowa ramowa zak\u0142ada nabycie kolejnych zestaw\u00f3w, Polska od kilku lat stara si\u0119 o technologi\u0119 produkcji pocisk\u00f3w do tego systemu. Rakiety AGM-114 to uzbrojenie \u015bmig\u0142owc\u00f3w wsparcia AW-149 oraz \u015bmig\u0142owc\u00f3w Apache.<\/p>\n<p>&#13;<br \/>\n                    <br \/>&#13;<br \/>\n                    autor zdj\u0119\u0107: m\u0142. chor. Rafa\u0142 Samluk\/ Combat Camera&#13;<br \/>\n                    &#13;\n                <\/p>\n<p>                    <img decoding=\"async\" src=\"https:\/\/www.europesays.com\/pl\/wp-content\/uploads\/2026\/05\/1779160708_6_loading.gif\"\/><\/p>\n","protected":false},"excerpt":{"rendered":"Czy amunicja do Patriot\u00f3w powstanie w Polsce? &#13; Departament Stanu USA wyrazi\u0142 wst\u0119pn\u0105 zgod\u0119 na produkcj\u0119 w Polsce&hellip;\n","protected":false},"author":2,"featured_media":455538,"comment_status":"","ping_status":"","sticky":false,"template":"","format":"standard","meta":{"footnotes":"","_share_on_mastodon":"0"},"categories":[12],"tags":[28704,41139,12283,32582,2891,425,4944,77851,8660,52570,18211,3030,42,5225,38,2279,40,39,50002,52571,41,86489,9954,27751,41607,4970,161,5041,6573],"class_list":["post-455537","post","type-post","status-publish","format-standard","has-post-thumbnail","category-polska","tag-abrams","tag-ah-64-apache","tag-amunicja","tag-apache","tag-armia","tag-bezpieczenstwo","tag-f-35","tag-hellfire","tag-ministerstwo-obrony-narodowej","tag-obrona-narodowa","tag-oficer","tag-patriot","tag-pl","tag-pociski","tag-poland","tag-poligon","tag-polish","tag-polska","tag-polska-zbrojna","tag-polska-zbrojna-pl","tag-polski","tag-produkcja-pociskw","tag-samoloty","tag-smiglowce","tag-tomczyk","tag-wisla","tag-wojsko","tag-wojsko-polskie","tag-zolnierz"],"share_on_mastodon":{"url":"https:\/\/pubeurope.com\/@pl\/116643834417402882","error":""},"_links":{"self":[{"href":"https:\/\/www.europesays.com\/pl\/wp-json\/wp\/v2\/posts\/455537","targetHints":{"allow":["GET"]}}],"collection":[{"href":"https:\/\/www.europesays.com\/pl\/wp-json\/wp\/v2\/posts"}],"about":[{"href":"https:\/\/www.europesays.com\/pl\/wp-json\/wp\/v2\/types\/post"}],"author":[{"embeddable":true,"href":"https:\/\/www.europesays.com\/pl\/wp-json\/wp\/v2\/users\/2"}],"replies":[{"embeddable":true,"href":"https:\/\/www.europesays.com\/pl\/wp-json\/wp\/v2\/comments?post=455537"}],"version-history":[{"count":0,"href":"https:\/\/www.europesays.com\/pl\/wp-json\/wp\/v2\/posts\/455537\/revisions"}],"wp:featuredmedia":[{"embeddable":true,"href":"https:\/\/www.europesays.com\/pl\/wp-json\/wp\/v2\/media\/455538"}],"wp:attachment":[{"href":"https:\/\/www.europesays.com\/pl\/wp-json\/wp\/v2\/media?parent=455537"}],"wp:term":[{"taxonomy":"category","embeddable":true,"href":"https:\/\/www.europesays.com\/pl\/wp-json\/wp\/v2\/categories?post=455537"},{"taxonomy":"post_tag","embeddable":true,"href":"https:\/\/www.europesays.com\/pl\/wp-json\/wp\/v2\/tags?post=455537"}],"curies":[{"name":"wp","href":"https:\/\/api.w.org\/{rel}","templated":true}]}}