{"id":458887,"date":"2026-05-28T12:01:26","date_gmt":"2026-05-28T12:01:26","guid":{"rendered":"https:\/\/www.europesays.com\/pl\/458887\/"},"modified":"2026-05-28T12:01:26","modified_gmt":"2026-05-28T12:01:26","slug":"referenda-ws-odwolania-prezydentow-pod-lupa-wroclaw-czestochowa-radom-czy-rzeszow-wprost","status":"publish","type":"post","link":"https:\/\/www.europesays.com\/pl\/458887\/","title":{"rendered":"Referenda ws. odwo\u0142ania prezydent\u00f3w. Pod lup\u0105 Wroc\u0142aw, Cz\u0119stochowa, Radom, czy Rzesz\u00f3w \u2013 Wprost"},"content":{"rendered":"\n<p>&#13;<br \/>\nSukces referendum ws. odwo\u0142ania <a href=\"https:\/\/www.wprost.pl\/kraj\/12340917\/byly-prezydent-krakowa-pogodzil-sie-z-przegrana-uroki-demokracji.html\" title=\"Miszalski wyci\u0105gn\u0105\u0142 wnioski? \u201eMieszka\u0144cy Krakowa byli niezadowoleni\u201d\" rel=\"nofollow noopener\" target=\"_blank\">Aleksandra Miszalskiego<\/a> z\u00a0funkcji prezydenta zaostrzy\u0142 apetyty opozycji. \u201eTo\u00a0jest wielka fala, kt\u00f3ra przetoczy si\u0119 przez Polsk\u0119 i\u00a0zako\u0144czy odej\u015bciem Tuska. Dzi\u015b mamy do\u00a0czynienia z\u00a0odej\u015bciem \u00bbTuska krakowskiego\u00ab, ale\u00a0to\u00a0dopiero pocz\u0105tek zmian w\u00a0ca\u0142ym kraju. Polska budzi si\u0119 do\u00a0zmiany. Krak\u00f3w jest jej pocz\u0105tkiem\u201d \u2013\u00a0podkre\u015bli\u0142 w\u00a0poniedzia\u0142ek Przemys\u0142aw Czarnek. &#13;\n<\/p>\n<p>Pose\u0142 PiS nie\u00a0ma\u00a0z\u0142udze\u0144 ws. odwo\u0142ania Trzaskowskiego. Kto mo\u017ce podzieli\u0107 los Miszalskiego?<\/p>\n<p>&#13;<br \/>\nPolska Agencja Prasowa przeanalizowa\u0142a, gdzie jeszcze w\u0142odarze miast mog\u0105 obawia\u0107 si\u0119 o\u00a0swoj\u0105 posad\u0119. Jako pierwszy na\u00a0my\u015bl przychodzi Rafa\u0142 Trzaskowski, ale\u00a0pose\u0142 PiS Sebastian Kaleta zwr\u00f3ci\u0142 uwag\u0119, \u017ce\u00a0w\u0142odarz Warszawy \u201ewybory wygra\u0142 ostatnio dosy\u0107 znacz\u0105co\u201d. Polityk wi\u0119ksz\u0105 szans\u0119 widzi na\u00a0odwo\u0142anie prezydenta Wroc\u0142awia Jacka Sutryka. W\u00a02025\u00a0r. by\u0142y dwie pr\u00f3by zorganizowana referendum, ale\u00a0w\u00f3wczas nie\u00a0uda\u0142o si\u0119 zebra\u0107 wystarczaj\u0105cej liczby podpis\u00f3w. &#13;\n<\/p>\n<p>&#13;<br \/>\nOstatnim razem g\u0142\u00f3wnym inicjatorem by\u0142o stowarzyszenie SOS Wroc\u0142aw. Jego prezes Piotr Uhle przyzna\u0142, \u017ce\u00a0po\u00a0odwo\u0142aniu Miszalskiego \u201ewiele os\u00f3b i\u00a0\u015brodowisk odezwa\u0142o si\u0119\u201d do\u00a0jego organizacji. Radny nie\u00a0z\u0142o\u017cy\u0142 jednak jednoznacznej deklaracji, czy\u00a0podejmie kolejn\u0105 pr\u00f3b\u0119. Wystarczaj\u0105cej liczby podpis\u00f3w nie\u00a0uda\u0142o si\u0119 r\u00f3wnie\u017c zebra\u0107 w\u00a0Cz\u0119stochowie. Prawo i\u00a0Sprawiedliwo\u015b\u0107 zadeklarowa\u0142o, \u017ce\u00a0poprze ewentualny wniosek mieszka\u0144c\u00f3w. &#13;\n<\/p>\n<p>Zbieraj\u0105 podpisy do\u00a0referendum. \u201ePytanie, czy\u00a0chcemy pisowskiej szara\u0144czy\u201d\u2019<\/p>\n<p>&#13;<br \/>\nDzia\u0142a\u0144 w\u00a0tym zakresie odwo\u0142ania Krzysztofa Matyjaszczyka nie\u00a0wykluczaj\u0105 \u015brodowiska zwi\u0105zane z\u00a0Konfederacj\u0105, czy\u00a0lokaln\u0105 Grup\u0105 Elanex. W\u00a0Radomiu zbi\u00f3rka podpis\u00f3w rozpocz\u0119\u0142a si\u0119 w\u00a0\u015brod\u0119. Wnioskodawcy maj\u0105 dwa miesi\u0105ce, aby\u00a0zdoby\u0107 poparcie 15,5 tys. os\u00f3b. Rados\u0142awa Witkowskiego broni kolega z\u00a0partii. \u2013\u00a0Jest pytanie, czy\u00a0chcemy pisowskiej szara\u0144czy w\u00a0urz\u0119dach i\u00a0sp\u00f3\u0142kach \u2013\u00a0stwierdzi\u0142 Konrad Frysztak. O\u00a0odwo\u0142aniu prezydent Agaty Wojdy m\u00f3wi si\u0119 tak\u017ce w\u00a0Kielcach. &#13;\n<\/p>\n<p>&#13;<br \/>\nZ kolei w\u00a0Rzeszowie z\u0142o\u017cono dwa osobne wnioski ws. przeprowadzania referendum i\u00a0pozbawienia funkcji Konrada Fijo\u0142ka. Do\u00a0jego rozpisania konieczne jest minimum 15 z\u00a025 g\u0142os\u00f3w. Opozycja ma\u00a013 \u201eszabel\u201d. Analizowane s\u0105 wnioski o\u00a0przeprowadzenie referend\u00f3w w\u00a0sprawie odwo\u0142ania prezydent\u00f3w B\u0119dzina oraz\u00a0Chorzowa, odpowiednio \u0141ukasza Komoniewskiego i\u00a0Szymona Micha\u0142ka. Niepewna jest sytuacja prezydent Katarzyny Kuczy\u0144skiej-Budki w\u00a0Gliwicach, prywatnie \u017cony europos\u0142a KO. &#13;\n<\/p>\n<p>&#13;<br \/>\nCzytaj te\u017c:<br \/><a href=\"https:\/\/www.wprost.pl\/kraj\/12341682\/bitwa-o-krakow-nowa-rola-dudy-ekspertka-o-scenariuszach.html\" rel=\"follow nofollow noopener\" data-schema=\"WPROST\" data-image=\"https:\/\/img.wprost.pl\/_thumb\/5d\/da\/fd13b37fa3e3decddb279a2f95c1.jpeg\" target=\"_blank\">Krak\u00f3w jako \u201ebalon pr\u00f3bny\u201d. Andrzej Duda podejmie r\u0119kawic\u0119? \u201eNic nie\u00a0jest wykluczone\u201d<\/a>Czytaj te\u017c:<br \/><a href=\"https:\/\/www.wprost.pl\/polityka\/sondaze\/12342081\/sondaz-kto-po-miszalskim-duda-i-braun-na-czele-polacy-typuja.html\" rel=\"follow nofollow noopener\" data-schema=\"WPROST\" data-image=\"https:\/\/img.wprost.pl\/_thumb\/00\/8x\/x96d7dc795a6f0d04e667aa53242.jpeg\" target=\"_blank\">Duda czy\u00a0Braun? Polacy wskazali nast\u0119pc\u0119 Miszalskiego. Sonda\u017c dla\u00a0\u201eWprost\u201d<\/a>&#13;<\/p>\n","protected":false},"excerpt":{"rendered":"&#13; Sukces referendum ws. odwo\u0142ania Aleksandra Miszalskiego z\u00a0funkcji prezydenta zaostrzy\u0142 apetyty opozycji. \u201eTo\u00a0jest wielka fala, kt\u00f3ra przetoczy si\u0119&hellip;\n","protected":false},"author":2,"featured_media":458888,"comment_status":"","ping_status":"","sticky":false,"template":"","format":"standard","meta":{"footnotes":"","_share_on_mastodon":"0"},"categories":[51607],"tags":[2368,49,52592,42,38,40,907,39,41,2913,12070,1742,43315,1853],"class_list":["post-458887","post","type-post","status-publish","format-standard","has-post-thumbnail","category-wroclaw","tag-czestochowa","tag-kraj","tag-krystian-winogrodzki","tag-pl","tag-poland","tag-polish","tag-polityka","tag-polska","tag-polski","tag-radom","tag-referendum","tag-rzeszow","tag-wprost","tag-wroclaw"],"share_on_mastodon":{"url":"https:\/\/pubeurope.com\/@pl\/116652100002883815","error":""},"_links":{"self":[{"href":"https:\/\/www.europesays.com\/pl\/wp-json\/wp\/v2\/posts\/458887","targetHints":{"allow":["GET"]}}],"collection":[{"href":"https:\/\/www.europesays.com\/pl\/wp-json\/wp\/v2\/posts"}],"about":[{"href":"https:\/\/www.europesays.com\/pl\/wp-json\/wp\/v2\/types\/post"}],"author":[{"embeddable":true,"href":"https:\/\/www.europesays.com\/pl\/wp-json\/wp\/v2\/users\/2"}],"replies":[{"embeddable":true,"href":"https:\/\/www.europesays.com\/pl\/wp-json\/wp\/v2\/comments?post=458887"}],"version-history":[{"count":0,"href":"https:\/\/www.europesays.com\/pl\/wp-json\/wp\/v2\/posts\/458887\/revisions"}],"wp:featuredmedia":[{"embeddable":true,"href":"https:\/\/www.europesays.com\/pl\/wp-json\/wp\/v2\/media\/458888"}],"wp:attachment":[{"href":"https:\/\/www.europesays.com\/pl\/wp-json\/wp\/v2\/media?parent=458887"}],"wp:term":[{"taxonomy":"category","embeddable":true,"href":"https:\/\/www.europesays.com\/pl\/wp-json\/wp\/v2\/categories?post=458887"},{"taxonomy":"post_tag","embeddable":true,"href":"https:\/\/www.europesays.com\/pl\/wp-json\/wp\/v2\/tags?post=458887"}],"curies":[{"name":"wp","href":"https:\/\/api.w.org\/{rel}","templated":true}]}}