{"id":458953,"date":"2026-05-28T12:39:10","date_gmt":"2026-05-28T12:39:10","guid":{"rendered":"https:\/\/www.europesays.com\/pl\/458953\/"},"modified":"2026-05-28T12:39:10","modified_gmt":"2026-05-28T12:39:10","slug":"odkryli-majatek-bossa-sycyliskiej-mafii-200-mln-euro-w-osmiu-krajach","status":"publish","type":"post","link":"https:\/\/www.europesays.com\/pl\/458953\/","title":{"rendered":"Odkryli maj\u0105tek bossa sycyliskiej mafii. 200 mln euro w o\u015bmiu krajach"},"content":{"rendered":"<p>Messina Denaro sta\u0142 na czele Cosa Nostry i przez blisko 30 lat by\u0142 poszukiwany na ca\u0142ym \u015bwiecie. Policja aresztowa\u0142a go w 2023 r. w szpitalu w Palermo. Szef sycylijskiej mafii zmar\u0142 kilka miesi\u0119cy p\u00f3\u017aniej na raka.<\/p>\n<p> Dalszy ci\u0105g artyku\u0142u pod materia\u0142em wideo Ogromny maj\u0105tek bossa mafii namierzony. 200 mln euro w r\u0119kach policji<\/p>\n<p>Znaleziony maj\u0105tek pochodzi z handlu narkotykami, kt\u00f3rym Messina Denaro kierowa\u0142 przez kilkadziesi\u0105t lat \u2014 przekaza\u0142a Gwardia Finansowa w komunikacie cytowanym przez Ans\u0119. Nieruchomo\u015bci, konta i udzia\u0142y w sp\u00f3\u0142kach ukrywano we W\u0142oszech, Andorze, na Kajmanach, w Luksemburgu, Szwajcarii, Hiszpanii, Libanie i Monako.<\/p>\n<p>W mi\u0119dzynarodowej akcji skoordynowanej przez prokuratur\u0119 do walki z mafi\u0105 w Palermo i przeprowadzonej przez funkcjonariuszy Gwardii Finansowej \u015bledczy zatrzymali trzy osoby. Zarzuca im si\u0119 pranie pieni\u0119dzy z przest\u0119pstw. \u015aledztwo ujawni\u0142o ogromne \u015brodki zgromadzone dzi\u0119ki reinwestowaniu zysk\u00f3w generowanych od lat 80.<\/p>\n<p>Mienie szefa Cosa Nostry \u015bledczy znale\u017ali m.in. w Gibraltarze, Maladze i Marbelli. Operacj\u0119 przeprowadzili przy wsparciu lokalnych s\u0142u\u017cb policyjnych w wielu pa\u0144stwach.<\/p>\n","protected":false},"excerpt":{"rendered":"Messina Denaro sta\u0142 na czele Cosa Nostry i przez blisko 30 lat by\u0142 poszukiwany na ca\u0142ym \u015bwiecie. Policja&hellip;\n","protected":false},"author":2,"featured_media":458954,"comment_status":"","ping_status":"","sticky":false,"template":"","format":"standard","meta":{"footnotes":"","_share_on_mastodon":"0"},"categories":[14],"tags":[61195,32,33,27,267,34,35,18719,87393,28,31,48,25,1138,46,55,414,40,41,47,80,29,30,26,898,82,83,84],"class_list":["post-458953","post","type-post","status-publish","format-standard","has-post-thumbnail","category-swiat","tag-bottomfeed_styl","tag-breaking-news","tag-breakingnews","tag-headlines","tag-hiszpania","tag-latest-news","tag-latestnews","tag-mafia","tag-matteo_messina_denaro","tag-naglowki","tag-najwazniejsze-artykuly","tag-nat_styl","tag-news","tag-nieruchomosci","tag-omp","tag-phx","tag-policja","tag-polish","tag-polski","tag-screening_general","tag-swiat","tag-top-stories","tag-topstories","tag-wiadomosci","tag-wlochy","tag-world","tag-world-news","tag-worldnews"],"share_on_mastodon":{"url":"https:\/\/pubeurope.com\/@pl\/116652249279058681","error":""},"_links":{"self":[{"href":"https:\/\/www.europesays.com\/pl\/wp-json\/wp\/v2\/posts\/458953","targetHints":{"allow":["GET"]}}],"collection":[{"href":"https:\/\/www.europesays.com\/pl\/wp-json\/wp\/v2\/posts"}],"about":[{"href":"https:\/\/www.europesays.com\/pl\/wp-json\/wp\/v2\/types\/post"}],"author":[{"embeddable":true,"href":"https:\/\/www.europesays.com\/pl\/wp-json\/wp\/v2\/users\/2"}],"replies":[{"embeddable":true,"href":"https:\/\/www.europesays.com\/pl\/wp-json\/wp\/v2\/comments?post=458953"}],"version-history":[{"count":0,"href":"https:\/\/www.europesays.com\/pl\/wp-json\/wp\/v2\/posts\/458953\/revisions"}],"wp:featuredmedia":[{"embeddable":true,"href":"https:\/\/www.europesays.com\/pl\/wp-json\/wp\/v2\/media\/458954"}],"wp:attachment":[{"href":"https:\/\/www.europesays.com\/pl\/wp-json\/wp\/v2\/media?parent=458953"}],"wp:term":[{"taxonomy":"category","embeddable":true,"href":"https:\/\/www.europesays.com\/pl\/wp-json\/wp\/v2\/categories?post=458953"},{"taxonomy":"post_tag","embeddable":true,"href":"https:\/\/www.europesays.com\/pl\/wp-json\/wp\/v2\/tags?post=458953"}],"curies":[{"name":"wp","href":"https:\/\/api.w.org\/{rel}","templated":true}]}}