{"id":459466,"date":"2026-05-28T17:40:10","date_gmt":"2026-05-28T17:40:10","guid":{"rendered":"https:\/\/www.europesays.com\/pl\/459466\/"},"modified":"2026-05-28T17:40:10","modified_gmt":"2026-05-28T17:40:10","slug":"beata-sniechowska-z-gwiazdka-michelin-to-zwyciezczyni-masterchefa","status":"publish","type":"post","link":"https:\/\/www.europesays.com\/pl\/459466\/","title":{"rendered":"Beata \u015aniechowska z gwiazdk\u0105 Michelin. To zwyci\u0119\u017cczyni &#8222;MasterChefa&#8221;"},"content":{"rendered":"<p>Beata \u015aniechowska da\u0142a si\u0119 pozna\u0107 szerszej publiczno\u015bci 13 lat temu, gdy triumfowa\u0142a w drugiej edycji programu <a href=\"https:\/\/plejada.pl\/temat\/masterchef\/hh58w12\" id=\"a2433e7f-179d-4163-b205-d6ddcf21bcfd\" rel=\"nofollow noopener\" target=\"_blank\">&#8222;MasterChef&#8221;<\/a>. Od tego czasu pr\u0119\u017cnie rozwija\u0142a swoj\u0105 karier\u0119 kulinarn\u0105 \u2014 jest szefow\u0105 kuchni oraz restauratork\u0105 lokali &#8222;M\u0142oda Polska Bistro&#8221; oraz &#8222;BABA&#8221;, a na swoim koncie ma m.in. nagrod\u0119 specjaln\u0105 Michelin Guide z 2025 r. Teraz ponownie spotka\u0142 j\u0105 ogromny sukces. Dalszy ci\u0105g artyku\u0142u pod materia\u0142em wideo Pierwsza Polka z gwiazdk\u0105 Michelin. To zwyci\u0119\u017cczyni &#8222;MasterChefa&#8221;<\/p>\n<p>To w\u0142a\u015bnie jej restauracja &#8222;BABA&#8221; otrzyma\u0142a gwiazdk\u0119 Michelin i tym samym Beata \u015aniechowska zosta\u0142a pierwsz\u0105 Polk\u0105 z t\u0105 nagrod\u0105. Wyr\u00f3\u017cnienie zosta\u0142o wr\u0119czone podczas gali Michelin Guide Ceremony Poland 2026.<\/p>\n<blockquote class=\"ods-o-quote\">\n<p class=\"ods-o-quote__paragraph\">To ogromne wyr\u00f3\u017cnienie. Pr\u00f3buj\u0119 nie pa\u015b\u0107 na zawa\u0142. Takich rzeczy nie robi si\u0119 kobietom po 40-tce! <\/p>\n<\/blockquote>\n<p>\u2014 powiedzia\u0142a z humorem.<\/p>\n<p>W menu wroc\u0142awskiej restauracji, kt\u00f3re mo\u017cna znale\u017a\u0107 na stronie internetowej, znajduj\u0105 si\u0119 m.in. ostrygi, krokieciki z dorszem i sosem tatarskim, piero\u017cki z grzybami i t\u0142u\u015bciochem, wiosenny tatar ze sk\u00f3r\u0105 z kurczaka i czosnkiem nied\u017awiedzim, pier\u015b z kaczki w pi\u0119ciu smakach, sosem bordelaise i kluskami \u015bl\u0105skimi.<\/p>\n<p> Co ciekawe, restauracja Przemys\u0142awa Klimy &#8222;Bottiglieria 1881&#8221; mo\u017ce poszczyci\u0107 si\u0119 dwiema gwiazdkami Michelin. <a href=\"https:\/\/plejada.pl\/wideo\/przemyslaw-klima-stanowczo-o-umiejetnosciach-kucharzy-to-jest-podstawa\/70c9ds7\" id=\"b8c5eb5c-68bd-4343-95cc-0ff1313c962a\" rel=\"nofollow noopener\" target=\"_blank\">W dawnej rozmowie z Plejad\u0105<\/a> opowiada\u0142 o kulisach otrzymywania wyr\u00f3\u017cnienia.     <\/p>\n<p>\u2014 Nikt nie wie, jakie s\u0105 kryteria na zdobycie pierwszej, drugiej czy trzeciej gwiazdki. To s\u0105 rzeczy, kt\u00f3re s\u0105 \u015bci\u015ble tajne i wiedz\u0105 to ludzie, kt\u00f3rzy tam siedz\u0105 na miejscu i te kryteria znaj\u0105. Nie wiedzia\u0142em, jakie mia\u0142em kryteria. Te\u017c nie wiem, jakie s\u0105 przy trzeciej \u2014 m\u00f3wi\u0142 w 2025 r.<\/p>\n<p> <img decoding=\"async\" src=\"https:\/\/www.europesays.com\/pl\/wp-content\/uploads\/2026\/05\/C4uk9lBaHR0cHM6Ly9vY2RuLmV1L3B1bHNjbXMvTURBXy9lMjkyOWIwNzY5NTBkMmNiZTgzYWZlN2VhNmYxOGVjNS5qcGeRlQLNB.jpeg\" height=\"800\" width=\"736\" alt=\"Beata \u015aniechowska\" loading=\"lazy\" class=\"ods-c-image__img ods-c-image__img--vertical\"\/> <\/p>\n<p>Beata \u015aniechowskaMicha\u0142 Klag \/ East News<\/p>\n<p> Dzi\u0119kujemy, \u017ce przeczyta\u0142a\u015b\/e\u015b nasz artyku\u0142 do ko\u0144ca. W serwisie Plejada.pl ka\u017cdego dnia piszemy o najwa\u017cniejszych wydarzeniach show-biznesowych. B\u0105d\u017a na bie\u017c\u0105co!<a rel=\"nofollow noopener\" href=\"https:\/\/profile.google.com\/cp\/Cg0vZy8xMWJ6X19wdHBx\" id=\"a39889da-4f64-4a9c-bfe2-ec88555fa2d7\" target=\"_blank\"> Obserwuj<\/a> Plejad\u0119 w Google. Odwied\u017a nas tak\u017ce na<a rel=\"nofollow noopener\" href=\"https:\/\/www.facebook.com\/plejadapl\" id=\"d0abe7d5-6a69-4305-bcb1-71e1cf2695ce\" target=\"_blank\"> Facebooku<\/a>,<a rel=\"nofollow noopener\" href=\"https:\/\/www.instagram.com\/plejadapl\/\" id=\"c16398e4-847e-45e6-a54a-a227ebaba2bc\" target=\"_blank\"> Instagramie<\/a>,<a rel=\"nofollow noopener\" href=\"https:\/\/www.youtube.com\/c\/plejada\" id=\"49e02edf-baa8-4027-92b3-568dc7bb28b7\" target=\"_blank\"> YouTubie<\/a> oraz<a rel=\"nofollow noopener\" href=\"https:\/\/www.tiktok.com\/@plejada_pl\" id=\"80ce6f89-1f82-4e01-b430-147c5565e76c\" target=\"_blank\"> TikToku<\/a>.Chcesz podzieli\u0107 si\u0119 ciekawym newsem lub zaproponowa\u0107 temat? Skontaktuj si\u0119 z nami, pisz\u0105c maila na adres: <a rel=\"nofollow noopener\" href=\"https:\/\/plejada.pl\/newsy\/beata-sniechowska-z-gwiazdka-michelin-to-zwyciezczyni-masterchefa\/mailto:plejada@redakcjaonet.pl\" id=\"9b754979-40d2-4015-8122-5f129b64976b\" target=\"_blank\">plejada@redakcjaonet.pl<\/a>.     <script async src=\"\/\/www.instagram.com\/embed.js\"><\/script><script async src=\"\/\/www.tiktok.com\/embed.js\"><\/script><\/p>\n","protected":false},"excerpt":{"rendered":"Beata \u015aniechowska da\u0142a si\u0119 pozna\u0107 szerszej publiczno\u015bci 13 lat temu, gdy triumfowa\u0142a w drugiej edycji programu &#8222;MasterChef&#8221;. Od&hellip;\n","protected":false},"author":2,"featured_media":459467,"comment_status":"","ping_status":"","sticky":false,"template":"","format":"standard","meta":{"footnotes":"","_share_on_mastodon":"0"},"categories":[22],"tags":[61195,122,87523,4094,48,125,46,42,38,40,39,41,123,47],"class_list":["post-459466","post","type-post","status-publish","format-standard","has-post-thumbnail","category-rozrywka","tag-bottomfeed_styl","tag-entertainment","tag-gwiazdka_michelin","tag-masterchef","tag-nat_styl","tag-newsy","tag-omp","tag-pl","tag-poland","tag-polish","tag-polska","tag-polski","tag-rozrywka","tag-screening_general"],"share_on_mastodon":{"url":"https:\/\/pubeurope.com\/@pl\/116653433004410343","error":""},"_links":{"self":[{"href":"https:\/\/www.europesays.com\/pl\/wp-json\/wp\/v2\/posts\/459466","targetHints":{"allow":["GET"]}}],"collection":[{"href":"https:\/\/www.europesays.com\/pl\/wp-json\/wp\/v2\/posts"}],"about":[{"href":"https:\/\/www.europesays.com\/pl\/wp-json\/wp\/v2\/types\/post"}],"author":[{"embeddable":true,"href":"https:\/\/www.europesays.com\/pl\/wp-json\/wp\/v2\/users\/2"}],"replies":[{"embeddable":true,"href":"https:\/\/www.europesays.com\/pl\/wp-json\/wp\/v2\/comments?post=459466"}],"version-history":[{"count":0,"href":"https:\/\/www.europesays.com\/pl\/wp-json\/wp\/v2\/posts\/459466\/revisions"}],"wp:featuredmedia":[{"embeddable":true,"href":"https:\/\/www.europesays.com\/pl\/wp-json\/wp\/v2\/media\/459467"}],"wp:attachment":[{"href":"https:\/\/www.europesays.com\/pl\/wp-json\/wp\/v2\/media?parent=459466"}],"wp:term":[{"taxonomy":"category","embeddable":true,"href":"https:\/\/www.europesays.com\/pl\/wp-json\/wp\/v2\/categories?post=459466"},{"taxonomy":"post_tag","embeddable":true,"href":"https:\/\/www.europesays.com\/pl\/wp-json\/wp\/v2\/tags?post=459466"}],"curies":[{"name":"wp","href":"https:\/\/api.w.org\/{rel}","templated":true}]}}