{"id":459478,"date":"2026-05-28T17:46:18","date_gmt":"2026-05-28T17:46:18","guid":{"rendered":"https:\/\/www.europesays.com\/pl\/459478\/"},"modified":"2026-05-28T17:46:18","modified_gmt":"2026-05-28T17:46:18","slug":"ziobro-na-wolnosci-tusk-prosze-o-zrozumienie","status":"publish","type":"post","link":"https:\/\/www.europesays.com\/pl\/459478\/","title":{"rendered":"Ziobro na wolno\u015bci. Tusk: Prosz\u0119 o zrozumienie"},"content":{"rendered":"\n<p>&#13;<br \/>\nZbigniew Ziobro od\u00a010 maja przebywa w\u00a0Stanach Zjednoczonych. Wcze\u015bniej przez kilka miesi\u0119cy przebywa\u0142 na\u00a0W\u0119grzech, gdzie otrzyma\u0142 azyl polityczny i\u00a0ochron\u0119 mi\u0119dzynarodow\u0105 za\u00a0rz\u0105d\u00f3w Viktora Orb\u00e1na. Wed\u0142ug informacji przekazanych przez rzecznika Prokuratury Krajowej Przemys\u0142awa Nowaka, Ziobro opu\u015bci\u0142 Europ\u0119 9\u00a0maja i\u00a0polecia\u0142 do\u00a0USA z\u00a0Mediolanu. Mia\u0142 pos\u0142u\u017cy\u0107 si\u0119 wiz\u0105 cz\u0142onka zagranicznych medi\u00f3w. &#13;\n<\/p>\n<p>&#13;<br \/>\nWyjazd polityka PiS do\u00a0USA zosta\u0142 powszechnie odebrany jako <a href=\"https:\/\/dorzeczy.pl\/opinie\/886642\/ziobro-w-usa-to-dowod-na-slabosc-rzadu-tuska.html\" title=\"Polacy nie\u00a0maj\u0105 z\u0142udze\u0144. To\u00a0dow\u00f3d na\u00a0s\u0142abo\u015b\u0107 rz\u0105du Tuska\" rel=\"nofollow noopener\" target=\"_blank\">dow\u00f3d na\u00a0s\u0142abo\u015b\u0107 s\u0142u\u017cb i\u00a0prokuratury pod\u00a0rz\u0105dami Donalda Tuska<\/a>. Sam szef rz\u0105du przyzna\u0142 w\u00a0czwartek, \u017ce\u00a0jest rozczarowany ca\u0142\u0105 sytuacj\u0105. &#13;\n<\/p>\n<p>&#13;<br \/>\n\u2013 Sam jestem bardzo rozgoryczony sposobem post\u0119powania niekt\u00f3rych instytucji i\u00a0s\u0142u\u017cb. Bardzo chcia\u0142bym rozliczy\u0107 tych wszystkich, kt\u00f3rzy pope\u0142niali nadu\u017cycia, w\u00a0tym ministra Ziobro i\u00a0to rozliczy\u0107 skutecznie. I\u00a0wszystkie narz\u0119dzia, jakie mam w\u00a0r\u0119ku, staram si\u0119 u\u017cywa\u0107 tak, \u017ceby dzia\u0142a\u0107 skutecznie. Niestety przeciwko sobie mam czasami inercj\u0119, czasami ewidentny sabota\u017c, te\u017c w\u00a0ramach niekt\u00f3rych instytucji, czasami brak wsp\u00f3\u0142dzia\u0142ania ze\u00a0strony pa\u0144stw trzecich albo dziwne dzia\u0142ania jak wiemy. Prosz\u0119 te\u017c czasami o\u00a0zrozumienie, bo\u00a0mi determinacji nie\u00a0brakuje i\u00a0na pewno tego nie\u00a0odpuszcz\u0119, ale\u00a0nie wszyscy pomagaj\u0105 \u2013\u00a0stwierdzi\u0142 Tusk. &#13;\n<\/p>\n<p>Kto pom\u00f3g\u0142 Ziobrze?<\/p>\n<p>&#13;<br \/>\nJak wynika z\u00a0najnowszych ustale\u0144 Reutersa, <a href=\"https:\/\/dorzeczy.pl\/kraj\/888979\/reuters-ujawnia-kto-w-usa-zdecydowal-o-wydaniu-wizy-dla-ziobry.html\" rel=\"nofollow noopener\" target=\"_blank\">o wydaniu wizy dla\u00a0polskiego polityka zdecydowa\u0142 zast\u0119pca sekretarza stanu USA Christopher Landau.<\/a> Wiceszef ameryka\u0144skiej dyplomacji, kieruj\u0105c do\u00a0wysokich urz\u0119dnik\u00f3w Biura Spraw Konsularnych polecenie wydania wizy, mia\u0142 uzasadni\u0107 pilno\u015b\u0107 sprawy, przedstawiaj\u0105c j\u0105 jako &#8222;kwesti\u0119 bezpiecze\u0144stwa narodowego&#8221;. &#13;\n<\/p>\n<p>&#13;<br \/>\nJak podkre\u015bla Reuters, dzi\u0119ki interwencji Landaua, by\u0142emu ministrowi sprawiedliwo\u015bci uda\u0142o si\u0119 uzyska\u0107 wiz\u0119 przed zaprzysi\u0119\u017ceniem rz\u0105du Petera Magyara, kt\u00f3ry jeszcze przed wyborami zapowiada\u0142 ekstradycj\u0119 Ziobry i\u00a0jego zast\u0119pcy Marcina Romanowskiego do\u00a0Polski. &#13;\n<\/p>\n<p>&#13;<br \/>\nCzytaj te\u017c:<br \/><a href=\"https:\/\/dorzeczy.pl\/opinie\/893425\/sedzia-wylaczony-bezprawnie-to-jest-po-prostu-niebywale.html\" rel=\"follow nofollow noopener\" data-schema=\"DORZECZY\" data-image=\"https:\/\/img.dorzeczy.pl\/_thumb\/41\/66\/015451ea2b806845949545560bb3.jpeg\" target=\"_blank\">S\u0119dzia wy\u0142\u0105czony niezgodnie z\u00a0prawem? &#8222;To\u00a0jest niebywa\u0142e!&#8221;<\/a>Czytaj te\u017c:<br \/><a href=\"https:\/\/dorzeczy.pl\/opinie\/893089\/prezydent-nawrocki-licze-na-otrzezwienie-polskiego-rzadu.html\" rel=\"follow nofollow noopener\" data-schema=\"DORZECZY\" data-image=\"https:\/\/img.dorzeczy.pl\/_thumb\/7f\/f5\/e712fff39e2df03ed4f993ea2e43.jpeg\" target=\"_blank\">Nawrocki: Licz\u0119 na\u00a0otrze\u017awienie polskiego rz\u0105du<\/a>&#13;<\/p>\n","protected":false},"excerpt":{"rendered":"&#13; Zbigniew Ziobro od\u00a010 maja przebywa w\u00a0Stanach Zjednoczonych. Wcze\u015bniej przez kilka miesi\u0119cy przebywa\u0142 na\u00a0W\u0119grzech, gdzie otrzyma\u0142 azyl polityczny&hellip;\n","protected":false},"author":2,"featured_media":459479,"comment_status":"","ping_status":"","sticky":false,"template":"","format":"standard","meta":{"footnotes":"","_share_on_mastodon":"0"},"categories":[62713],"tags":[1345,98,49,601,102,99,3817],"class_list":["post-459478","post","type-post","status-publish","format-standard","has-post-thumbnail","category-donald-tusk","tag-donald-tusk","tag-dorzeczy","tag-kraj","tag-marcin-bugaj","tag-opinie","tag-tusk","tag-ziobro"],"share_on_mastodon":{"url":"https:\/\/pubeurope.com\/@pl\/116653456498796210","error":""},"_links":{"self":[{"href":"https:\/\/www.europesays.com\/pl\/wp-json\/wp\/v2\/posts\/459478","targetHints":{"allow":["GET"]}}],"collection":[{"href":"https:\/\/www.europesays.com\/pl\/wp-json\/wp\/v2\/posts"}],"about":[{"href":"https:\/\/www.europesays.com\/pl\/wp-json\/wp\/v2\/types\/post"}],"author":[{"embeddable":true,"href":"https:\/\/www.europesays.com\/pl\/wp-json\/wp\/v2\/users\/2"}],"replies":[{"embeddable":true,"href":"https:\/\/www.europesays.com\/pl\/wp-json\/wp\/v2\/comments?post=459478"}],"version-history":[{"count":0,"href":"https:\/\/www.europesays.com\/pl\/wp-json\/wp\/v2\/posts\/459478\/revisions"}],"wp:featuredmedia":[{"embeddable":true,"href":"https:\/\/www.europesays.com\/pl\/wp-json\/wp\/v2\/media\/459479"}],"wp:attachment":[{"href":"https:\/\/www.europesays.com\/pl\/wp-json\/wp\/v2\/media?parent=459478"}],"wp:term":[{"taxonomy":"category","embeddable":true,"href":"https:\/\/www.europesays.com\/pl\/wp-json\/wp\/v2\/categories?post=459478"},{"taxonomy":"post_tag","embeddable":true,"href":"https:\/\/www.europesays.com\/pl\/wp-json\/wp\/v2\/tags?post=459478"}],"curies":[{"name":"wp","href":"https:\/\/api.w.org\/{rel}","templated":true}]}}