{"id":459592,"date":"2026-05-28T19:01:23","date_gmt":"2026-05-28T19:01:23","guid":{"rendered":"https:\/\/www.europesays.com\/pl\/459592\/"},"modified":"2026-05-28T19:01:23","modified_gmt":"2026-05-28T19:01:23","slug":"nowe-informacje-o-pozarze-pod-warszawa-policja-zamknela-czesc-drogi-krajowej","status":"publish","type":"post","link":"https:\/\/www.europesays.com\/pl\/459592\/","title":{"rendered":"Nowe informacje o po\u017carze pod Warszaw\u0105. Policja zamkn\u0119\u0142a cz\u0119\u015b\u0107 drogi krajowej"},"content":{"rendered":"<p>Burmistrz Stanis\u0142awowa Kinga Sosi\u0144ska przekaza\u0142a na antenie TVN24, \u017ce trwa ewakuacja mieszka\u0144c\u00f3w wsi O\u0142dakowizna w powiecie mi\u0144skim \u2014 informuje TVN24. Ewakuowana ma by\u0107 te\u017c pobliska wie\u015b Rz\u0105dza.<\/p>\n<p>Burmistrz Sosi\u0144ska zapewni\u0142a, \u017ce osoby ewakuowane mog\u0105 liczy\u0107 na nocleg i ekwipunek oraz posi\u0142ek. S\u0105 te\u017c rozdawane maski, kt\u00f3re maj\u0105 chroni\u0107 przed dymem.<\/p>\n<p>W zwi\u0105zku z po\u017carem zablokowana jest droga krajowa nr 50 na odcinku Stanis\u0142aw\u00f3w \u2014 \u0141och\u00f3w. Ruch przekierowano na drog\u0119 wojew\u00f3dzk\u0105 nr 637 oraz drogi lokalne.<\/p>\n<p> <img decoding=\"async\" src=\"https:\/\/www.europesays.com\/pl\/wp-content\/uploads\/2026\/05\/k5ek9lBaHR0cHM6Ly9vY2RuLmV1L3B1bHNjbXMvTURBXy82OWJlYTk5ZTQ2YTliYzRiNWMxMDgxNmJmZDFmNDIzMS5wbmeRlQLNB.jpeg\" height=\"337\" width=\"774\" alt=\"Ten fragment drogi krajowej numer 50 jest wy\u0142\u0105czony z ruchu\" loading=\"lazy\" class=\"ods-c-image__img ods-c-image__img--viewport-width\"\/> <\/p>\n<p>Ten fragment drogi krajowej numer 50 jest wy\u0142\u0105czony z ruchuMateria\u0142y prasowe<\/p>\n<p>\u2014 Ze wzgl\u0119du na bardzo silne zadymienie na tym odcinku oraz prowadzone dzia\u0142ania ga\u015bnicze, ten fragment drogi zosta\u0142 zamkni\u0119ty. Policja wyznaczy\u0142a objazdy, wi\u0119c przejazd w kierunku p\u00f3\u0142nocno-wschodnim jest mo\u017cliwy \u2014 m\u00f3wi Onetowi rzecznik prasowy komendanta wojew\u00f3dzkiego PSP w Warszawie bryg. \u0141ukasz Darmofalski.<\/p>\n<p>      Dalszy ci\u0105g artyku\u0142u pod materia\u0142em wideo Ogromny po\u017car pod Warszaw\u0105. Silny wiatr utrudnia akcj\u0119 ga\u015bnicz\u0105<\/p>\n<p>Jak dodaje, nie ma na razie informacji o osobach poszkodowanych. .<\/p>\n<p>\u2014 Zosta\u0142 powo\u0142any sztab dzia\u0142a\u0144 ratowniczych, kt\u00f3ry ocenia, czy si\u0142y, kt\u00f3rymi dysponujemy, s\u0105 wystarczaj\u0105ce. Na t\u0119 chwil\u0119 dzia\u0142a 65 zast\u0119p\u00f3w stra\u017cy po\u017carnej, kolejne s\u0105 w drodze. Nasze dzia\u0142ania wspiera \u015bmig\u0142owiec Black Hawk ze zbiornikiem Bambi Bucket oraz cztery samoloty typu Dromader z Las\u00f3w Pa\u0144stwowych \u2014 dodaje bryg. \u0141ukasz Darmofalski.<\/p>\n<p>Pa\u0144stwowa Stra\u017c Po\u017carna poinformowa\u0142a, \u017ce na miejsce dzia\u0142a\u0144 zadysponowano m.in. modu\u0142 GFFF z Ponznaia, Lublina, \u0141odzi i Olsztyna. Modu\u0142 GFFF (Ground Forest Fire Fighting) to wyspecjalizowana grupa stra\u017cak\u00f3w przeznaczona do gaszenia po\u017car\u00f3w las\u00f3w z ziemi, bez u\u017cycia pojazd\u00f3w, dzia\u0142aj\u0105ca w trudnym terenie i wymagaj\u0105cych warunkach. Pos\u0142uguj\u0105 si\u0119 g\u0142\u00f3wnie narz\u0119dziami r\u0119cznymi.<\/p>\n<p>Akcj\u0119 ga\u015bnicz\u0105 utrudnia silny wiatr. K\u0142\u0119by dymu widoczne s\u0105 z kilkudziesi\u0119ciu kilometr\u00f3w, nawet z Warszawy.<\/p>\n<p>Ogie\u0144 przeszed\u0142 z las\u00f3w prywatnych na lasy pa\u0144stwowe Nadle\u015bnictw Mi\u0144sk i Nadle\u015bnictwa \u0141och\u00f3w \u2014 poinformowa\u0142y Lasy Pa\u0144stwowe.<\/p>\n<p>Czytaj te\u017c:<\/p>\n<p>     1  \/  11   Po\u017car lasu we wsi Mi\u0119dzyle\u015b w powiecie wo\u0142omi\u0144skim       <img class=\"ods-a-photo ods-a-photo--background\" src=\"https:\/\/www.europesays.com\/pl\/wp-content\/uploads\/2026\/05\/b2dk9lBaHR0cHM6Ly9vY2RuLmV1L3B1bHNjbXMvTURBXy8yZjY0OThjZGQ5MDc4NTY1ZWRhZTQyYWM4YWUzZTU2NS5qcGeRkwXNB.jpeg\" height=\"627\" width=\"940\" alt=\"Po\u017car lasu we wsi Mi\u0119dzyle\u015b w powiecie wo\u0142omi\u0144skim\" loading=\"lazy\" fetchpriority=\"auto\" decoding=\"auto\"\/>    <\/p>\n<p>Albert Zawada \/ PAP<\/p>\n<p>           2  \/  11   Po\u017car lasu pod Wo\u0142ominem       <img class=\"ods-a-photo ods-a-photo--background\" src=\"https:\/\/www.europesays.com\/pl\/wp-content\/uploads\/2026\/05\/pOKk9lBaHR0cHM6Ly9vY2RuLmV1L3B1bHNjbXMvTURBXy85Y2M1NjAyY2Y2N2MzODM2ODhiZjc2NTdkNDY3OTMwZS5qcGeRkwXNB.jpeg\" height=\"598\" width=\"940\" alt=\"Po\u017car lasu pod Wo\u0142ominem\" loading=\"lazy\" fetchpriority=\"auto\" decoding=\"auto\"\/>    <\/p>\n<p>Anita Walczewska \/ East News<\/p>\n<p>                  3  \/  11   Po\u017car lasu pod Wo\u0142ominem       <img class=\"ods-a-photo ods-a-photo--background\" src=\"https:\/\/www.europesays.com\/pl\/wp-content\/uploads\/2026\/05\/lAmk9lBaHR0cHM6Ly9vY2RuLmV1L3B1bHNjbXMvTURBXy82MWUxMGNiYTliYWM1YTY0OTAxN2E0NmVkMDliOTNjNy5qcGeRkwXNB.jpeg\" height=\"682\" width=\"940\" alt=\"Po\u017car lasu pod Wo\u0142ominem\" loading=\"lazy\" fetchpriority=\"auto\" decoding=\"auto\"\/>    <\/p>\n<p>Anita Walczewska \/ East News<\/p>\n<p>           4  \/  11   Po\u017car lasu we wsi Mi\u0119dzyle\u015b w powiecie wo\u0142omi\u0144skim       <img class=\"ods-a-photo ods-a-photo--background\" src=\"https:\/\/www.europesays.com\/pl\/wp-content\/uploads\/2026\/05\/XhOk9lBaHR0cHM6Ly9vY2RuLmV1L3B1bHNjbXMvTURBXy8wZjU5ZmZiMTgzMWY5YWNiNWQ2OTIzMDJkNjlkODIxZi5qcGeRkwXNB.jpeg\" height=\"627\" width=\"940\" alt=\"Po\u017car lasu we wsi Mi\u0119dzyle\u015b w powiecie wo\u0142omi\u0144skim\" loading=\"lazy\" fetchpriority=\"auto\" decoding=\"auto\"\/>    <\/p>\n<p>Albert Zawada \/ PAP<\/p>\n<p>                  5  \/  11   Po\u017car lasu we wsi Mi\u0119dzyle\u015b w powiecie wo\u0142omi\u0144skim       <img class=\"ods-a-photo ods-a-photo--background\" src=\"https:\/\/www.europesays.com\/pl\/wp-content\/uploads\/2026\/05\/m_dk9lBaHR0cHM6Ly9vY2RuLmV1L3B1bHNjbXMvTURBXy8yMzY3YjhlZWNkNzA2MmFkN2Q2ZjcxYjE1YmI2MTY5MC5qcGeRkwXNB.jpeg\" height=\"627\" width=\"940\" alt=\"Po\u017car lasu we wsi Mi\u0119dzyle\u015b w powiecie wo\u0142omi\u0144skim\" loading=\"lazy\" fetchpriority=\"auto\" decoding=\"auto\"\/>    <\/p>\n<p>Albert Zawada \/ PAP<\/p>\n<p>           6  \/  11   Po\u017car lasu we wsi Mi\u0119dzyle\u015b w powiecie wo\u0142omi\u0144skim       <img class=\"ods-a-photo ods-a-photo--background\" src=\"https:\/\/www.europesays.com\/pl\/wp-content\/uploads\/2026\/05\/atpk9lBaHR0cHM6Ly9vY2RuLmV1L3B1bHNjbXMvTURBXy9lOTczMTMzYWY3Y2E1MjYxM2FiNDVhNmY0ZGI2N2U2Yy5qcGeRkwXNB.jpeg\" height=\"627\" width=\"940\" alt=\"Po\u017car lasu we wsi Mi\u0119dzyle\u015b w powiecie wo\u0142omi\u0144skim\" loading=\"lazy\" fetchpriority=\"auto\" decoding=\"auto\"\/>    <\/p>\n<p>Albert Zawada \/ PAP<\/p>\n<p>                  7  \/  11   Po\u017car lasu we wsi Mi\u0119dzyle\u015b w powiecie wo\u0142omi\u0144skim       <img class=\"ods-a-photo ods-a-photo--background\" src=\"https:\/\/www.europesays.com\/pl\/wp-content\/uploads\/2026\/05\/cq0k9lBaHR0cHM6Ly9vY2RuLmV1L3B1bHNjbXMvTURBXy8xMTNlOTEyM2IxNGUwNjdjZTY2NDEyNzQ3YzFiOTZmMS5qcGeRkwXNB.jpeg\" height=\"627\" width=\"940\" alt=\"Po\u017car lasu we wsi Mi\u0119dzyle\u015b w powiecie wo\u0142omi\u0144skim\" loading=\"lazy\" fetchpriority=\"auto\" decoding=\"auto\"\/>    <\/p>\n<p>Albert Zawada \/ PAP<\/p>\n<p>           8  \/  11   Po\u017car lasu we wsi Mi\u0119dzyle\u015b w powiecie wo\u0142omi\u0144skim       <img class=\"ods-a-photo ods-a-photo--background\" src=\"https:\/\/www.europesays.com\/pl\/wp-content\/uploads\/2026\/05\/BKEk9lBaHR0cHM6Ly9vY2RuLmV1L3B1bHNjbXMvTURBXy84ZDU5NDFiZjMwYjZiY2MzYzQ5MzU1M2UyYWY5YWVhZS5qcGeRkwXNB.jpeg\" height=\"627\" width=\"940\" alt=\"Po\u017car lasu we wsi Mi\u0119dzyle\u015b w powiecie wo\u0142omi\u0144skim\" loading=\"lazy\" fetchpriority=\"auto\" decoding=\"auto\"\/>    <\/p>\n<p>Albert Zawada \/ PAP<\/p>\n<p>                  9  \/  11   Po\u017car lasu we wsi Mi\u0119dzyle\u015b w powiecie wo\u0142omi\u0144skim       <img class=\"ods-a-photo ods-a-photo--background\" src=\"https:\/\/www.europesays.com\/pl\/wp-content\/uploads\/2026\/05\/ggck9lBaHR0cHM6Ly9vY2RuLmV1L3B1bHNjbXMvTURBXy8wODRjYTUxMWYyNDVlODFmODcxYmFkZDJjNjc2MjQ0Mi5qcGeRkwXNB.jpeg\" height=\"627\" width=\"940\" alt=\"Po\u017car lasu we wsi Mi\u0119dzyle\u015b w powiecie wo\u0142omi\u0144skim\" loading=\"lazy\" fetchpriority=\"auto\" decoding=\"auto\"\/>    <\/p>\n<p>Albert Zawada \/ PAP<\/p>\n<p>           10  \/  11   Po\u017car lasu we wsi Mi\u0119dzyle\u015b w powiecie wo\u0142omi\u0144skim       <img class=\"ods-a-photo ods-a-photo--background\" src=\"https:\/\/www.europesays.com\/pl\/wp-content\/uploads\/2026\/05\/Sqyk9lBaHR0cHM6Ly9vY2RuLmV1L3B1bHNjbXMvTURBXy81Yzg1MzU4ZDRjNThhM2FiYjg4MTg5MTI0ODljZjE0YS5qcGeRkwXNB.jpeg\" height=\"627\" width=\"940\" alt=\"Po\u017car lasu we wsi Mi\u0119dzyle\u015b w powiecie wo\u0142omi\u0144skim\" loading=\"lazy\" fetchpriority=\"auto\" decoding=\"auto\"\/>    <\/p>\n<p>Albert Zawada \/ PAP<\/p>\n<p>                  11  \/  11   Po\u017car lasu we wsi Mi\u0119dzyle\u015b w powiecie wo\u0142omi\u0144skim       <img class=\"ods-a-photo ods-a-photo--background\" src=\"https:\/\/www.europesays.com\/pl\/wp-content\/uploads\/2026\/05\/DMwk9lBaHR0cHM6Ly9vY2RuLmV1L3B1bHNjbXMvTURBXy8wNzJkMzEzYTc3ZmJlZDRlMWU0YzZiOGI3NTFmYzE4MS5qcGeRkwXNB.jpeg\" height=\"627\" width=\"940\" alt=\"Po\u017car lasu we wsi Mi\u0119dzyle\u015b w powiecie wo\u0142omi\u0144skim\" loading=\"lazy\" fetchpriority=\"auto\" decoding=\"auto\"\/>    <\/p>\n<p>Albert Zawada \/ PAP<\/p>\n","protected":false},"excerpt":{"rendered":"Burmistrz Stanis\u0142awowa Kinga Sosi\u0144ska przekaza\u0142a na antenie TVN24, \u017ce trwa ewakuacja mieszka\u0144c\u00f3w wsi O\u0142dakowizna w powiecie mi\u0144skim \u2014&hellip;\n","protected":false},"author":2,"featured_media":459385,"comment_status":"","ping_status":"","sticky":false,"template":"","format":"standard","meta":{"footnotes":"","_share_on_mastodon":"0"},"categories":[51605],"tags":[61195,49,48,46,42,38,414,40,39,41,2148,47,435,34906],"class_list":["post-459592","post","type-post","status-publish","format-standard","has-post-thumbnail","category-warszawa","tag-bottomfeed_styl","tag-kraj","tag-nat_styl","tag-omp","tag-pl","tag-poland","tag-policja","tag-polish","tag-polska","tag-polski","tag-pozar","tag-screening_general","tag-warszawa","tag-wolomin"],"share_on_mastodon":{"url":"https:\/\/pubeurope.com\/@pl\/116653752639279332","error":""},"_links":{"self":[{"href":"https:\/\/www.europesays.com\/pl\/wp-json\/wp\/v2\/posts\/459592","targetHints":{"allow":["GET"]}}],"collection":[{"href":"https:\/\/www.europesays.com\/pl\/wp-json\/wp\/v2\/posts"}],"about":[{"href":"https:\/\/www.europesays.com\/pl\/wp-json\/wp\/v2\/types\/post"}],"author":[{"embeddable":true,"href":"https:\/\/www.europesays.com\/pl\/wp-json\/wp\/v2\/users\/2"}],"replies":[{"embeddable":true,"href":"https:\/\/www.europesays.com\/pl\/wp-json\/wp\/v2\/comments?post=459592"}],"version-history":[{"count":0,"href":"https:\/\/www.europesays.com\/pl\/wp-json\/wp\/v2\/posts\/459592\/revisions"}],"wp:featuredmedia":[{"embeddable":true,"href":"https:\/\/www.europesays.com\/pl\/wp-json\/wp\/v2\/media\/459385"}],"wp:attachment":[{"href":"https:\/\/www.europesays.com\/pl\/wp-json\/wp\/v2\/media?parent=459592"}],"wp:term":[{"taxonomy":"category","embeddable":true,"href":"https:\/\/www.europesays.com\/pl\/wp-json\/wp\/v2\/categories?post=459592"},{"taxonomy":"post_tag","embeddable":true,"href":"https:\/\/www.europesays.com\/pl\/wp-json\/wp\/v2\/tags?post=459592"}],"curies":[{"name":"wp","href":"https:\/\/api.w.org\/{rel}","templated":true}]}}