{"id":459770,"date":"2026-05-28T21:02:13","date_gmt":"2026-05-28T21:02:13","guid":{"rendered":"https:\/\/www.europesays.com\/pl\/459770\/"},"modified":"2026-05-28T21:02:13","modified_gmt":"2026-05-28T21:02:13","slug":"izrael-zawiesza-relacje-z-sekretarzem-generalnym-onz-dodal-nas-do-czarnej-listy","status":"publish","type":"post","link":"https:\/\/www.europesays.com\/pl\/459770\/","title":{"rendered":"Izrael zawiesza relacje z sekretarzem generalnym ONZ. &#8222;Doda\u0142 nas do czarnej listy&#8221;"},"content":{"rendered":"<p>Jak podaje agencja AFP, informacja o umieszczeniu <a href=\"https:\/\/wiadomosci.onet.pl\/izrael-izraelczyk-izraelka-izraelczycy\" id=\"ec2721d3-ce2c-456f-95b9-37acd09e94fb\" rel=\"nofollow noopener\" target=\"_blank\">Izraela<\/a> na &#8222;czarnej li\u015bcie&#8221; na razie nie zosta\u0142a podana do wiadomo\u015bci publicznej. Wed\u0142ug portalu Times of Israel nast\u0105pi to jeszcze w czwartek lub w pi\u0105tek.<\/p>\n<p>Ambasador Danny Danon o\u015bwiadczy\u0142 ju\u017c jednak na nagraniu zamieszczonym na portalu X: sko\u0144czyli\u015bmy ju\u017c z tym sekretarzem generalnym.<\/p>\n<blockquote class=\"ods-o-quote\">\n<p class=\"ods-o-quote__paragraph\">ONZ doda\u0142 Izrael do czarnej listy sprawc\u00f3w przest\u0119pstw seksualnych podczas konflikt\u00f3w [&#8230;]. Zr\u00f3wnanie demokratycznego pa\u0144stwa izraelskiego z terrorystami z Hamasu to najnowszy akt pod\u0142o\u015bci. Izrael chroni swych obywateli, podczas gdy Hamas dopuszcza si\u0119 masakr, gwa\u0142t\u00f3w i porwa\u0144<\/p>\n<\/blockquote>\n<p>\u2014 powiedzia\u0142 na nagraniu ambasador Izraela przy ONZ Danny Danon.<\/p>\n<p> Ambasada Izraela przy ONZ zawiesza stosunki z sekretarzem generalnym ONZ<\/p>\n<p>Chwil\u0119 p\u00f3\u017aniej podczas telefonicznej rozmowy z Times of Israel ambasador wyja\u015bni\u0142, \u017ce rz\u0105d izraelski nie otrzyma\u0142 od ONZ &#8222;konkretnych skarg&#8221;, na kt\u00f3re m\u00f3g\u0142by udzieli\u0107 odpowiedzi.<\/p>\n<blockquote class=\"ods-o-quote\">\n<p class=\"ods-o-quote__paragraph\">To posuni\u0119cie ma charakter polityczny<\/p>\n<\/blockquote>\n<p>\u2014 podkre\u015bli\u0142.<\/p>\n<p>W ubieg\u0142ym roku sekretarz generalny ONZ Antonio Guterres ostrzeg\u0142 Izrael, \u017ce grozi mu umieszczenie na li\u015bcie pa\u0144stw odpowiedzialnych za przest\u0119pstwa seksualne podczas konflikt\u00f3w zbrojnych i poinformowa\u0142, jakie kroki musz\u0105 podj\u0105\u0107 w\u0142adze kraju, aby unikn\u0105\u0107 takiej sankcji. W\u015br\u00f3d nich znalaz\u0142y si\u0119 m.in. podejmowanie \u015bledztw po z\u0142o\u017ceniu &#8222;wiarygodnych skarg&#8221; na akty przemocy seksualnej, a tak\u017ce zagwarantowanie przedstawicielom ONZ pe\u0142nego dost\u0119pu w celu monitorowania sytuacji i udzielania pomocy humanitarnej.<\/p>\n<p>Times of Israel wyja\u015bnia te\u017c, \u017ce zarzuty ONZ dotycz\u0105 wielu przypadk\u00f3w stosowania przemocy seksualnej wobec uwi\u0119zionych w Izraelu bojownik\u00f3w Hamasu. Danny Danon twierdzi za\u015b, \u017ce Izrael zrobi\u0142 wszystko, co w jego mocy, by zastosowa\u0107 si\u0119 do \u017c\u0105da\u0144 organizacji, a on sam spotyka\u0142 si\u0119 z przedstawicielk\u0105 Guterresa ds. przemocy seksualnej w konfliktach \u2014 Pramil\u0105 Patten.<\/p>\n","protected":false},"excerpt":{"rendered":"Jak podaje agencja AFP, informacja o umieszczeniu Izraela na &#8222;czarnej li\u015bcie&#8221; na razie nie zosta\u0142a podana do wiadomo\u015bci&hellip;\n","protected":false},"author":2,"featured_media":459771,"comment_status":"","ping_status":"","sticky":false,"template":"","format":"standard","meta":{"footnotes":"","_share_on_mastodon":"0"},"categories":[14],"tags":[2017,9108,61195,32,33,27,91,34,35,28,31,48,25,46,1191,40,41,47,80,29,30,26,82,83,84],"class_list":["post-459770","post","type-post","status-publish","format-standard","has-post-thumbnail","category-swiat","tag-ambasada","tag-antonio_guterres","tag-bottomfeed_styl","tag-breaking-news","tag-breakingnews","tag-headlines","tag-izrael","tag-latest-news","tag-latestnews","tag-naglowki","tag-najwazniejsze-artykuly","tag-nat_styl","tag-news","tag-omp","tag-onz","tag-polish","tag-polski","tag-screening_general","tag-swiat","tag-top-stories","tag-topstories","tag-wiadomosci","tag-world","tag-world-news","tag-worldnews"],"share_on_mastodon":{"url":"https:\/\/pubeurope.com\/@pl\/116654227240458537","error":""},"_links":{"self":[{"href":"https:\/\/www.europesays.com\/pl\/wp-json\/wp\/v2\/posts\/459770","targetHints":{"allow":["GET"]}}],"collection":[{"href":"https:\/\/www.europesays.com\/pl\/wp-json\/wp\/v2\/posts"}],"about":[{"href":"https:\/\/www.europesays.com\/pl\/wp-json\/wp\/v2\/types\/post"}],"author":[{"embeddable":true,"href":"https:\/\/www.europesays.com\/pl\/wp-json\/wp\/v2\/users\/2"}],"replies":[{"embeddable":true,"href":"https:\/\/www.europesays.com\/pl\/wp-json\/wp\/v2\/comments?post=459770"}],"version-history":[{"count":0,"href":"https:\/\/www.europesays.com\/pl\/wp-json\/wp\/v2\/posts\/459770\/revisions"}],"wp:featuredmedia":[{"embeddable":true,"href":"https:\/\/www.europesays.com\/pl\/wp-json\/wp\/v2\/media\/459771"}],"wp:attachment":[{"href":"https:\/\/www.europesays.com\/pl\/wp-json\/wp\/v2\/media?parent=459770"}],"wp:term":[{"taxonomy":"category","embeddable":true,"href":"https:\/\/www.europesays.com\/pl\/wp-json\/wp\/v2\/categories?post=459770"},{"taxonomy":"post_tag","embeddable":true,"href":"https:\/\/www.europesays.com\/pl\/wp-json\/wp\/v2\/tags?post=459770"}],"curies":[{"name":"wp","href":"https:\/\/api.w.org\/{rel}","templated":true}]}}