{"id":459802,"date":"2026-05-28T21:26:23","date_gmt":"2026-05-28T21:26:23","guid":{"rendered":"https:\/\/www.europesays.com\/pl\/459802\/"},"modified":"2026-05-28T21:26:23","modified_gmt":"2026-05-28T21:26:23","slug":"nowe-informacje-o-pozarze-lasu-pod-warszawa-zamknieta-droga-i-ewakuacja-wsi-2","status":"publish","type":"post","link":"https:\/\/www.europesays.com\/pl\/459802\/","title":{"rendered":"Nowe informacje o po\u017carze lasu pod Warszaw\u0105. Zamkni\u0119ta droga i ewakuacja wsi"},"content":{"rendered":"<p>Ponad 100 os\u00f3b zosta\u0142o ewakuowanych z wsi O\u0142dakowizna i wsi Rz\u0105dza w powiecie mi\u0144skim \u2014 przekaza\u0142 korespondent TVN24. Prawdopodobnie ewakuowana zostanie r\u00f3wnie\u017c wie\u015b W\u00f3lka Piecz\u0105ca. Policja za pomoc\u0105 megafon\u00f3w informuje o zagro\u017ceniu.<\/p>\n<p>Lokalne w\u0142adze zapewniaj\u0105, \u017ce osoby ewakuowane mog\u0105 liczy\u0107 na nocleg i ekwipunek oraz posi\u0142ek. S\u0105 te\u017c rozdawane maski, kt\u00f3re maj\u0105 chroni\u0107 przed dymem.<\/p>\n<p> <img decoding=\"async\" src=\"https:\/\/www.europesays.com\/pl\/wp-content\/uploads\/2026\/05\/1780003570_57_lYik9lBaHR0cHM6Ly9vY2RuLmV1L3B1bHNjbXMvTURBXy82ZDQ0ZWNmMWYzM2Y4MmQzMjQ5YjdlYTkwNDkyMDliZS5wbmeRlQLNB.jpeg\" height=\"343\" width=\"640\" alt=\"Rejon Mazowsza, w kt\u00f3rym p\u0142on\u0105 lasy (Google Maps)\" loading=\"lazy\" class=\"ods-c-image__img ods-c-image__img--viewport-width\"\/> <\/p>\n<p>Rejon Mazowsza, w kt\u00f3rym p\u0142on\u0105 lasy (Google Maps)\u0179r\u00f3d\u0142o: Materia\u0142y prasowe<\/p>\n<p>W zwi\u0105zku z po\u017carem zablokowana jest droga krajowa nr 50 na odcinku Stanis\u0142aw\u00f3w \u2014 \u0141och\u00f3w. Ruch przekierowano na drog\u0119 wojew\u00f3dzk\u0105 nr 637 oraz drogi lokalne.<\/p>\n<p> <img decoding=\"async\" src=\"https:\/\/www.europesays.com\/pl\/wp-content\/uploads\/2026\/05\/1780003571_4_k5ek9lBaHR0cHM6Ly9vY2RuLmV1L3B1bHNjbXMvTURBXy82OWJlYTk5ZTQ2YTliYzRiNWMxMDgxNmJmZDFmNDIzMS5wbmeRlQLNB.jpeg\" height=\"337\" width=\"774\" alt=\"Ten fragment drogi krajowej numer 50 jest wy\u0142\u0105czony z ruchu\" loading=\"lazy\" class=\"ods-c-image__img ods-c-image__img--viewport-width\"\/> <\/p>\n<p>Ten fragment drogi krajowej numer 50 jest wy\u0142\u0105czony z ruchuMateria\u0142y prasowe<\/p>\n<p>\u2014 Ze wzgl\u0119du na bardzo silne zadymienie na tym odcinku oraz prowadzone dzia\u0142ania ga\u015bnicze, ten fragment drogi zosta\u0142 zamkni\u0119ty. Policja wyznaczy\u0142a objazdy, wi\u0119c przejazd w kierunku p\u00f3\u0142nocno-wschodnim jest mo\u017cliwy \u2014 m\u00f3wi Onetowi rzecznik prasowy komendanta wojew\u00f3dzkiego PSP w Warszawie bryg. \u0141ukasz Darmofalski. Jak dodaje, nie ma na razie informacji o osobach poszkodowanych.<\/p>\n<p>       Dalszy ci\u0105g artyku\u0142u pod materia\u0142em wideo Ogromny po\u017car lasu pod Warszaw\u0105. Silny wiatr utrudnia akcj\u0119 ga\u015bnicz\u0105<\/p>\n<p>Komendant g\u0142\u00f3wny Pa\u0144stwowej Stra\u017cy Po\u017carnej nadbryg. Wojciech Kruczek poinformowa\u0142, \u017ce dzi\u0119ki temu, i\u017c wiecz\u00f3r przyniesie zmniejszenie si\u0142y wiatru, a noc zwi\u0119kszenie wilgotno\u015bci, b\u0119dzie du\u017ca szansa, \u017ceby po\u017car ograniczy\u0107. Podkre\u015bli\u0142 jednak, \u017ce zmienno\u015b\u0107 sytuacji mo\u017ce by\u0107 ogromna i na pi\u0105tek przygotowywane s\u0105 kolejne \u015bmig\u0142owce z policji i Las\u00f3w Pa\u0144stwowych, gotowe do ewentualnego dogaszania.<\/p>\n<p>\u2014 Trzeba b\u0119dzie znowu metr po metrze ca\u0142y ten teren po\u017caru zweryfikowa\u0107 i dogasi\u0107 wszystkie zarzewia \u2014 wyja\u015bni\u0142.<\/p>\n<p>Wojciech Kruczek dodaje, \u017ce po\u017car las\u00f3w pr\u00f3buje opanowa\u0107 prawie 400 stra\u017cak\u00f3w z 75 pojazdami, a kolejne 20 pojazd\u00f3w i stra\u017cacy udaj\u0105 si\u0119 na miejsce akcji.<\/p>\n<p>Na miejscu w ci\u0105gu dnia dzia\u0142a\u0142y r\u00f3wnie\u017c cztery samoloty Dromader oraz policyjny \u015bmig\u0142owiec.<\/p>\n<p>Pa\u0144stwowa Stra\u017c Po\u017carna poinformowa\u0142a, \u017ce na miejsce dzia\u0142a\u0144 zadysponowano m.in. modu\u0142 GFFF z Ponznaia, Lublina, \u0141odzi i Olsztyna. Modu\u0142 GFFF (Ground Forest Fire Fighting) to wyspecjalizowana grupa stra\u017cak\u00f3w przeznaczona do gaszenia po\u017car\u00f3w las\u00f3w z ziemi, bez u\u017cycia pojazd\u00f3w, dzia\u0142aj\u0105ca w trudnym terenie i wymagaj\u0105cych warunkach. Pos\u0142uguj\u0105 si\u0119 g\u0142\u00f3wnie narz\u0119dziami r\u0119cznymi.<\/p>\n<p>K\u0142\u0119by dymu widoczne s\u0105 z kilkudziesi\u0119ciu kilometr\u00f3w, nawet z Warszawy.<\/p>\n<p>Ogie\u0144 przeszed\u0142 z las\u00f3w prywatnych na lasy pa\u0144stwowe Nadle\u015bnictw Mi\u0144sk i Nadle\u015bnictwa \u0141och\u00f3w \u2014 poinformowa\u0142y Lasy Pa\u0144stwowe.<\/p>\n<p>Na stronie urz\u0119du gminy Stanis\u0142aw\u00f3w zaapelowano o natychmiastowe i maksymalne ograniczenie zu\u017cycia wody z sieci wodoci\u0105gowej, w zwi\u0105zku z rozprzestrzeniaj\u0105cym si\u0119 po\u017carem lasu oraz konieczno\u015bci\u0105 zapewnienia odpowiedniego ci\u015bnienia wody dla jednostek Stra\u017cy Po\u017carnej prowadz\u0105cych akcj\u0119 ga\u015bnicz\u0105.<\/p>\n<p>&#8222;Ka\u017cda kropla ma teraz ogromne znaczenie dla bezpiecze\u0144stwa nas wszystkich oraz ratownik\u00f3w walcz\u0105cych z \u017cywio\u0142em&#8221; \u2014 podkre\u015bli\u0142a gmina.<\/p>\n<p>Czytaj te\u017c:<\/p>\n<p>     1  \/  11   Po\u017car lasu we wsi Mi\u0119dzyle\u015b w powiecie wo\u0142omi\u0144skim       <img class=\"ods-a-photo ods-a-photo--background\" src=\"https:\/\/www.europesays.com\/pl\/wp-content\/uploads\/2026\/05\/1780003572_261_b2dk9lBaHR0cHM6Ly9vY2RuLmV1L3B1bHNjbXMvTURBXy8yZjY0OThjZGQ5MDc4NTY1ZWRhZTQyYWM4YWUzZTU2NS5qcGeRkwXNB.jpeg\" height=\"627\" width=\"940\" alt=\"Po\u017car lasu we wsi Mi\u0119dzyle\u015b w powiecie wo\u0142omi\u0144skim\" loading=\"lazy\" fetchpriority=\"auto\" decoding=\"auto\"\/>    <\/p>\n<p>Albert Zawada \/ PAP<\/p>\n<p>           2  \/  11   Po\u017car lasu we wsi Mi\u0119dzyle\u015b w powiecie wo\u0142omi\u0144skim       <img class=\"ods-a-photo ods-a-photo--background\" src=\"https:\/\/www.europesays.com\/pl\/wp-content\/uploads\/2026\/05\/1780003573_363_atpk9lBaHR0cHM6Ly9vY2RuLmV1L3B1bHNjbXMvTURBXy9lOTczMTMzYWY3Y2E1MjYxM2FiNDVhNmY0ZGI2N2U2Yy5qcGeRkwXNB.jpeg\" height=\"627\" width=\"940\" alt=\"Po\u017car lasu we wsi Mi\u0119dzyle\u015b w powiecie wo\u0142omi\u0144skim\" loading=\"lazy\" fetchpriority=\"auto\" decoding=\"auto\"\/>    <\/p>\n<p>Albert Zawada \/ PAP<\/p>\n<p>                  3  \/  11   Po\u017car lasu pod Wo\u0142ominem       <img class=\"ods-a-photo ods-a-photo--background\" src=\"https:\/\/www.europesays.com\/pl\/wp-content\/uploads\/2026\/05\/1780003575_726_pOKk9lBaHR0cHM6Ly9vY2RuLmV1L3B1bHNjbXMvTURBXy85Y2M1NjAyY2Y2N2MzODM2ODhiZjc2NTdkNDY3OTMwZS5qcGeRkwXNB.jpeg\" height=\"598\" width=\"940\" alt=\"Po\u017car lasu pod Wo\u0142ominem\" loading=\"lazy\" fetchpriority=\"auto\" decoding=\"auto\"\/>    <\/p>\n<p>Anita Walczewska \/ East News<\/p>\n<p>           4  \/  11   Po\u017car lasu pod Wo\u0142ominem       <img class=\"ods-a-photo ods-a-photo--background\" src=\"https:\/\/www.europesays.com\/pl\/wp-content\/uploads\/2026\/05\/1780003576_337_lAmk9lBaHR0cHM6Ly9vY2RuLmV1L3B1bHNjbXMvTURBXy82MWUxMGNiYTliYWM1YTY0OTAxN2E0NmVkMDliOTNjNy5qcGeRkwXNB.jpeg\" height=\"682\" width=\"940\" alt=\"Po\u017car lasu pod Wo\u0142ominem\" loading=\"lazy\" fetchpriority=\"auto\" decoding=\"auto\"\/>    <\/p>\n<p>Anita Walczewska \/ East News<\/p>\n<p>                  5  \/  11   Po\u017car lasu we wsi Mi\u0119dzyle\u015b w powiecie wo\u0142omi\u0144skim       <img class=\"ods-a-photo ods-a-photo--background\" src=\"https:\/\/www.europesays.com\/pl\/wp-content\/uploads\/2026\/05\/1780003577_117_XhOk9lBaHR0cHM6Ly9vY2RuLmV1L3B1bHNjbXMvTURBXy8wZjU5ZmZiMTgzMWY5YWNiNWQ2OTIzMDJkNjlkODIxZi5qcGeRkwXNB.jpeg\" height=\"627\" width=\"940\" alt=\"Po\u017car lasu we wsi Mi\u0119dzyle\u015b w powiecie wo\u0142omi\u0144skim\" loading=\"lazy\" fetchpriority=\"auto\" decoding=\"auto\"\/>    <\/p>\n<p>Albert Zawada \/ PAP<\/p>\n<p>           6  \/  11   Po\u017car lasu we wsi Mi\u0119dzyle\u015b w powiecie wo\u0142omi\u0144skim       <img class=\"ods-a-photo ods-a-photo--background\" src=\"https:\/\/www.europesays.com\/pl\/wp-content\/uploads\/2026\/05\/1780003578_314_m_dk9lBaHR0cHM6Ly9vY2RuLmV1L3B1bHNjbXMvTURBXy8yMzY3YjhlZWNkNzA2MmFkN2Q2ZjcxYjE1YmI2MTY5MC5qcGeRkwXNB.jpeg\" height=\"627\" width=\"940\" alt=\"Po\u017car lasu we wsi Mi\u0119dzyle\u015b w powiecie wo\u0142omi\u0144skim\" loading=\"lazy\" fetchpriority=\"auto\" decoding=\"auto\"\/>    <\/p>\n<p>Albert Zawada \/ PAP<\/p>\n<p>                  7  \/  11   Po\u017car lasu we wsi Mi\u0119dzyle\u015b w powiecie wo\u0142omi\u0144skim       <img class=\"ods-a-photo ods-a-photo--background\" src=\"https:\/\/www.europesays.com\/pl\/wp-content\/uploads\/2026\/05\/1780003579_734_cq0k9lBaHR0cHM6Ly9vY2RuLmV1L3B1bHNjbXMvTURBXy8xMTNlOTEyM2IxNGUwNjdjZTY2NDEyNzQ3YzFiOTZmMS5qcGeRkwXNB.jpeg\" height=\"627\" width=\"940\" alt=\"Po\u017car lasu we wsi Mi\u0119dzyle\u015b w powiecie wo\u0142omi\u0144skim\" loading=\"lazy\" fetchpriority=\"auto\" decoding=\"auto\"\/>    <\/p>\n<p>Albert Zawada \/ PAP<\/p>\n<p>           8  \/  11   Po\u017car lasu we wsi Mi\u0119dzyle\u015b w powiecie wo\u0142omi\u0144skim       <img class=\"ods-a-photo ods-a-photo--background\" src=\"https:\/\/www.europesays.com\/pl\/wp-content\/uploads\/2026\/05\/1780003580_391_BKEk9lBaHR0cHM6Ly9vY2RuLmV1L3B1bHNjbXMvTURBXy84ZDU5NDFiZjMwYjZiY2MzYzQ5MzU1M2UyYWY5YWVhZS5qcGeRkwXNB.jpeg\" height=\"627\" width=\"940\" alt=\"Po\u017car lasu we wsi Mi\u0119dzyle\u015b w powiecie wo\u0142omi\u0144skim\" loading=\"lazy\" fetchpriority=\"auto\" decoding=\"auto\"\/>    <\/p>\n<p>Albert Zawada \/ PAP<\/p>\n<p>                  9  \/  11   Po\u017car lasu we wsi Mi\u0119dzyle\u015b w powiecie wo\u0142omi\u0144skim       <img class=\"ods-a-photo ods-a-photo--background\" src=\"https:\/\/www.europesays.com\/pl\/wp-content\/uploads\/2026\/05\/1780003581_950_ggck9lBaHR0cHM6Ly9vY2RuLmV1L3B1bHNjbXMvTURBXy8wODRjYTUxMWYyNDVlODFmODcxYmFkZDJjNjc2MjQ0Mi5qcGeRkwXNB.jpeg\" height=\"627\" width=\"940\" alt=\"Po\u017car lasu we wsi Mi\u0119dzyle\u015b w powiecie wo\u0142omi\u0144skim\" loading=\"lazy\" fetchpriority=\"auto\" decoding=\"auto\"\/>    <\/p>\n<p>Albert Zawada \/ PAP<\/p>\n<p>           10  \/  11   Po\u017car lasu we wsi Mi\u0119dzyle\u015b w powiecie wo\u0142omi\u0144skim       <img class=\"ods-a-photo ods-a-photo--background\" src=\"https:\/\/www.europesays.com\/pl\/wp-content\/uploads\/2026\/05\/1780003582_174_Sqyk9lBaHR0cHM6Ly9vY2RuLmV1L3B1bHNjbXMvTURBXy81Yzg1MzU4ZDRjNThhM2FiYjg4MTg5MTI0ODljZjE0YS5qcGeRkwXNB.jpeg\" height=\"627\" width=\"940\" alt=\"Po\u017car lasu we wsi Mi\u0119dzyle\u015b w powiecie wo\u0142omi\u0144skim\" loading=\"lazy\" fetchpriority=\"auto\" decoding=\"auto\"\/>    <\/p>\n<p>Albert Zawada \/ PAP<\/p>\n<p>                  11  \/  11   Po\u017car lasu we wsi Mi\u0119dzyle\u015b w powiecie wo\u0142omi\u0144skim       <img class=\"ods-a-photo ods-a-photo--background\" src=\"https:\/\/www.europesays.com\/pl\/wp-content\/uploads\/2026\/05\/1780003583_715_DMwk9lBaHR0cHM6Ly9vY2RuLmV1L3B1bHNjbXMvTURBXy8wNzJkMzEzYTc3ZmJlZDRlMWU0YzZiOGI3NTFmYzE4MS5qcGeRkwXNB.jpeg\" height=\"627\" width=\"940\" alt=\"Po\u017car lasu we wsi Mi\u0119dzyle\u015b w powiecie wo\u0142omi\u0144skim\" loading=\"lazy\" fetchpriority=\"auto\" decoding=\"auto\"\/>    <\/p>\n<p>Albert Zawada \/ PAP<\/p>\n","protected":false},"excerpt":{"rendered":"Ponad 100 os\u00f3b zosta\u0142o ewakuowanych z wsi O\u0142dakowizna i wsi Rz\u0105dza w powiecie mi\u0144skim \u2014 przekaza\u0142 korespondent TVN24.&hellip;\n","protected":false},"author":2,"featured_media":459803,"comment_status":"","ping_status":"","sticky":false,"template":"","format":"standard","meta":{"footnotes":"","_share_on_mastodon":"0"},"categories":[51605],"tags":[61195,49,48,46,42,38,414,40,39,41,2148,47,435,34906],"class_list":["post-459802","post","type-post","status-publish","format-standard","has-post-thumbnail","category-warszawa","tag-bottomfeed_styl","tag-kraj","tag-nat_styl","tag-omp","tag-pl","tag-poland","tag-policja","tag-polish","tag-polska","tag-polski","tag-pozar","tag-screening_general","tag-warszawa","tag-wolomin"],"share_on_mastodon":{"url":"https:\/\/pubeurope.com\/@pl\/116654322134832794","error":""},"_links":{"self":[{"href":"https:\/\/www.europesays.com\/pl\/wp-json\/wp\/v2\/posts\/459802","targetHints":{"allow":["GET"]}}],"collection":[{"href":"https:\/\/www.europesays.com\/pl\/wp-json\/wp\/v2\/posts"}],"about":[{"href":"https:\/\/www.europesays.com\/pl\/wp-json\/wp\/v2\/types\/post"}],"author":[{"embeddable":true,"href":"https:\/\/www.europesays.com\/pl\/wp-json\/wp\/v2\/users\/2"}],"replies":[{"embeddable":true,"href":"https:\/\/www.europesays.com\/pl\/wp-json\/wp\/v2\/comments?post=459802"}],"version-history":[{"count":0,"href":"https:\/\/www.europesays.com\/pl\/wp-json\/wp\/v2\/posts\/459802\/revisions"}],"wp:featuredmedia":[{"embeddable":true,"href":"https:\/\/www.europesays.com\/pl\/wp-json\/wp\/v2\/media\/459803"}],"wp:attachment":[{"href":"https:\/\/www.europesays.com\/pl\/wp-json\/wp\/v2\/media?parent=459802"}],"wp:term":[{"taxonomy":"category","embeddable":true,"href":"https:\/\/www.europesays.com\/pl\/wp-json\/wp\/v2\/categories?post=459802"},{"taxonomy":"post_tag","embeddable":true,"href":"https:\/\/www.europesays.com\/pl\/wp-json\/wp\/v2\/tags?post=459802"}],"curies":[{"name":"wp","href":"https:\/\/api.w.org\/{rel}","templated":true}]}}