{"id":460413,"date":"2026-05-29T04:13:10","date_gmt":"2026-05-29T04:13:10","guid":{"rendered":"https:\/\/www.europesays.com\/pl\/460413\/"},"modified":"2026-05-29T04:13:10","modified_gmt":"2026-05-29T04:13:10","slug":"ukrainskie-drony-atakuja-w-obwodzie-wolgogradzkim-w-rosji","status":"publish","type":"post","link":"https:\/\/www.europesays.com\/pl\/460413\/","title":{"rendered":"Ukrai\u0144skie drony atakuj\u0105 w obwodzie wo\u0142gogradzkim w Rosji"},"content":{"rendered":"<p>Rosyjskie systemy obronne zestrzeliwa\u0142y ukrai\u0144skie drony atakuj\u0105ce infrastruktur\u0119 energetyczn\u0105 i cywiln\u0105 w obwodzie wo\u0142gogradzkim w Rosji, poinformowa\u0142a agencja Interfax, cytuj\u0105c gubernatora obwodu Andrieja Boczarowa.<\/p>\n<p>Gubernator poinformowa\u0142 w mediach spo\u0142eczno\u015bciowych, jak podkre\u015bli\u0142, na podstawie wst\u0119pnych danych, \u017ce trafiony zosta\u0142 budynek mieszkalny, ale nie by\u0142o ofiar.<\/p>\n<p>W obwodzie wo\u0142gogradzkim znajduje si\u0119 du\u017ca rafineria zarz\u0105dzana przez rosyjski koncern energetyczny \u0141ukoil.<\/p>\n","protected":false},"excerpt":{"rendered":"Rosyjskie systemy obronne zestrzeliwa\u0142y ukrai\u0144skie drony atakuj\u0105ce infrastruktur\u0119 energetyczn\u0105 i cywiln\u0105 w obwodzie wo\u0142gogradzkim w Rosji, poinformowa\u0142a agencja&hellip;\n","protected":false},"author":2,"featured_media":460414,"comment_status":"","ping_status":"","sticky":false,"template":"","format":"standard","meta":{"footnotes":"","_share_on_mastodon":"0"},"categories":[14],"tags":[61195,32,33,27,76,34,35,2217,28,31,48,25,46,40,41,87,47,80,29,30,415,26,82,83,84],"class_list":["post-460413","post","type-post","status-publish","format-standard","has-post-thumbnail","category-swiat","tag-bottomfeed_styl","tag-breaking-news","tag-breakingnews","tag-headlines","tag-inwazja_rosji_na_ukraine","tag-latest-news","tag-latestnews","tag-lukoil","tag-naglowki","tag-najwazniejsze-artykuly","tag-nat_styl","tag-news","tag-omp","tag-polish","tag-polski","tag-rosja","tag-screening_general","tag-swiat","tag-top-stories","tag-topstories","tag-ukraina","tag-wiadomosci","tag-world","tag-world-news","tag-worldnews"],"share_on_mastodon":{"url":"https:\/\/pubeurope.com\/@pl\/116655922071242887","error":""},"_links":{"self":[{"href":"https:\/\/www.europesays.com\/pl\/wp-json\/wp\/v2\/posts\/460413","targetHints":{"allow":["GET"]}}],"collection":[{"href":"https:\/\/www.europesays.com\/pl\/wp-json\/wp\/v2\/posts"}],"about":[{"href":"https:\/\/www.europesays.com\/pl\/wp-json\/wp\/v2\/types\/post"}],"author":[{"embeddable":true,"href":"https:\/\/www.europesays.com\/pl\/wp-json\/wp\/v2\/users\/2"}],"replies":[{"embeddable":true,"href":"https:\/\/www.europesays.com\/pl\/wp-json\/wp\/v2\/comments?post=460413"}],"version-history":[{"count":0,"href":"https:\/\/www.europesays.com\/pl\/wp-json\/wp\/v2\/posts\/460413\/revisions"}],"wp:featuredmedia":[{"embeddable":true,"href":"https:\/\/www.europesays.com\/pl\/wp-json\/wp\/v2\/media\/460414"}],"wp:attachment":[{"href":"https:\/\/www.europesays.com\/pl\/wp-json\/wp\/v2\/media?parent=460413"}],"wp:term":[{"taxonomy":"category","embeddable":true,"href":"https:\/\/www.europesays.com\/pl\/wp-json\/wp\/v2\/categories?post=460413"},{"taxonomy":"post_tag","embeddable":true,"href":"https:\/\/www.europesays.com\/pl\/wp-json\/wp\/v2\/tags?post=460413"}],"curies":[{"name":"wp","href":"https:\/\/api.w.org\/{rel}","templated":true}]}}