{"id":460817,"date":"2026-05-29T08:34:13","date_gmt":"2026-05-29T08:34:13","guid":{"rendered":"https:\/\/www.europesays.com\/pl\/460817\/"},"modified":"2026-05-29T08:34:13","modified_gmt":"2026-05-29T08:34:13","slug":"donald-tusk-i-keir-starmer-podpisali-porozumienie-karol-nawrocki-grzmi-rzecznik-msz-zabral-glos-wprost","status":"publish","type":"post","link":"https:\/\/www.europesays.com\/pl\/460817\/","title":{"rendered":"Donald Tusk i Keir Starmer podpisali porozumienie, Karol Nawrocki grzmi. Rzecznik MSZ zabra\u0142 g\u0142os \u2013 Wprost"},"content":{"rendered":"\n<p>&#13;<br \/>\nDonald Tusk i\u00a0Keir Starmer podpisali w\u00a0\u015brod\u0119 27 maja traktat z\u00a0Northolt o\u00a0wsp\u00f3\u0142pracy w\u00a0zakresie bezpiecze\u0144stwa. Tego dnia <a href=\"https:\/\/www.wprost.pl\/kraj\/12342102\/tusk-i-starmer-podpisali-porozumienie-nawrocki-nie-kryl-niezadowolenia.html\" rel=\"nofollow noopener\" target=\"_blank\">Karol Nawrocki<\/a> sk\u0142ada\u0142 wizyt\u0119 w\u00a0Szwajcarii. Zapytany o\u00a0spraw\u0119 stwierdzi\u0142, \u017ce\u00a0do\u00a0dnia poprzedniego \u201epozyskiwa\u0142 informacje wy\u0142\u0105cznie z\u00a0opinii publicznej\u201d. Inne zdanie ma\u00a0w\u00a0tej kwestii rzecznik polskiej dyplomacji. Maciej Wewi\u00f3r w\u00a0mediach spo\u0142eczno\u015bciowych \u201eprzedstawi\u0142 kilka fakt\u00f3w\u201d. &#13;\n<\/p>\n<p>&#13;<br \/>\nRzecznik MSZ zapewni\u0142, \u017ce\u00a0resort \u201eod pocz\u0105tku procesu regularnie informowa\u0142 Nawrockiego o\u00a0stanie negocjacji i\u00a0planowanej tre\u015bci Traktatu\u201d. \u201eOdpowiadali\u015bmy r\u00f3wnie\u017c na\u00a0wszystkie pro\u015bby KPRP o\u00a0informacje dotycz\u0105ce tego dokumentu. Przyk\u0142ady? Przed wizyt\u0105 Prezydenta w\u00a0Londynie w\u00a0styczniu przygotowali\u015bmy i\u00a0przekazali\u015bmy do\u00a0KPRP specjaln\u0105, pog\u0142\u0119bion\u0105 informacj\u0119 na\u00a0temat Traktatu oraz\u00a0przebiegu negocjacji\u201d \u2013\u00a0napisa\u0142 Wewi\u00f3r. &#13;\n<\/p>\n<p>Donald Tusk i\u00a0Keir Starmer podpisali porozumienie, Karol Nawrocki grzmi. Rzecznik MSZ zabra\u0142 g\u0142os<\/p>\n<p>&#13;<br \/>\n\u201eW\u00a0marcu, na\u00a0pro\u015bb\u0119 KPRP, odby\u0142o si\u0119 spotkanie robocze na\u00a0poziomie ekspert\u00f3w, podczas kt\u00f3rego przedstawiciele KPRP zostali szczeg\u00f3\u0142owo poinformowani o\u00a0przebiegu negocjacji, tre\u015bci oraz\u00a0celach Traktatu. We\u00a0wtorek, gdy Rada Ministr\u00f3w podejmowa\u0142a decyzj\u0119 w\u00a0tej sprawie, tekst Traktatu zosta\u0142 przekazany do\u00a0KPRP niemal r\u00f3wnocze\u015bnie. Bior\u0105c pod\u00a0uwag\u0119 wcze\u015bniejsze spotkania i\u00a0przekazywane wyja\u015bnienia, jego tre\u015b\u0107 nie\u00a0powinna by\u0107 zaskoczeniem\u201d \u2013\u00a0doda\u0142. &#13;\n<\/p>\n<p>&#13;<br \/>\n\u2013 Nawrocki ma\u00a0ba\u0142agan w\u00a0swojej kancelarii. Inaczej nie\u00a0potrafi\u0119 tego wyt\u0142umaczy\u0107 \u2013\u00a0skomentowa\u0142 w\u00a0rozmowie z\u00a0Onetem pose\u0142 KO zajmuj\u0105cy si\u0119 sprawami zagranicznymi. Europos\u0142anka Koalicji Obywatelskiej Kamila Gasiuk-Pihowicz na\u00a0platformie X (dawny Twitter) zarzuci\u0142a g\u0142owie pa\u0144stwa, \u017ce\u00a0\u201eci\u0105gle jest jaka\u015b niedoinformowana\u201d. Zwr\u00f3ci\u0142a si\u0119 r\u00f3wnie\u017c do\u00a0szefa Kancelarii Prezydenta Zbigniewa Boguckiego, aby\u00a0\u201ewzi\u0119li si\u0119 tam w\u00a0ko\u0144cu do\u00a0roboty, zamiast robi\u0107 kolejne filmiki o\u00a0wetach\u201d. &#13;\n<\/p>\n<p>&#13;<br \/>\nCzytaj te\u017c:<br \/><a href=\"https:\/\/www.wprost.pl\/kraj\/12342765\/nawrocki-nie-podpisze-traktatu-tusk-to-byloby-niebezpieczne-i-niemadre.html\" rel=\"follow nofollow noopener\" data-schema=\"WPROST\" data-image=\"https:\/\/img.wprost.pl\/_thumb\/55\/c0\/407ec253ce4a0c82aa58864b974b.jpeg\" target=\"_blank\">Nawrocki zrobi na\u00a0przek\u00f3r Tuskowi? \u201eTo\u00a0by\u0142by serial, kt\u00f3rego by\u00a0\u017ca\u0142owa\u0142\u201d<\/a>Czytaj te\u017c:<br \/><a href=\"https:\/\/www.wprost.pl\/kraj\/12342675\/polska-rusza-z-gigantycznym-programem-zbrojeniowym-pierwsze-umowy-safe-juz-podpisane.html\" rel=\"follow nofollow noopener\" data-schema=\"WPROST\" data-image=\"https:\/\/img.wprost.pl\/_thumb\/77\/61\/dddbda790d40eec14a8eecba4501.jpeg\" target=\"_blank\">Pierwsze umowy SAFE podpisane. Tusk m\u00f3wi o\u00a0\u201edziejowej chwili\u201d<\/a>&#13;<\/p>\n","protected":false},"excerpt":{"rendered":"&#13; Donald Tusk i\u00a0Keir Starmer podpisali w\u00a0\u015brod\u0119 27 maja traktat z\u00a0Northolt o\u00a0wsp\u00f3\u0142pracy w\u00a0zakresie bezpiecze\u0144stwa. Tego dnia Karol Nawrocki&hellip;\n","protected":false},"author":2,"featured_media":460818,"comment_status":"","ping_status":"","sticky":false,"template":"","format":"standard","meta":{"footnotes":"","_share_on_mastodon":"0"},"categories":[62713],"tags":[1345,690,16989,49,52592,3801,907,17101,87853,43315],"class_list":["post-460817","post","type-post","status-publish","format-standard","has-post-thumbnail","category-donald-tusk","tag-donald-tusk","tag-karol-nawrocki","tag-keir-starmer","tag-kraj","tag-krystian-winogrodzki","tag-podpis","tag-polityka","tag-porozumienie","tag-rzecznik-msz","tag-wprost"],"share_on_mastodon":{"url":"https:\/\/pubeurope.com\/@pl\/116656948382595573","error":""},"_links":{"self":[{"href":"https:\/\/www.europesays.com\/pl\/wp-json\/wp\/v2\/posts\/460817","targetHints":{"allow":["GET"]}}],"collection":[{"href":"https:\/\/www.europesays.com\/pl\/wp-json\/wp\/v2\/posts"}],"about":[{"href":"https:\/\/www.europesays.com\/pl\/wp-json\/wp\/v2\/types\/post"}],"author":[{"embeddable":true,"href":"https:\/\/www.europesays.com\/pl\/wp-json\/wp\/v2\/users\/2"}],"replies":[{"embeddable":true,"href":"https:\/\/www.europesays.com\/pl\/wp-json\/wp\/v2\/comments?post=460817"}],"version-history":[{"count":0,"href":"https:\/\/www.europesays.com\/pl\/wp-json\/wp\/v2\/posts\/460817\/revisions"}],"wp:featuredmedia":[{"embeddable":true,"href":"https:\/\/www.europesays.com\/pl\/wp-json\/wp\/v2\/media\/460818"}],"wp:attachment":[{"href":"https:\/\/www.europesays.com\/pl\/wp-json\/wp\/v2\/media?parent=460817"}],"wp:term":[{"taxonomy":"category","embeddable":true,"href":"https:\/\/www.europesays.com\/pl\/wp-json\/wp\/v2\/categories?post=460817"},{"taxonomy":"post_tag","embeddable":true,"href":"https:\/\/www.europesays.com\/pl\/wp-json\/wp\/v2\/tags?post=460817"}],"curies":[{"name":"wp","href":"https:\/\/api.w.org\/{rel}","templated":true}]}}