{"id":460876,"date":"2026-05-29T09:10:16","date_gmt":"2026-05-29T09:10:16","guid":{"rendered":"https:\/\/www.europesays.com\/pl\/460876\/"},"modified":"2026-05-29T09:10:16","modified_gmt":"2026-05-29T09:10:16","slug":"michelin-guide-polska-2026-cztery-restauracje-w-lublinie-wyroznione","status":"publish","type":"post","link":"https:\/\/www.europesays.com\/pl\/460876\/","title":{"rendered":"Michelin Guide Polska 2026. Cztery restauracje w Lublinie wyr\u00f3\u017cnione!"},"content":{"rendered":"<p><a class=\"atomsListingArticleTileWithSeparatedLink__img atomsListingArticleTileWithSeparatedLink__img--withVideo\" href=\"https:\/\/kurierlubelski.pl\/perlowa-pijalnia-piwa-z-rekomendacja-michelin-to-ogromna-nobilitacja-zdjecia-i-wideo\/ar\/c1p2-29041933\" title=\"Per&#x142;owa Pijalnia Piwa z rekomendacj&#x105; Michelin. &quot;To ogromna nobilitacja&quot;. Zdj&#x119;cia i wideo \" data-icon-variant=\"withVideo\" data-ec=\"atomsListingArticleTileWithSeparatedLink\" data-event-position-el=\"link\" aria-hidden=\"true\" focusable=\"false\" tabindex=\"-1\" rel=\"nofollow noopener\" target=\"_blank\"><img decoding=\"async\" class=\"atomsListingArticleTileWithSeparatedLink__tileImg\" loading=\"lazy\" src=\"https:\/\/www.europesays.com\/pl\/wp-content\/uploads\/2026\/05\/il20260528_967177337_medium.jpg\" data-image-type=\"articles\" alt=\"Per&#x142;owa Pijalnia Piwa z rekomendacj&#x105; Michelin. &quot;To ogromna nobilitacja&quot;. Zdj&#x119;cia i wideo \"\/><\/a><a class=\"atomsListingArticleTileWithSeparatedLink__titleLink\" href=\"https:\/\/kurierlubelski.pl\/perlowa-pijalnia-piwa-z-rekomendacja-michelin-to-ogromna-nobilitacja-zdjecia-i-wideo\/ar\/c1p2-29041933\" title=\"Per&#x142;owa Pijalnia Piwa z rekomendacj&#x105; Michelin. &quot;To ogromna nobilitacja&quot;. Zdj&#x119;cia i wideo \" data-ec=\"atomsListingArticleTileWithSeparatedLink\" data-event-position-el=\"link\" rel=\"nofollow noopener\" target=\"_blank\">Per\u0142owa Pijalnia Piwa z rekomendacj\u0105 Michelin. &#8222;To ogromna nobilitacja&#8221;. Zdj\u0119cia i wideo <\/a><\/p>\n<p class=\"atomsListingArticleTileWithSeparatedLink__lead\">Michelin coraz \u015bmielej zagl\u0105da do wschodniej Polski. Podczas gali MICHELIN Guide Polska 2026 wyr\u00f3\u017cniono cztery restauracje z Lublina. W\u015br\u00f3d nich znalaz\u0142a si\u0119&#8230;<\/p>\n<p>\n            29 maja 2026, 8:44\n          <\/p>\n<p><a class=\"atomsListingArticleTileWithSeparatedLink__img atomsListingArticleTileWithSeparatedLink__img--withVideo\" href=\"https:\/\/kurierlubelski.pl\/michelin-docenil-raj-utracony-to-sygnal-ze-ambitna-gastronomia-moze-rozwijac-sie-poza-najwiekszymi-miastami-zdjecia\/ar\/c1p2-29041855\" title=\"Michelin doceni&#x142; RAJ UTRACONY. &#x201E;To sygna&#x142;, &#x17C;e ambitna gastronomia mo&#x17C;e rozwija&#x107; si&#x119; poza najwi&#x119;kszymi miastami&#x201D;. Zdj&#x119;cia \" data-icon-variant=\"withVideo\" data-ec=\"atomsListingArticleTileWithSeparatedLink\" data-event-position-el=\"link\" aria-hidden=\"true\" focusable=\"false\" tabindex=\"-1\" rel=\"nofollow noopener\" target=\"_blank\"><img decoding=\"async\" class=\"atomsListingArticleTileWithSeparatedLink__tileImg\" loading=\"lazy\" src=\"https:\/\/www.europesays.com\/pl\/wp-content\/uploads\/2026\/05\/il20260528_967179419_medium.jpg\" data-image-type=\"articles\" alt=\"Michelin doceni&#x142; RAJ UTRACONY. &#x201E;To sygna&#x142;, &#x17C;e ambitna gastronomia mo&#x17C;e rozwija&#x107; si&#x119; poza najwi&#x119;kszymi miastami&#x201D;. Zdj&#x119;cia \"\/><\/a><a class=\"atomsListingArticleTileWithSeparatedLink__titleLink\" href=\"https:\/\/kurierlubelski.pl\/michelin-docenil-raj-utracony-to-sygnal-ze-ambitna-gastronomia-moze-rozwijac-sie-poza-najwiekszymi-miastami-zdjecia\/ar\/c1p2-29041855\" title=\"Michelin doceni&#x142; RAJ UTRACONY. &#x201E;To sygna&#x142;, &#x17C;e ambitna gastronomia mo&#x17C;e rozwija&#x107; si&#x119; poza najwi&#x119;kszymi miastami&#x201D;. Zdj&#x119;cia \" data-ec=\"atomsListingArticleTileWithSeparatedLink\" data-event-position-el=\"link\" rel=\"nofollow noopener\" target=\"_blank\">Michelin doceni\u0142 RAJ UTRACONY. \u201eTo sygna\u0142, \u017ce ambitna gastronomia mo\u017ce rozwija\u0107 si\u0119 poza najwi\u0119kszymi miastami\u201d. Zdj\u0119cia <\/a><\/p>\n<p class=\"atomsListingArticleTileWithSeparatedLink__lead\">W RAJU UTRACONYM kuchnia spotyka si\u0119 z muzyk\u0105, designem i podr\u00f3\u017cniczymi inspiracjami. Teraz to autorskie podej\u015bcie zosta\u0142o dostrze\u017cone przez Michelin, kt\u00f3ry&#8230;<\/p>\n<p>\n            29 maja 2026, 8:43\n          <\/p>\n<p><a class=\"atomsListingArticleTileWithSeparatedLink__img\" href=\"https:\/\/kurierlubelski.pl\/przeglad-prasy-29-05-2026-zobacz-prasowke-z-najwazniejszymi-wydarzeniami-z-wczoraj-badz-na-biezaco\/ar\/c1p1-19960905\" title=\"Przegl&#x105;d prasy (29.05.2026). Zobacz pras&#xF3;wk&#x119; z najwa&#x17C;niejszymi wydarzeniami z wczoraj. B&#x105;d&#x17A; na bie&#x17C;&#x105;co\" data-ec=\"atomsListingArticleTileWithSeparatedLink\" data-event-position-el=\"link\" aria-hidden=\"true\" focusable=\"false\" tabindex=\"-1\" rel=\"nofollow noopener\" target=\"_blank\"><img decoding=\"async\" class=\"atomsListingArticleTileWithSeparatedLink__tileImg\" loading=\"lazy\" src=\"https:\/\/www.europesays.com\/pl\/wp-content\/uploads\/2026\/05\/1780045815_785_il20251120_950255471_medium.jpg\" data-image-type=\"articles\" alt=\"Przegl&#x105;d prasy (29.05.2026). Zobacz pras&#xF3;wk&#x119; z najwa&#x17C;niejszymi wydarzeniami z wczoraj. B&#x105;d&#x17A; na bie&#x17C;&#x105;co\"\/><\/a><a class=\"atomsListingArticleTileWithSeparatedLink__titleLink\" href=\"https:\/\/kurierlubelski.pl\/przeglad-prasy-29-05-2026-zobacz-prasowke-z-najwazniejszymi-wydarzeniami-z-wczoraj-badz-na-biezaco\/ar\/c1p1-19960905\" title=\"Przegl&#x105;d prasy (29.05.2026). Zobacz pras&#xF3;wk&#x119; z najwa&#x17C;niejszymi wydarzeniami z wczoraj. B&#x105;d&#x17A; na bie&#x17C;&#x105;co\" data-ec=\"atomsListingArticleTileWithSeparatedLink\" data-event-position-el=\"link\" rel=\"nofollow noopener\" target=\"_blank\">Przegl\u0105d prasy (29.05.2026). Zobacz pras\u00f3wk\u0119 z najwa\u017cniejszymi wydarzeniami z wczoraj. B\u0105d\u017a na bie\u017c\u0105co<\/a><\/p>\n<p class=\"atomsListingArticleTileWithSeparatedLink__lead\">Przygotowali\u015bmy dla Ciebie porann\u0105 pras\u00f3wk\u0119. Zobacz artyku\u0142y, kt\u00f3re nasi czytelnicy czytali najch\u0119tniej wczoraj, 28.05. Sprawd\u017a, czy nie min\u0119\u0142o Ci\u0119 nic wa\u017cnego&#8230;.<\/p>\n<p>\n            29 maja 2026, 5:46\n          <\/p>\n<p><a class=\"atomsListingArticleTileWithSeparatedLink__img\" href=\"https:\/\/gazetakrakowska.pl\/bottiglieria-1881-przemyslawa-klimy-z-dwiema-gwiazdkami-michelin-gwiazdy-kuchni-przyjechaly-pod-wawel-wiadomo-juz-gdzie-warto-zjesc\/ar\/c1p2-29037667\" title=\"Restauracje z Lublina wyr&#xF3;&#x17C;nione przez Michelin! Zobacz kt&#xF3;re\" data-ec=\"atomsListingArticleTileWithSeparatedLink\" data-event-position-el=\"link\" aria-hidden=\"true\" focusable=\"false\" tabindex=\"-1\" rel=\"nofollow noopener\" target=\"_blank\"><img decoding=\"async\" class=\"atomsListingArticleTileWithSeparatedLink__tileImg\" loading=\"lazy\" src=\"https:\/\/www.europesays.com\/pl\/wp-content\/uploads\/2026\/05\/il20260528_967127613_medium.jpg\" data-image-type=\"articles\" alt=\"Restauracje z Lublina wyr&#xF3;&#x17C;nione przez Michelin! Zobacz kt&#xF3;re\"\/><\/a><a class=\"atomsListingArticleTileWithSeparatedLink__titleLink\" href=\"https:\/\/gazetakrakowska.pl\/bottiglieria-1881-przemyslawa-klimy-z-dwiema-gwiazdkami-michelin-gwiazdy-kuchni-przyjechaly-pod-wawel-wiadomo-juz-gdzie-warto-zjesc\/ar\/c1p2-29037667\" title=\"Restauracje z Lublina wyr&#xF3;&#x17C;nione przez Michelin! Zobacz kt&#xF3;re\" data-ec=\"atomsListingArticleTileWithSeparatedLink\" data-event-position-el=\"link\" rel=\"nofollow noopener\" target=\"_blank\">Restauracje z Lublina wyr\u00f3\u017cnione przez Michelin! Zobacz kt\u00f3re<\/a><\/p>\n<p class=\"atomsListingArticleTileWithSeparatedLink__lead\">W \u015brod\u0119 (27 maja) w Krakowie odbywa si\u0119 gala Michelin Guide Polska. Poznali\u015bmy restauracje wyr\u00f3\u017cnione w przewodniku Michelin. To historyczna gala, poniewa\u017c do&#8230;<\/p>\n<p>\n            28 maja 2026, 8:37\n          <\/p>\n<p><a class=\"atomsListingArticleTileWithSeparatedLink__img atomsListingArticleTileWithSeparatedLink__img--withGallery\" href=\"https:\/\/kurierlubelski.pl\/wiosna-na-talerzu-w-lublinie-startuje-kolejna-edycja-restaurantweek\/ar\/c17p2-28732191\" title=\"Wiosna na talerzu. W Lublinie startuje kolejna edycja RestaurantWeek\" data-icon-variant=\"withGallery\" data-ec=\"atomsListingArticleTileWithSeparatedLink\" data-event-position-el=\"link\" aria-hidden=\"true\" focusable=\"false\" tabindex=\"-1\" rel=\"nofollow noopener\" target=\"_blank\"><img decoding=\"async\" class=\"atomsListingArticleTileWithSeparatedLink__tileImg\" loading=\"lazy\" src=\"https:\/\/www.europesays.com\/pl\/wp-content\/uploads\/2026\/05\/il20260216_957060071,size,640x404,crop,0.0000x155.0000x1900.0000x995.0000,h,39ebd4.jpg\" data-image-type=\"articles\" alt=\"Wiosna na talerzu. W Lublinie startuje kolejna edycja RestaurantWeek\"\/><\/a><a class=\"atomsListingArticleTileWithSeparatedLink__titleLink\" href=\"https:\/\/kurierlubelski.pl\/wiosna-na-talerzu-w-lublinie-startuje-kolejna-edycja-restaurantweek\/ar\/c17p2-28732191\" title=\"Wiosna na talerzu. W Lublinie startuje kolejna edycja RestaurantWeek\" data-ec=\"atomsListingArticleTileWithSeparatedLink\" data-event-position-el=\"link\" rel=\"nofollow noopener\" target=\"_blank\">Wiosna na talerzu. W Lublinie startuje kolejna edycja RestaurantWeek<\/a><\/p>\n<p class=\"atomsListingArticleTileWithSeparatedLink__lead\">Mi\u0142o\u015bnicy jedzenia, szykujcie kubki smakowe! Nadchodzi najbardziej wyczekiwane \u015bwi\u0119to \u0142asuch\u00f3w. Ju\u017c od 4 marca do 22 kwietnia Lublin zamieni si\u0119 w kulinarn\u0105&#8230;<\/p>\n<p>\n            17 lutego 2026, 6:06\n          <\/p>\n<p><a class=\"atomsListingArticleTileWithSeparatedLink__img atomsListingArticleTileWithSeparatedLink__img--withGallery\" href=\"https:\/\/kurierlubelski.pl\/gdzie-na-walentynkowa-kolacje-w-lublinie-te-restauracje-zachwyca-zakochanych\/ar\/c17p2-28704383\" title=\"Gdzie na walentynkow&#x105; kolacj&#x119; w Lublinie? Te restauracje zachwyc&#x105; zakochanych\" data-icon-variant=\"withGallery\" data-ec=\"atomsListingArticleTileWithSeparatedLink\" data-event-position-el=\"link\" aria-hidden=\"true\" focusable=\"false\" tabindex=\"-1\" rel=\"nofollow noopener\" target=\"_blank\"><img decoding=\"async\" class=\"atomsListingArticleTileWithSeparatedLink__tileImg\" loading=\"lazy\" src=\"https:\/\/www.europesays.com\/pl\/wp-content\/uploads\/2026\/05\/il20260206_956407523,size,640x404,crop,0.0000x38.0000x1900.0000x995.0000,h,8ee978.jpg\" data-image-type=\"articles\" alt=\"Gdzie na walentynkow&#x105; kolacj&#x119; w Lublinie? Te restauracje zachwyc&#x105; zakochanych\"\/><\/a><a class=\"atomsListingArticleTileWithSeparatedLink__titleLink\" href=\"https:\/\/kurierlubelski.pl\/gdzie-na-walentynkowa-kolacje-w-lublinie-te-restauracje-zachwyca-zakochanych\/ar\/c17p2-28704383\" title=\"Gdzie na walentynkow&#x105; kolacj&#x119; w Lublinie? Te restauracje zachwyc&#x105; zakochanych\" data-ec=\"atomsListingArticleTileWithSeparatedLink\" data-event-position-el=\"link\" rel=\"nofollow noopener\" target=\"_blank\">Gdzie na walentynkow\u0105 kolacj\u0119 w Lublinie? Te restauracje zachwyc\u0105 zakochanych<\/a><\/p>\n<p class=\"atomsListingArticleTileWithSeparatedLink__lead\">Walentynki to wyj\u0105tkowy czas dla wszystkich zakochanych. Ju\u017c 14 lutego pary w ca\u0142ym Lublinie b\u0119d\u0105 celebrowa\u0107 \u015bwi\u0119to mi\u0142o\u015bci. Miasto wype\u0142ni\u0105 czerwone serduszka,&#8230;<\/p>\n<p>\n            8 lutego 2026, 11:24\n          <\/p>\n","protected":false},"excerpt":{"rendered":"Per\u0142owa Pijalnia Piwa z rekomendacj\u0105 Michelin. &#8222;To ogromna nobilitacja&#8221;. Zdj\u0119cia i wideo Michelin coraz \u015bmielej zagl\u0105da do wschodniej&hellip;\n","protected":false},"author":2,"featured_media":460877,"comment_status":"","ping_status":"","sticky":false,"template":"","format":"standard","meta":{"footnotes":"","_share_on_mastodon":"0"},"categories":[51612],"tags":[87880,87882,1081,8048,87879,42,38,40,39,41,87881,87725],"class_list":["post-460876","post","type-post","status-publish","format-standard","has-post-thumbnail","category-lublin","tag-2pier","tag-gdzie-zjesc-w-lublinie","tag-lublin","tag-michelin","tag-michelin-guide-lublin","tag-pl","tag-poland","tag-polish","tag-polska","tag-polski","tag-restauracje-michelin-lublin","tag-wiadomosci-lubelskie"],"share_on_mastodon":{"url":"https:\/\/pubeurope.com\/@pl\/116657090101449351","error":""},"_links":{"self":[{"href":"https:\/\/www.europesays.com\/pl\/wp-json\/wp\/v2\/posts\/460876","targetHints":{"allow":["GET"]}}],"collection":[{"href":"https:\/\/www.europesays.com\/pl\/wp-json\/wp\/v2\/posts"}],"about":[{"href":"https:\/\/www.europesays.com\/pl\/wp-json\/wp\/v2\/types\/post"}],"author":[{"embeddable":true,"href":"https:\/\/www.europesays.com\/pl\/wp-json\/wp\/v2\/users\/2"}],"replies":[{"embeddable":true,"href":"https:\/\/www.europesays.com\/pl\/wp-json\/wp\/v2\/comments?post=460876"}],"version-history":[{"count":0,"href":"https:\/\/www.europesays.com\/pl\/wp-json\/wp\/v2\/posts\/460876\/revisions"}],"wp:featuredmedia":[{"embeddable":true,"href":"https:\/\/www.europesays.com\/pl\/wp-json\/wp\/v2\/media\/460877"}],"wp:attachment":[{"href":"https:\/\/www.europesays.com\/pl\/wp-json\/wp\/v2\/media?parent=460876"}],"wp:term":[{"taxonomy":"category","embeddable":true,"href":"https:\/\/www.europesays.com\/pl\/wp-json\/wp\/v2\/categories?post=460876"},{"taxonomy":"post_tag","embeddable":true,"href":"https:\/\/www.europesays.com\/pl\/wp-json\/wp\/v2\/tags?post=460876"}],"curies":[{"name":"wp","href":"https:\/\/api.w.org\/{rel}","templated":true}]}}