{"id":461540,"date":"2026-05-29T15:39:18","date_gmt":"2026-05-29T15:39:18","guid":{"rendered":"https:\/\/www.europesays.com\/pl\/461540\/"},"modified":"2026-05-29T15:39:18","modified_gmt":"2026-05-29T15:39:18","slug":"lodz-rusza-naprawa-nawierzchni-na-placu-wolnosci-uml-mediacje-pomogly","status":"publish","type":"post","link":"https:\/\/www.europesays.com\/pl\/461540\/","title":{"rendered":"\u0141\u00f3d\u017a. Rusza naprawa nawierzchni na Placu Wolno\u015bci. UM\u0141: Mediacje pomog\u0142y"},"content":{"rendered":"<p>Zapowiadana przez w\u0142adze \u0141odzi wymiana nawierzchni brukowanej na betonow\u0105 rusza 1 czerwca. Plac Wolno\u015bci oraz ulice Nowomiejska i Legion\u00f3w b\u0119d\u0105 wy\u0142\u0105czone z ruchu do ko\u0144ca sierpnia. Autobusy i tramwaje pojad\u0105 objazdami przez okoliczne ulice.  <\/p>\n<p>\u0141odzianie d\u0142ugo nie nacieszyli si\u0119 brukowan\u0105 nawierzchni\u0105 na Placu Wolno\u015bci. Kilka miesi\u0119cy po <a href=\"https:\/\/www.transport-publiczny.pl\/wiadomosci\/lodz-plac-wolnosci--tramwaje-wroca-w-marcu-82154.html\" target=\"_blank\" rel=\"nofollow noopener\">oddaniu w pierwszym kwartale 2024 roku<\/a>, granitowa kostka u\u0142o\u017cona na jezdni po p\u00f3\u0142nocno-wschodniej i p\u00f3\u0142nocno-zachodniej stronie, zacz\u0119\u0142a si\u0119 sukcesywnie zapada\u0107. Nie pomog\u0142y punktowe naprawy w ramach gwarancji. <\/p>\n<p>Plac Wolno\u015bci w naprawie do ko\u0144ca wakacji <\/p>\n<p>Roboty przy wymianie nawierzchni rusz\u0105 od poniedzia\u0142ku, 1 czerwca. Przeprowadz\u0105 je dotychczasowi wykonawcy. \u2013 Prace b\u0119d\u0105 trwa\u0142y przez okres wakacji. Jedyny fragment, kt\u00f3ry zostanie poza wakacjami, to fragment od ulicy Zachodniej w kierunku do Placu Wolno\u015bci. Tam musimy to op\u00f3\u017ani\u0107 ze wzgl\u0119du na to, \u017ceby ca\u0142y czas zachowa\u0107 wyjazdy stra\u017cakom \u2013 wskaza\u0142a Agnieszka Kowalewska-W\u00f3jcik, dyrektor Departamentu Inwestycji i Zarz\u0105dzania Drogami Urz\u0119du Miasta \u0141odzi.<\/p>\n<p><img decoding=\"async\" src=\"https:\/\/www.europesays.com\/pl\/wp-content\/uploads\/2026\/05\/2026052915110920260528PlacWolnosciPrzedRemontem3fotDSiwak.jpg\"\/><\/p>\n<p>Fot. Daniel Siwak | Granitow\u0105 kostk\u0119 zast\u0105pi nawierzchnia betonowa, ma to by\u0107 trwalsze rozwi\u0105zanie<\/p>\n<p>I doda\u0142a: \u2013 Drogowcy b\u0119d\u0105 pracowa\u0107 przy samym torowisku i wygrodzenia b\u0119d\u0105 najbardziej optymalne tak, \u017ceby ca\u0142y czas Plac Wolno\u015bci m\u00f3g\u0142 funkcjonowa\u0107. Najpierw b\u0119d\u0105 prowadzone prace rozbi\u00f3rkowe, a potem b\u0119dzie <a href=\"https:\/\/www.rynekinfrastruktury.pl\/wiadomosci\/miasto\/lodz-nawierzchnia-bitumiczna-czy-betonowa-decyzja-99041.html\" target=\"_blank\" rel=\"nofollow noopener\">wylewana nawierzchnia betonowa<\/a> musi si\u0119 zwi\u0105za\u0107 przez oko\u0142o 30 dni. Jak s\u0142yszymy, wy\u0142\u0105czona z u\u017cytkowania ma by\u0107 tylko jezdnia. Ca\u0142a piesza i rowerowa cz\u0119\u015b\u0107 placu b\u0119dzie dost\u0119pna dla \u0141odzian i turyst\u00f3w. Zachowane b\u0119d\u0105 tak\u017ce tzw. docelowe wjazdy gospodarcze.<\/p>\n<p>Wiadomo, \u017ce bez wstrzymania ruchu tramwaj\u00f3w i autobus\u00f3w si\u0119 nie ob\u0119dzie. Ci\u0119\u017car objazd\u00f3w tramwajowych przejm\u0105 ulice Zachodnia, Ogrodowa, P\u00f3\u0142nocna i Kili\u0144skiego. Zmiany tras b\u0119d\u0105 dotyczy\u0107 linii tramwajowych 4, 5, 15, 17, 19 i 45 oraz linii autobusowych 59, 87A i 87B. Przy czym wspomniana \u201edziewi\u0119tnastka&#8221; zostaje ca\u0142kowicie zawieszona na skr\u00f3conej ju\u017c trasie Helen\u00f3wek &#8211; P\u00f3\u0142nocna.<\/p>\n<p>Mediacje w Prokuratorii Generalnej bez rozg\u0142osu <\/p>\n<p>Jak wiadomo, <a href=\"https:\/\/www.rynek-kolejowy.pl\/wiadomosci\/lodz-cmentarna-w-remoncie-balzola-wydala-oswiadczenie-ws-realizacji-prac-128005.html\" target=\"_blank\" rel=\"nofollow noopener\">magistrat by\u0142 od kilkunastu miesi\u0119cy w sporze z wykonawcami prac<\/a> &#8211; firmami Trakcja (Plac Wolno\u015bci, ul. Nowomiejska i cz\u0119\u015b\u0107 ul. Legion\u00f3w) i Balzola (cz\u0119\u015b\u0107 ul. Legion\u00f3w i ul. Cmentarna). Wskazywali oni na b\u0142\u0119dy projektowe, kt\u00f3re powoduj\u0105 niszczenie nawierzchni brukowanej podczas u\u017cytkowania jezdni przez auta, autobusy i tramwaje. <\/p>\n<p>Jak si\u0119 okazuje, Urz\u0105d Miasta \u0141odzi musia\u0142 skorzysta\u0107 z mediacji w Prokuratorii Generalnej, chocia\u017c urz\u0119dnicy zaznaczaj\u0105, \u017ce tak wcale by\u0107 nie musia\u0142o. \u2013 Nic nie musieli\u015bmy robi\u0107, ale chcieli\u015bmy to zrobi\u0107. To ze wzgl\u0119du na to, \u017ce by\u0107 mo\u017ce jednej i drugiej stronie zabrak\u0142oby argument\u00f3w i by\u015bmy nigdy w \u017cyciu nie uporz\u0105dkowali tej nawierzchni, co jest bezwzgl\u0119dnym interesem \u0141odzi. To nam pomog\u0142o \u2013 t\u0142umaczy\u0142a dziennikarzom dyrektor Kowalewska-W\u00f3jcik.<\/p>\n<p><img decoding=\"async\" src=\"https:\/\/www.europesays.com\/pl\/wp-content\/uploads\/2026\/05\/2026052915110920260528PlacWolnosciPrzedRemontem2fotDSiwak.jpg\"\/><\/p>\n<p>Fot. Daniel Siwak | Remontowany b\u0119dzie zar\u00f3wno Plac Wolno\u015bci, jak i ulice Legion\u00f3w (na zdj\u0119ciu) czy Nowomiejska<\/p>\n<p>Tutaj warto wspomnie\u0107, \u017ce sam fakt wykorzystania w rozmowach mediatora nie by\u0142 powszechnie komunikowany przez \u0142\u00f3dzki magistrat. Dowiedzieli\u015bmy si\u0119 jednak, \u017ce miasto wraz z wykonawcami podzieli\u0142o si\u0119 kosztami po po\u0142owie. Dodatkowo, firma Trakcja przejmie zdementowan\u0105 kostk\u0119 z Placu Wolno\u015bci. <\/p>\n<p>Ostatecznie faktura kostki czy \u201ego\u0142y&#8221; beton?  <\/p>\n<p>Przy okazji rozpocz\u0119cia prac powraca pytanie, czy zastosowany zostanie na nowej nawierzchni odcisk kostki? Ze strony urz\u0119dnik\u00f3w s\u0142yszymy, \u017ce trwaj\u0105 jeszcze rozmowy z konserwatorem zabytk\u00f3w w \u0141odzi. \u2013 Z\u0142o\u017cyli\u015bmy oficjalny wniosek, \u017ceby tego nie robi\u0107. Martwimy si\u0119, \u017ce to b\u0119dzie wy\u0142\u0105cznie takim elementem estetycznym, kt\u00f3ry jednak os\u0142abi nam trwa\u0142o\u015b\u0107 tego materia\u0142u \u2013 t\u0142umaczy\u0142a dziennikarzom Agnieszka Kowalewska-W\u00f3jcik. <\/p>\n","protected":false},"excerpt":{"rendered":"Zapowiadana przez w\u0142adze \u0141odzi wymiana nawierzchni brukowanej na betonow\u0105 rusza 1 czerwca. Plac Wolno\u015bci oraz ulice Nowomiejska i&hellip;\n","protected":false},"author":2,"featured_media":461541,"comment_status":"","ping_status":"","sticky":false,"template":"","format":"standard","meta":{"footnotes":"","_share_on_mastodon":"0"},"categories":[51608],"tags":[7648,53181,7650,2624,54135,54134,7651,2995,3652,56325,66232,66233,7649,7653,2801,42,38,40,39,41,6228,7647,66231,7646,7652,13314,54132],"class_list":["post-461540","post","type-post","status-publish","format-standard","has-post-thumbnail","category-lodz","tag-autostrada","tag-balzola","tag-cieplownictwo","tag-energetyka","tag-inwestycje-miejskie","tag-komunikacja-w-lodzi","tag-linie-kolejowe","tag-lotnisko","tag-lodz","tag-miejskie-centrum-inwestycji-w-lodzi","tag-nawierzchnia-betonowa","tag-nawierzchnia-brukowana","tag-obwodnica","tag-operatorzy","tag-pkp-plk","tag-pl","tag-poland","tag-polish","tag-polska","tag-polski","tag-porty","tag-porty-lotnicze","tag-rewitalizacja-obszarowa","tag-stocznie","tag-telekomunikacja","tag-trakcja","tag-tramwaje-w-lodzi"],"share_on_mastodon":{"url":"https:\/\/pubeurope.com\/@pl\/116658619966699515","error":""},"_links":{"self":[{"href":"https:\/\/www.europesays.com\/pl\/wp-json\/wp\/v2\/posts\/461540","targetHints":{"allow":["GET"]}}],"collection":[{"href":"https:\/\/www.europesays.com\/pl\/wp-json\/wp\/v2\/posts"}],"about":[{"href":"https:\/\/www.europesays.com\/pl\/wp-json\/wp\/v2\/types\/post"}],"author":[{"embeddable":true,"href":"https:\/\/www.europesays.com\/pl\/wp-json\/wp\/v2\/users\/2"}],"replies":[{"embeddable":true,"href":"https:\/\/www.europesays.com\/pl\/wp-json\/wp\/v2\/comments?post=461540"}],"version-history":[{"count":0,"href":"https:\/\/www.europesays.com\/pl\/wp-json\/wp\/v2\/posts\/461540\/revisions"}],"wp:featuredmedia":[{"embeddable":true,"href":"https:\/\/www.europesays.com\/pl\/wp-json\/wp\/v2\/media\/461541"}],"wp:attachment":[{"href":"https:\/\/www.europesays.com\/pl\/wp-json\/wp\/v2\/media?parent=461540"}],"wp:term":[{"taxonomy":"category","embeddable":true,"href":"https:\/\/www.europesays.com\/pl\/wp-json\/wp\/v2\/categories?post=461540"},{"taxonomy":"post_tag","embeddable":true,"href":"https:\/\/www.europesays.com\/pl\/wp-json\/wp\/v2\/tags?post=461540"}],"curies":[{"name":"wp","href":"https:\/\/api.w.org\/{rel}","templated":true}]}}