{"id":461820,"date":"2026-05-29T18:31:10","date_gmt":"2026-05-29T18:31:10","guid":{"rendered":"https:\/\/www.europesays.com\/pl\/461820\/"},"modified":"2026-05-29T18:31:10","modified_gmt":"2026-05-29T18:31:10","slug":"pozar-lasu-pod-warszawa-kolejna-ciezka-noc-przed-strazakami","status":"publish","type":"post","link":"https:\/\/www.europesays.com\/pl\/461820\/","title":{"rendered":"Po\u017car lasu pod Warszaw\u0105. &#8222;Kolejna ci\u0119\u017cka noc przed stra\u017cakami&#8221;"},"content":{"rendered":"<p>Na miejscu po\u017caru w powiecie wo\u0142omi\u0144skim pojawiaj\u0105 si\u0119 kolejne zast\u0119py stra\u017cak\u00f3w z ca\u0142ego kraju, kt\u00f3re maj\u0105 zmieni\u0107 tych, kt\u00f3rzy do tej pory walczyli z \u017cywio\u0142em. Lataj\u0105 trzy \u015bmig\u0142owce Las\u00f3w Pa\u0144stwowych i cztery Dromadery. Policyjny Black Hawk zako\u0144czy\u0142 prac\u0119 \u2014 informuje TVN24.<\/p>\n<p> Dalszy ci\u0105g artyku\u0142u pod materia\u0142em wideo <\/p>\n<p>\u2014 Oko\u0142o godzin\u0119 temu [ok. godz. 16] ze wzgl\u0119du na zmieniaj\u0105ce si\u0119 warunki atmosferyczne i bardzo silny wiatr w jednym z kwarta\u0142\u00f3w rozpali\u0142 si\u0119 nam ponownie ogie\u0144. Sytuacja jest dynamiczna, wiatr si\u0119 wzmaga\u0142. Na chwil\u0119 obecn\u0105 front po\u017caru zosta\u0142 zatrzymany. Jak przyjad\u0105 koledzy z Polski, podmienimy tych ratownik\u00f3w, kt\u00f3rzy pracowali ca\u0142\u0105 noc \u2014 przekaza\u0142 stra\u017cak z PSP na antenie TVN24.<\/p>\n<p>Stacja podaje, \u017ce stra\u017cacy maj\u0105 odpoczywa\u0107 w pobliskiej szkole oraz w bazie zbudowanej na targowisku. Policja poinformowa\u0142a, \u017ce mieszka\u0144cy ewakuowanej w czwartek wsi wr\u00f3cili ju\u017c do dom\u00f3w. Na miejscu pozostaje blisko 300 mundurowych.<\/p>\n<p> <img decoding=\"async\" src=\"https:\/\/www.europesays.com\/pl\/wp-content\/uploads\/2026\/05\/gRUk9lBaHR0cHM6Ly9vY2RuLmV1L3B1bHNjbXMvTURBXy80MTcyN2I4MmVmOGFmYzY5NWY0MTBhZGM1NDlhY2RkOC5qcGeRlQLNB.jpeg\" height=\"627\" width=\"940\" alt=\"Po\u017car w powiecie wo\u0142omi\u0144skim\" loading=\"lazy\" class=\"ods-c-image__img ods-c-image__img--viewport-width\"\/> <\/p>\n<p>Po\u017car w powiecie wo\u0142omi\u0144skimAlbert Zawada \/ PAP<\/p>\n<p> Wiceszef MSWiA nie ma w\u0105tpliwo\u015bci. &#8222;Przed stra\u017cakami ci\u0119\u017cka noc&#8221;<\/p>\n<p>Wiceminister spraw wewn\u0119trznych i administracji Wies\u0142aw Le\u015bniakiewicz oceni\u0142 w rozmowie z TVN24, \u017ce zgromadzone si\u0142y i \u015brodki powinny pozwoli\u0107 na powstrzymanie dalszego rozwoju po\u017caru. Doda\u0142, \u017ce konieczne jest kierowanie kolejnych zast\u0119p\u00f3w stra\u017cak\u00f3w, aby zast\u0119powa\u0107 ratownik\u00f3w pracuj\u0105cych od wielu godzin w trudnych warunkach.<\/p>\n<p>\u2014 Na pewno ci\u0119\u017cka kolejna noc przed stra\u017cakami, kt\u00f3rzy tu prowadz\u0105 dzia\u0142ania \u2014 powiedzia\u0142 Le\u015bniakiewicz i doda\u0142, \u017ce sytuacja nadal jest dynamiczna.<\/p>\n<p>      Po\u017car lasu pod Warszaw\u0105. S\u0142u\u017cby wykorzystuj\u0105 drony<\/p>\n<p>Le\u015bniakiewicz podkre\u015bla, \u017ce dowodz\u0105cy na bie\u017c\u0105co analizuj\u0105 sytuacj\u0119 z wykorzystaniem dron\u00f3w i obraz\u00f3w termowizyjnych. Na tej podstawie podejmuj\u0105 decyzje o kierowaniu odwod\u00f3w operacyjnych oraz statk\u00f3w powietrznych w miejsca, gdzie pojawiaj\u0105 si\u0119 nowe zarzewia ognia. Wiceszef MSWiA zaznaczy\u0142, \u017ce najwi\u0119kszym problemem pozostaje wiatr.<\/p>\n<p>Jak przekaza\u0142 Le\u015bniakiewicz, po zmroku samoloty ga\u015bnicze i \u015bmig\u0142owce zako\u0144cz\u0105 dzia\u0142ania, jednak noc zwykle sprzyja stabilizacji sytuacji po\u017carowej. W tym czasie stra\u017cacy maj\u0105 koncentrowa\u0107 si\u0119 na dogaszaniu zarzewi i zabezpieczaniu terenu.<\/p>\n<p>Podkre\u015bli\u0142 te\u017c, \u017ce jednym z priorytet\u00f3w pozostaje bezpiecze\u0144stwo stra\u017cak\u00f3w, kt\u00f3rzy pracuj\u0105 w bardzo trudnych warunkach, na rozgrzanym terenie, gdzie istnieje ryzyko gwa\u0142townego rozprzestrzenienia si\u0119 ognia. Pytany o przewidywany czas zako\u0144czenia dzia\u0142a\u0144, Le\u015bniakiewicz odpar\u0142, \u017ce obecnie nie mo\u017cna okre\u015bli\u0107, czy po\u017car uda si\u0119 ugasi\u0107 w ci\u0105gu najbli\u017cszych dni.<\/p>\n<p>      <img decoding=\"async\" src=\"https:\/\/www.europesays.com\/pl\/wp-content\/uploads\/2026\/05\/qZKk9lBaHR0cHM6Ly9vY2RuLmV1L3B1bHNjbXMvTURBXy85MjZjM2JiMGQ3YmUyODc0NzJhZDJhY2ZmY2VjMjc1MC5qcGeRlQLNB.jpeg\" height=\"627\" width=\"940\" alt=\"Po\u017car w powiecie wo\u0142omi\u0144skim\" loading=\"lazy\" class=\"ods-c-image__img ods-c-image__img--viewport-width\"\/> <\/p>\n<p>Po\u017car w powiecie wo\u0142omi\u0144skimAlbert Zawada \/ PAP<\/p>\n<p>Ogie\u0144 obj\u0105\u0142 bardzo rozleg\u0142y teren i wymaga dok\u0142adnego sprawdzenia oraz dogaszenia wszystkich ognisk \u2014 wyja\u015bni\u0142 wiceminister. Doda\u0142, \u017ce b\u0119d\u0105 to dzia\u0142ania wielodniowe i oby skuteczne.<\/p>\n<p>Po\u017car w lesie pod Warszaw\u0105. Donald Tusk by\u0142 na miejscu<a href=\"https:\/\/wiadomosci.onet.pl\/kraj\/ogromny-pozar-lasu-pod-warszawa-dym-widac-z-bardzo-daleka\/g4gp7n6\" id=\"9c8e3ada-cc69-4b92-944f-340a8b5ec1c9\" rel=\"nofollow noopener\" target=\"_blank\">Po\u017car lasu w powiecie wo\u0142omi\u0144skim wybuch\u0142 w czwartek po po\u0142udniu<\/a>. Ogie\u0144 obj\u0105\u0142 ok. 300 ha lasu i mia\u0142 charakter po\u017caru wierzcho\u0142kowego, rozprzestrzeniaj\u0105cego si\u0119 w koronach drzew. W akcji uczestniczy setki stra\u017cak\u00f3w, policjant\u00f3w, \u017co\u0142nierzy Wojsk Obrony Terytorialnej oraz s\u0142u\u017cby le\u015bne. <img decoding=\"async\" src=\"https:\/\/www.europesays.com\/pl\/wp-content\/uploads\/2026\/05\/2E4k9lBaHR0cHM6Ly9vY2RuLmV1L3B1bHNjbXMvTURBXy8zNTU3ODdhZjEzNmUwYTA3ZjZjZTFjYTgzNTdlNDg3Yy5qcGeRlQLNB.jpeg\" height=\"627\" width=\"940\" alt=\"Po\u017car w powicie wo\u0142omi\u0144skim\" loading=\"lazy\" class=\"ods-c-image__img ods-c-image__img--viewport-width\"\/> <\/p>\n<p>Po\u017car w powicie wo\u0142omi\u0144skimAlbert Zawada \/ PAP<\/p>\n<p>Premier Donald Tusk i szef MSWiA Marcin Kierwi\u0144ski poinformowali w pi\u0105tek ok. po\u0142udnia, \u017ce sytuacja jest znacznie lepsza ni\u017c w czwartek wieczorem.<\/p>\n<p>Szef polskiego rz\u0105du zaapelowa\u0142, by bezwzgl\u0119dnie stosowa\u0107 si\u0119 do zalece\u0144 funkcjonariuszy stra\u017cy po\u017carnej. \u2014 Sens ich polece\u0144 jest bezdyskusyjny \u2014 podkre\u015bli\u0142.<\/p>\n<p>Minister Kierwi\u0144ski wskaza\u0142, \u017ce od pierwszych godzin od wybuchu po\u017caru uruchomiono du\u017ce zasoby sprz\u0119tu i odwody. \u2014 Pracujemy tak, \u017ceby ta noc by\u0142a jak najbardziej efektywna \u2014 zapewni\u0142 szef MSWiA.<\/p>\n<p>Dalszy rozw\u00f3j wydarze\u0144 zale\u017cy przede wszystkim od si\u0142y wiatru. Stra\u017cacy wykorzystuj\u0105 wsparcie lotnicze, w tym \u015bmig\u0142owce, samoloty ga\u015bnicze Dromader oraz specjalistyczne modu\u0142y do gaszenia po\u017car\u00f3w las\u00f3w.<\/p>\n","protected":false},"excerpt":{"rendered":"Na miejscu po\u017caru w powiecie wo\u0142omi\u0144skim pojawiaj\u0105 si\u0119 kolejne zast\u0119py stra\u017cak\u00f3w z ca\u0142ego kraju, kt\u00f3re maj\u0105 zmieni\u0107 tych,&hellip;\n","protected":false},"author":2,"featured_media":461821,"comment_status":"","ping_status":"","sticky":false,"template":"","format":"standard","meta":{"footnotes":"","_share_on_mastodon":"0"},"categories":[51605],"tags":[61195,9494,48,46,42,38,40,39,41,2148,47,16379,435,34906],"class_list":["post-461820","post","type-post","status-publish","format-standard","has-post-thumbnail","category-warszawa","tag-bottomfeed_styl","tag-mazowsze_wojewodztwo_mazowieckie","tag-nat_styl","tag-omp","tag-pl","tag-poland","tag-polish","tag-polska","tag-polski","tag-pozar","tag-screening_general","tag-smiglowiec","tag-warszawa","tag-wolomin"],"share_on_mastodon":{"url":"https:\/\/pubeurope.com\/@pl\/116659296344243691","error":""},"_links":{"self":[{"href":"https:\/\/www.europesays.com\/pl\/wp-json\/wp\/v2\/posts\/461820","targetHints":{"allow":["GET"]}}],"collection":[{"href":"https:\/\/www.europesays.com\/pl\/wp-json\/wp\/v2\/posts"}],"about":[{"href":"https:\/\/www.europesays.com\/pl\/wp-json\/wp\/v2\/types\/post"}],"author":[{"embeddable":true,"href":"https:\/\/www.europesays.com\/pl\/wp-json\/wp\/v2\/users\/2"}],"replies":[{"embeddable":true,"href":"https:\/\/www.europesays.com\/pl\/wp-json\/wp\/v2\/comments?post=461820"}],"version-history":[{"count":0,"href":"https:\/\/www.europesays.com\/pl\/wp-json\/wp\/v2\/posts\/461820\/revisions"}],"wp:featuredmedia":[{"embeddable":true,"href":"https:\/\/www.europesays.com\/pl\/wp-json\/wp\/v2\/media\/461821"}],"wp:attachment":[{"href":"https:\/\/www.europesays.com\/pl\/wp-json\/wp\/v2\/media?parent=461820"}],"wp:term":[{"taxonomy":"category","embeddable":true,"href":"https:\/\/www.europesays.com\/pl\/wp-json\/wp\/v2\/categories?post=461820"},{"taxonomy":"post_tag","embeddable":true,"href":"https:\/\/www.europesays.com\/pl\/wp-json\/wp\/v2\/tags?post=461820"}],"curies":[{"name":"wp","href":"https:\/\/api.w.org\/{rel}","templated":true}]}}