{"id":461885,"date":"2026-05-29T19:12:10","date_gmt":"2026-05-29T19:12:10","guid":{"rendered":"https:\/\/www.europesays.com\/pl\/461885\/"},"modified":"2026-05-29T19:12:10","modified_gmt":"2026-05-29T19:12:10","slug":"skoki-narciarskie-w-zakopanem-wystartowala-letnia-odslona-orlen-cup-kids","status":"publish","type":"post","link":"https:\/\/www.europesays.com\/pl\/461885\/","title":{"rendered":"Skoki narciarskie. W Zakopanem wystartowa\u0142a letnia ods\u0142ona ORLEN Cup Kids"},"content":{"rendered":"<p>W ostatni pi\u0105tek maja w s\u0142onecznym Zakopanem rozpocz\u0119\u0142a si\u0119 rywalizacja w ramach letniego sezonu ORLEN Cup Kids 2026. Na kompleksie \u015aredniej Krokwi im. Bronis\u0142awa Czecha \u0142\u0105cznie wy\u0142oniono medalist\u00f3w w czterech kategoriach \u2013 po dw\u00f3ch na obiektach HS25 i HS40. Tego dnia w cyklu ORLEN Cup Kids \u2013 w rywalizacji rocznik\u00f3w 2017 i m\u0142odszych \u2013 zadebiutowa\u0142 Filip Tomasiak, m\u0142odszy brat Kacpra i Konrada.<\/p>\n<p>                            <a class=\"fancybox\" href=\"https:\/\/www.skijumping.pl\/content\/images\/news\/powieksz\/tm9696_2026-05-29_19-31-37.jpg\" data-fancybox=\"gallery38778\" data-caption=\"\u015arednia Krokiew w Zakopanem, fot. Tadeusz Mieczy\u0144ski\" rel=\"nofollow noopener\" target=\"_blank\"><img decoding=\"async\" class=\"img-responsive lazyload\" src=\"https:\/\/www.europesays.com\/pl\/wp-content\/uploads\/2026\/05\/280x190_q80_tm9696_2026-05-29_19-31-37.jpg\" alt=\"\u015arednia Krokiew w Zakopanem\" title=\"\u015arednia Krokiew w Zakopanem\"\/><\/a>\u015arednia Krokiew w Zakopanem<\/p>\n<p><a href=\"https:\/\/www.skijumping.pl\/content\/20260529_CH\u0141.m\u0141_rl.pdf\" rel=\"nofollow noopener\" target=\"_blank\">Ch\u0142opiec m\u0142odszy (HS25)<\/a><\/p>\n<p>Rywalizacja ch\u0142opc\u00f3w urodzonych w 2017 roku i p\u00f3\u017aniej zosta\u0142a zdominowana przez Antoniego Gawlaka-Sock\u0119. Reprezentant Klubu Sportowego Eve-nement Zakopane w pierwszej serii skoczy\u0142 21,5 metra, a w finale poprawi\u0142 si\u0119 o cztery metry \u2013 przeskakuj\u0105c Malutk\u0105 Krokiew w Zakopanem o p\u00f3\u0142 metra. Drugie miejsce zaj\u0105\u0142 Piotr Zubek (KS Czarny Dunajec; 21 oraz 21,5 metra), kt\u00f3ry straci\u0142 do triumfatora 46,6 pkt. Podium uzupe\u0142ni\u0142 Tytus Moskal (SS-R LZS Sok\u00f3\u0142 Szczyrk; 18,5 oraz 20 metr\u00f3w).<\/p>\n<p>Trzynaste miejsce w gronie szesnastu adept\u00f3w w swoim debiucie zaj\u0105\u0142 Filip Tomasiak (LKS Klimczok Bystra). M\u0142odszy brat Kacpra i Konrada uzyska\u0142 11,5 oraz 12 metr\u00f3w.<\/p>\n<p>Kliknij w nazw\u0119 kategorii, by zobaczy\u0107 protok\u00f3\u0142 z pe\u0142nymi wynikami.<\/p>\n<p><a href=\"https:\/\/www.skijumping.pl\/content\/20260529_DZ.m\u0141_rl.pdf\" rel=\"nofollow noopener\" target=\"_blank\">Dziewczynka m\u0142odsza (HS25)<\/a><\/p>\n<p>W czternastoosobowej stawce dziewcz\u0105t z rocznik\u00f3w 2015 i m\u0142odszych brylowa\u0142a Karina Cembala (SS-R LZS Sok\u00f3\u0142 Szczyrk), kt\u00f3ra by\u0142a najlepsza w obu seriach konkursowych. Jej rezultaty to 21 oraz 21,5 metra. Druga z czternastopunktow\u0105 strat\u0105 by\u0142a Gabriela Bobak (LKS Poroniec Poronin) po dw\u00f3ch 20-metrowych pr\u00f3bach. Na trzeciej lokacie finiszowa\u0142a \u0141ucja \u015aliwi\u0144ska (LKS Klimczok Bystra; 17,5 oraz 18,5 metra).<\/p>\n<p>Kliknij w nazw\u0119 kategorii, by zobaczy\u0107 protok\u00f3\u0142 z pe\u0142nymi wynikami.<\/p>\n<p><a href=\"https:\/\/www.skijumping.pl\/content\/20260529_CH\u0141._rl.pdf\" rel=\"nofollow noopener\" target=\"_blank\">Ch\u0142opiec (HS40)<\/a><\/p>\n<p>Po\u015br\u00f3d ch\u0142opc\u00f3w z rocznik\u00f3w 2015-2016 r\u00f3wnych sobie nie mia\u0142 Arkadiusz Szturc (LKS Olimpia Golesz\u00f3w). Loty mierz\u0105ce 39,5 oraz 39 metr\u00f3w da\u0142y mu wiktori\u0119 z przewag\u0105 prawie czterdziestu punkt\u00f3w nad jego klubowym koleg\u0105 \u2013 Patrykiem Waszkiem (34 i 35 metr\u00f3w). Czo\u0142ow\u0105 \u201e3\u201d zamkn\u0105\u0142 Adrian Styrczula (KS AZS Zakopane; 34 i 39 metr\u00f3w).<\/p>\n<p>Do konkursu przyst\u0105pi\u0142o 18 zawodnik\u00f3w.<\/p>\n<p>Kliknij w nazw\u0119 kategorii, by zobaczy\u0107 protok\u00f3\u0142 z pe\u0142nymi wynikami.<\/p>\n<p><a href=\"https:\/\/www.skijumping.pl\/content\/20260529_DZ_RL.pdf\" rel=\"nofollow noopener\" target=\"_blank\">Dziewczynka (HS40)<\/a><\/p>\n<p>Zmagania dziewczynek z rocznik\u00f3w 2013-2014 zako\u0144czy\u0142y si\u0119 wygran\u0105 Joanny Gruszki (KS AZS Zakopane), kt\u00f3ra dwukrotnie l\u0105dowa\u0142a na linii wyznaczaj\u0105cej Male\u0144k\u0105 Krokiew, czyli na 40. metrze. Justyna Niemczyk (LKS Olimpia Golesz\u00f3w) okaza\u0142a si\u0119 gorsza r\u00f3\u017cnic\u0105 6,7 pkt. (39,5 oraz 38,5 metra). Na najni\u017cszy stopie\u0144 podium wskoczy\u0142a Patrycja Kobielusz z Wi\u015bla\u0144skiego Stowarzyszenia Sportowego (35 oraz 34,5 metra).<\/p>\n<p>Kliknij w nazw\u0119 kategorii, by zobaczy\u0107 protok\u00f3\u0142 z pe\u0142nymi wynikami.<\/p>\n<p>Zakopane by\u0142o pierwszym z letnich przystank\u00f3w ORLEN Cup Kids 2026. Kolejne to Bystra (20 czerwca), Zag\u00f3rz (22 sierpnia) i Chocho\u0142\u00f3w (10 pa\u017adziernika). Tytularnym sponsorem programu ORLEN Szukamy Nast\u0119pc\u00f3w Mistrza jest ORLEN S.A., natomiast organizatorem zawod\u00f3w ORLEN Cup Kids jest Polski Zwi\u0105zek Narciarski.<\/p>\n<p>&#13;<br \/>\n&#13;<br \/>\n&#13;<br \/>\n&#13;<\/p>\n","protected":false},"excerpt":{"rendered":"W ostatni pi\u0105tek maja w s\u0142onecznym Zakopanem rozpocz\u0119\u0142a si\u0119 rywalizacja w ramach letniego sezonu ORLEN Cup Kids 2026.&hellip;\n","protected":false},"author":2,"featured_media":461886,"comment_status":"","ping_status":"","sticky":false,"template":"","format":"standard","meta":{"footnotes":"","_share_on_mastodon":"0"},"categories":[52097],"tags":[1574,1546,1557,1558,1561,1573,1571,1563,291,1553,1564,1549,1551,1543,1550,1562,1547,1565,1540,1568,774,1544,42,38,40,39,41,1554,1359,1567,1560,1559,1566,1556,1569,1539,1538,1555,1552,1541,1548,1542,1570,1572,645,1545],"class_list":["post-461885","post","type-post","status-publish","format-standard","has-post-thumbnail","category-orlen","tag-4skocznie","tag-adam","tag-adam-malysz","tag-adammalysz","tag-coc","tag-czteryskocznie","tag-fis","tag-fis-cup","tag-historia","tag-horngacher","tag-io","tag-kobayashi","tag-kraft","tag-kuba","tag-kubacki","tag-lotos-cup","tag-malysz","tag-ms","tag-narciarskie","tag-narty","tag-orlen","tag-piotrek","tag-pl","tag-poland","tag-polish","tag-polska","tag-polski","tag-polskie","tag-ranking","tag-ski-jumping","tag-skijump","tag-skijumping","tag-skoczkowie","tag-skocznia","tag-skocznie","tag-skoki","tag-skoki-narciarskie","tag-skokinarciarskie","tag-stefan","tag-stoch","tag-wellinger","tag-wolny","tag-zakopane","tag-zawody","tag-zdjecia","tag-zyla"],"share_on_mastodon":{"url":"","error":"Validation failed: Text character limit of 500 exceeded"},"_links":{"self":[{"href":"https:\/\/www.europesays.com\/pl\/wp-json\/wp\/v2\/posts\/461885","targetHints":{"allow":["GET"]}}],"collection":[{"href":"https:\/\/www.europesays.com\/pl\/wp-json\/wp\/v2\/posts"}],"about":[{"href":"https:\/\/www.europesays.com\/pl\/wp-json\/wp\/v2\/types\/post"}],"author":[{"embeddable":true,"href":"https:\/\/www.europesays.com\/pl\/wp-json\/wp\/v2\/users\/2"}],"replies":[{"embeddable":true,"href":"https:\/\/www.europesays.com\/pl\/wp-json\/wp\/v2\/comments?post=461885"}],"version-history":[{"count":0,"href":"https:\/\/www.europesays.com\/pl\/wp-json\/wp\/v2\/posts\/461885\/revisions"}],"wp:featuredmedia":[{"embeddable":true,"href":"https:\/\/www.europesays.com\/pl\/wp-json\/wp\/v2\/media\/461886"}],"wp:attachment":[{"href":"https:\/\/www.europesays.com\/pl\/wp-json\/wp\/v2\/media?parent=461885"}],"wp:term":[{"taxonomy":"category","embeddable":true,"href":"https:\/\/www.europesays.com\/pl\/wp-json\/wp\/v2\/categories?post=461885"},{"taxonomy":"post_tag","embeddable":true,"href":"https:\/\/www.europesays.com\/pl\/wp-json\/wp\/v2\/tags?post=461885"}],"curies":[{"name":"wp","href":"https:\/\/api.w.org\/{rel}","templated":true}]}}