{"id":462193,"date":"2026-05-29T22:33:57","date_gmt":"2026-05-29T22:33:57","guid":{"rendered":"https:\/\/www.europesays.com\/pl\/462193\/"},"modified":"2026-05-29T22:33:57","modified_gmt":"2026-05-29T22:33:57","slug":"perlowa-pijalnia-piwa-z-rekomendacja-michelin-to-ogromna-nobilitacja-zdjecia-i-wideo","status":"publish","type":"post","link":"https:\/\/www.europesays.com\/pl\/462193\/","title":{"rendered":"Per\u0142owa Pijalnia Piwa z rekomendacj\u0105 Michelin. &#8222;To ogromna nobilitacja&#8221;. Zdj\u0119cia i wideo"},"content":{"rendered":"<p><a class=\"atomsListingArticleTileWithSeparatedLink__img atomsListingArticleTileWithSeparatedLink__img--withVideo\" href=\"https:\/\/kurierlubelski.pl\/michelin-docenil-raj-utracony-to-sygnal-ze-ambitna-gastronomia-moze-rozwijac-sie-poza-najwiekszymi-miastami-zdjecia\/ar\/c1p2-29041855\" title=\"Michelin doceni&#x142; RAJ UTRACONY. &#x201E;To sygna&#x142;, &#x17C;e ambitna gastronomia mo&#x17C;e rozwija&#x107; si&#x119; poza najwi&#x119;kszymi miastami&#x201D;. Zdj&#x119;cia \" data-icon-variant=\"withVideo\" data-ec=\"atomsListingArticleTileWithSeparatedLink\" data-event-position-el=\"link\" aria-hidden=\"true\" focusable=\"false\" tabindex=\"-1\" rel=\"nofollow noopener\" target=\"_blank\"><img decoding=\"async\" class=\"atomsListingArticleTileWithSeparatedLink__tileImg\" loading=\"lazy\" src=\"https:\/\/www.europesays.com\/pl\/wp-content\/uploads\/2026\/05\/il20260528_967176179_medium.jpg\" data-image-type=\"articles\" alt=\"Michelin doceni&#x142; RAJ UTRACONY. &#x201E;To sygna&#x142;, &#x17C;e ambitna gastronomia mo&#x17C;e rozwija&#x107; si&#x119; poza najwi&#x119;kszymi miastami&#x201D;. Zdj&#x119;cia \"\/><\/a><a class=\"atomsListingArticleTileWithSeparatedLink__titleLink\" href=\"https:\/\/kurierlubelski.pl\/michelin-docenil-raj-utracony-to-sygnal-ze-ambitna-gastronomia-moze-rozwijac-sie-poza-najwiekszymi-miastami-zdjecia\/ar\/c1p2-29041855\" title=\"Michelin doceni&#x142; RAJ UTRACONY. &#x201E;To sygna&#x142;, &#x17C;e ambitna gastronomia mo&#x17C;e rozwija&#x107; si&#x119; poza najwi&#x119;kszymi miastami&#x201D;. Zdj&#x119;cia \" data-ec=\"atomsListingArticleTileWithSeparatedLink\" data-event-position-el=\"link\" rel=\"nofollow noopener\" target=\"_blank\">Michelin doceni\u0142 RAJ UTRACONY. \u201eTo sygna\u0142, \u017ce ambitna gastronomia mo\u017ce rozwija\u0107 si\u0119 poza najwi\u0119kszymi miastami\u201d. Zdj\u0119cia <\/a><\/p>\n<p class=\"atomsListingArticleTileWithSeparatedLink__lead\">W RAJU UTRACONYM kuchnia spotyka si\u0119 z muzyk\u0105, designem i podr\u00f3\u017cniczymi inspiracjami. Teraz to autorskie podej\u015bcie zosta\u0142o dostrze\u017cone przez Michelin, kt\u00f3ry&#8230;<\/p>\n<p>\n            29 maja 2026, 8:43\n          <\/p>\n<p><a class=\"atomsListingArticleTileWithSeparatedLink__img\" href=\"https:\/\/kurierlubelski.pl\/michelin-guide-polska-2026-cztery-restauracje-w-lublinie-wyroznione\/ar\/c1p2-29039597\" title=\"Michelin Guide Polska 2026. Cztery restauracje w Lublinie wyr&#xF3;&#x17C;nione!\" data-ec=\"atomsListingArticleTileWithSeparatedLink\" data-event-position-el=\"link\" aria-hidden=\"true\" focusable=\"false\" tabindex=\"-1\" rel=\"nofollow noopener\" target=\"_blank\"><img decoding=\"async\" class=\"atomsListingArticleTileWithSeparatedLink__tileImg\" loading=\"lazy\" src=\"https:\/\/www.europesays.com\/pl\/wp-content\/uploads\/2026\/05\/il20260527_967080479_medium.jpg\" data-image-type=\"articles\" alt=\"Michelin Guide Polska 2026. Cztery restauracje w Lublinie wyr&#xF3;&#x17C;nione!\"\/><\/a><a class=\"atomsListingArticleTileWithSeparatedLink__titleLink\" href=\"https:\/\/kurierlubelski.pl\/michelin-guide-polska-2026-cztery-restauracje-w-lublinie-wyroznione\/ar\/c1p2-29039597\" title=\"Michelin Guide Polska 2026. Cztery restauracje w Lublinie wyr&#xF3;&#x17C;nione!\" data-ec=\"atomsListingArticleTileWithSeparatedLink\" data-event-position-el=\"link\" rel=\"nofollow noopener\" target=\"_blank\">Michelin Guide Polska 2026. Cztery restauracje w Lublinie wyr\u00f3\u017cnione!<\/a><\/p>\n<p class=\"atomsListingArticleTileWithSeparatedLink__lead\">Polska scena gastronomiczna ma nowe powody do dumy. Podczas gali MICHELIN Guide Polska 2026 w Krakowie og\u0142oszono restauracje nagrodzone gwiazdkami Michelin i&#8230;<\/p>\n<p>\n            29 maja 2026, 8:40\n          <\/p>\n<p><a class=\"atomsListingArticleTileWithSeparatedLink__img\" href=\"https:\/\/kurierlubelski.pl\/przeglad-prasy-29-05-2026-zobacz-prasowke-z-najwazniejszymi-wydarzeniami-z-wczoraj-badz-na-biezaco\/ar\/c1p1-19960905\" title=\"Przegl&#x105;d prasy (29.05.2026). Zobacz pras&#xF3;wk&#x119; z najwa&#x17C;niejszymi wydarzeniami z wczoraj. B&#x105;d&#x17A; na bie&#x17C;&#x105;co\" data-ec=\"atomsListingArticleTileWithSeparatedLink\" data-event-position-el=\"link\" aria-hidden=\"true\" focusable=\"false\" tabindex=\"-1\" rel=\"nofollow noopener\" target=\"_blank\"><img decoding=\"async\" class=\"atomsListingArticleTileWithSeparatedLink__tileImg\" loading=\"lazy\" src=\"https:\/\/www.europesays.com\/pl\/wp-content\/uploads\/2026\/05\/1780094036_755_il20251120_950255471_medium.jpg\" data-image-type=\"articles\" alt=\"Przegl&#x105;d prasy (29.05.2026). Zobacz pras&#xF3;wk&#x119; z najwa&#x17C;niejszymi wydarzeniami z wczoraj. B&#x105;d&#x17A; na bie&#x17C;&#x105;co\"\/><\/a><a class=\"atomsListingArticleTileWithSeparatedLink__titleLink\" href=\"https:\/\/kurierlubelski.pl\/przeglad-prasy-29-05-2026-zobacz-prasowke-z-najwazniejszymi-wydarzeniami-z-wczoraj-badz-na-biezaco\/ar\/c1p1-19960905\" title=\"Przegl&#x105;d prasy (29.05.2026). Zobacz pras&#xF3;wk&#x119; z najwa&#x17C;niejszymi wydarzeniami z wczoraj. B&#x105;d&#x17A; na bie&#x17C;&#x105;co\" data-ec=\"atomsListingArticleTileWithSeparatedLink\" data-event-position-el=\"link\" rel=\"nofollow noopener\" target=\"_blank\">Przegl\u0105d prasy (29.05.2026). Zobacz pras\u00f3wk\u0119 z najwa\u017cniejszymi wydarzeniami z wczoraj. B\u0105d\u017a na bie\u017c\u0105co<\/a><\/p>\n<p class=\"atomsListingArticleTileWithSeparatedLink__lead\">Przygotowali\u015bmy dla Ciebie porann\u0105 pras\u00f3wk\u0119. Zobacz artyku\u0142y, kt\u00f3re nasi czytelnicy czytali najch\u0119tniej wczoraj, 28.05. Sprawd\u017a, czy nie min\u0119\u0142o Ci\u0119 nic wa\u017cnego&#8230;.<\/p>\n<p>\n            29 maja 2026, 5:46\n          <\/p>\n<p><a class=\"atomsListingArticleTileWithSeparatedLink__img atomsListingArticleTileWithSeparatedLink__img--withGallery\" href=\"https:\/\/kurierlubelski.pl\/tak-smakuje-restaurant-week-kolacja-ambasadorska-w-perlowej-pijalni-piwa-zdjecia\/ar\/c17p2-28887895\" title=\"Tak smakuje Restaurant Week. Kolacja ambasadorska w Per&#x142;owej Pijalni Piwa. Zdj&#x119;cia \" data-icon-variant=\"withGallery\" data-ec=\"atomsListingArticleTileWithSeparatedLink\" data-event-position-el=\"link\" aria-hidden=\"true\" focusable=\"false\" tabindex=\"-1\" rel=\"nofollow noopener\" target=\"_blank\"><img decoding=\"async\" class=\"atomsListingArticleTileWithSeparatedLink__tileImg\" loading=\"lazy\" src=\"https:\/\/www.europesays.com\/pl\/wp-content\/uploads\/2026\/05\/il20260407_961762481_medium.jpg\" data-image-type=\"articles\" alt=\"Tak smakuje Restaurant Week. Kolacja ambasadorska w Per&#x142;owej Pijalni Piwa. Zdj&#x119;cia \"\/><\/a><a class=\"atomsListingArticleTileWithSeparatedLink__titleLink\" href=\"https:\/\/kurierlubelski.pl\/tak-smakuje-restaurant-week-kolacja-ambasadorska-w-perlowej-pijalni-piwa-zdjecia\/ar\/c17p2-28887895\" title=\"Tak smakuje Restaurant Week. Kolacja ambasadorska w Per&#x142;owej Pijalni Piwa. Zdj&#x119;cia \" data-ec=\"atomsListingArticleTileWithSeparatedLink\" data-event-position-el=\"link\" rel=\"nofollow noopener\" target=\"_blank\">Tak smakuje Restaurant Week. Kolacja ambasadorska w Per\u0142owej Pijalni Piwa. Zdj\u0119cia <\/a><\/p>\n<p class=\"atomsListingArticleTileWithSeparatedLink__lead\">W Lublin trwa wiosenna edycja Restaurant Week, czyli jednego z najpopularniejszych festiwali kulinarnych w Polsce. Pod has\u0142em \u201eFoodie Season\u201d mi\u0142o\u015bnicy dobrego&#8230;<\/p>\n<p>\n            7 kwietnia 2026, 21:01\n          <\/p>\n<p><a class=\"atomsListingArticleTileWithSeparatedLink__img atomsListingArticleTileWithSeparatedLink__img--withGallery\" href=\"https:\/\/kurierlubelski.pl\/trzy-dania-autorskie-menu-i-topowi-szefowie-kuchni-w-lublinie-wystartowal-restaurant-week-zdjecia\/ar\/c17p2-28793071\" title=\"Trzy dania, autorskie menu i topowi szefowie kuchni. W Lublinie wystartowa&#x142; Restaurant Week! Zdj&#x119;cia\" data-icon-variant=\"withGallery\" data-ec=\"atomsListingArticleTileWithSeparatedLink\" data-event-position-el=\"link\" aria-hidden=\"true\" focusable=\"false\" tabindex=\"-1\" rel=\"nofollow noopener\" target=\"_blank\"><img decoding=\"async\" class=\"atomsListingArticleTileWithSeparatedLink__tileImg\" loading=\"lazy\" src=\"https:\/\/www.europesays.com\/pl\/wp-content\/uploads\/2026\/05\/il20260306_958447261_medium.jpg\" data-image-type=\"articles\" alt=\"Trzy dania, autorskie menu i topowi szefowie kuchni. W Lublinie wystartowa&#x142; Restaurant Week! Zdj&#x119;cia\"\/><\/a><a class=\"atomsListingArticleTileWithSeparatedLink__titleLink\" href=\"https:\/\/kurierlubelski.pl\/trzy-dania-autorskie-menu-i-topowi-szefowie-kuchni-w-lublinie-wystartowal-restaurant-week-zdjecia\/ar\/c17p2-28793071\" title=\"Trzy dania, autorskie menu i topowi szefowie kuchni. W Lublinie wystartowa&#x142; Restaurant Week! Zdj&#x119;cia\" data-ec=\"atomsListingArticleTileWithSeparatedLink\" data-event-position-el=\"link\" rel=\"nofollow noopener\" target=\"_blank\">Trzy dania, autorskie menu i topowi szefowie kuchni. W Lublinie wystartowa\u0142 Restaurant Week! Zdj\u0119cia<\/a><\/p>\n<p class=\"atomsListingArticleTileWithSeparatedLink__lead\">Wiosna w Lublinie pachnie nowalijkami, aromatycznymi potrawami i deserami, kt\u00f3re a\u017c prosz\u0105 si\u0119 o zdj\u0119cie na Instagramie. Ruszy\u0142a wiosenna edycja Festiwalu&#8230;<\/p>\n<p>\n            7 marca 2026, 10:39\n          <\/p>\n<p><a class=\"atomsListingArticleTileWithSeparatedLink__img atomsListingArticleTileWithSeparatedLink__img--withGallery\" href=\"https:\/\/kurierlubelski.pl\/wiosna-na-talerzu-w-lublinie-startuje-kolejna-edycja-restaurantweek\/ar\/c17p2-28732191\" title=\"Wiosna na talerzu. W Lublinie startuje kolejna edycja RestaurantWeek\" data-icon-variant=\"withGallery\" data-ec=\"atomsListingArticleTileWithSeparatedLink\" data-event-position-el=\"link\" aria-hidden=\"true\" focusable=\"false\" tabindex=\"-1\" rel=\"nofollow noopener\" target=\"_blank\"><img decoding=\"async\" class=\"atomsListingArticleTileWithSeparatedLink__tileImg\" loading=\"lazy\" src=\"https:\/\/www.europesays.com\/pl\/wp-content\/uploads\/2026\/05\/1780094037_406_il20260216_957060071,size,640x404,crop,0.0000x155.0000x1900.0000x995.0000,h,39ebd4.jpg\" data-image-type=\"articles\" alt=\"Wiosna na talerzu. W Lublinie startuje kolejna edycja RestaurantWeek\"\/><\/a><a class=\"atomsListingArticleTileWithSeparatedLink__titleLink\" href=\"https:\/\/kurierlubelski.pl\/wiosna-na-talerzu-w-lublinie-startuje-kolejna-edycja-restaurantweek\/ar\/c17p2-28732191\" title=\"Wiosna na talerzu. W Lublinie startuje kolejna edycja RestaurantWeek\" data-ec=\"atomsListingArticleTileWithSeparatedLink\" data-event-position-el=\"link\" rel=\"nofollow noopener\" target=\"_blank\">Wiosna na talerzu. W Lublinie startuje kolejna edycja RestaurantWeek<\/a><\/p>\n<p class=\"atomsListingArticleTileWithSeparatedLink__lead\">Mi\u0142o\u015bnicy jedzenia, szykujcie kubki smakowe! Nadchodzi najbardziej wyczekiwane \u015bwi\u0119to \u0142asuch\u00f3w. Ju\u017c od 4 marca do 22 kwietnia Lublin zamieni si\u0119 w kulinarn\u0105&#8230;<\/p>\n<p>\n            17 lutego 2026, 6:06\n          <\/p>\n","protected":false},"excerpt":{"rendered":"Michelin doceni\u0142 RAJ UTRACONY. \u201eTo sygna\u0142, \u017ce ambitna gastronomia mo\u017ce rozwija\u0107 si\u0119 poza najwi\u0119kszymi miastami\u201d. Zdj\u0119cia W RAJU&hellip;\n","protected":false},"author":2,"featured_media":462194,"comment_status":"","ping_status":"","sticky":false,"template":"","format":"standard","meta":{"footnotes":"","_share_on_mastodon":"0"},"categories":[51612],"tags":[88149,1081,8048,88146,88147,42,38,40,39,41,88148],"class_list":["post-462193","post","type-post","status-publish","format-standard","has-post-thumbnail","category-lublin","tag-gastro-lublin","tag-lublin","tag-michelin","tag-perlowa-pijalnia-piwa","tag-perlowa-pijalnia-piwa-lublin","tag-pl","tag-poland","tag-polish","tag-polska","tag-polski","tag-restauracje-lublin"],"share_on_mastodon":{"url":"https:\/\/pubeurope.com\/@pl\/116660251876142231","error":""},"_links":{"self":[{"href":"https:\/\/www.europesays.com\/pl\/wp-json\/wp\/v2\/posts\/462193","targetHints":{"allow":["GET"]}}],"collection":[{"href":"https:\/\/www.europesays.com\/pl\/wp-json\/wp\/v2\/posts"}],"about":[{"href":"https:\/\/www.europesays.com\/pl\/wp-json\/wp\/v2\/types\/post"}],"author":[{"embeddable":true,"href":"https:\/\/www.europesays.com\/pl\/wp-json\/wp\/v2\/users\/2"}],"replies":[{"embeddable":true,"href":"https:\/\/www.europesays.com\/pl\/wp-json\/wp\/v2\/comments?post=462193"}],"version-history":[{"count":0,"href":"https:\/\/www.europesays.com\/pl\/wp-json\/wp\/v2\/posts\/462193\/revisions"}],"wp:featuredmedia":[{"embeddable":true,"href":"https:\/\/www.europesays.com\/pl\/wp-json\/wp\/v2\/media\/462194"}],"wp:attachment":[{"href":"https:\/\/www.europesays.com\/pl\/wp-json\/wp\/v2\/media?parent=462193"}],"wp:term":[{"taxonomy":"category","embeddable":true,"href":"https:\/\/www.europesays.com\/pl\/wp-json\/wp\/v2\/categories?post=462193"},{"taxonomy":"post_tag","embeddable":true,"href":"https:\/\/www.europesays.com\/pl\/wp-json\/wp\/v2\/tags?post=462193"}],"curies":[{"name":"wp","href":"https:\/\/api.w.org\/{rel}","templated":true}]}}