{"id":462220,"date":"2026-05-29T22:49:07","date_gmt":"2026-05-29T22:49:07","guid":{"rendered":"https:\/\/www.europesays.com\/pl\/462220\/"},"modified":"2026-05-29T22:49:07","modified_gmt":"2026-05-29T22:49:07","slug":"putin-znow-mowi-ze-wojna-z-ukraina-zbliza-sie-do-konca","status":"publish","type":"post","link":"https:\/\/www.europesays.com\/pl\/462220\/","title":{"rendered":"Putin zn\u00f3w m\u00f3wi, \u017ce wojna z Ukrain\u0105 zbli\u017ca si\u0119 do ko\u0144ca"},"content":{"rendered":"\n<p>&#13;<br \/>\nTo ju\u017c drugie takie o\u015bwiadczenie rosyjskiego przyw\u00f3dcy w\u00a0ci\u0105gu miesi\u0105ca. Pierwszy raz o\u00a0mo\u017cliwym ko\u0144cu wojny Putin wspomnia\u0142 9\u00a0maja, po\u00a0obchodach Dnia Zwyci\u0119stwa. &#13;\n<\/p>\n<p>&#13;<br \/>\nPrezydent Rosji w\u00a0rozmowie z\u00a0dziennikarzami stwierdzi\u0142, \u017ce\u00a0<a href=\"https:\/\/dorzeczy.pl\/swiat\/884953\/putin-mysle-ze-konflikt-z-ukraina-zbliza-sie-do-konca.html\" rel=\"nofollow noopener\" target=\"_blank\">konflikt na\u00a0Ukrainie zbli\u017ca si\u0119 do\u00a0ko\u0144ca<\/a>. Podkre\u015bli\u0142 rol\u0119 Stan\u00f3w Zjednoczonych w\u00a0negocjacjach pokojowych, przy czym zastrzeg\u0142, \u017ce\u00a0rozwi\u0105zanie tej sytuacji to\u00a0przede wszystkim sprawa Rosji i\u00a0Ukrainy. &#13;\n<\/p>\n<p>&#13;<br \/>\nPutin poinformowa\u0142 r\u00f3wnie\u017c, \u017ce\u00a0by\u0142by sk\u0142onny podj\u0105\u0107 negocjacje z\u00a0Europ\u0105 za\u00a0po\u015brednictwem by\u0142ego kanclerza Niemiec Gerharda Schroedera, kt\u00f3ry po\u00a0odej\u015bciu ze\u00a0stanowiska lobbowa\u0142 na\u00a0rzecz rosyjskiego sektora energetycznego i\u00a0czerpa\u0142 z\u00a0niego zyski, zasiadaj\u0105c m.in. w\u00a0koncernie naftowym Rosnieft. &#13;\n<\/p>\n<p>&#13;<br \/>\nPropozycja rosyjskiego przyw\u00f3dcy nie\u00a0zosta\u0142a potraktowana powa\u017cnie przez Zach\u00f3d.<br \/>&#13;\n<\/p>\n<p>Dla Rosji inwazja na\u00a0Ukrain\u0119 trwa ju\u017c d\u0142u\u017cej ni\u017c\u00a0Wielka Wojna Ojczy\u017aniana<\/p>\n<p>&#13;<br \/>\nWojska rosyjskie operuj\u0105 na\u00a0Ukrainie od\u00a022 lutego 2022\u00a0r. To\u00a0d\u0142u\u017cej ni\u017c\u00a0Armia Czerwona walczy\u0142a w\u00a0II wojnie \u015bwiatowej, znanej w\u00a0Rosji jako Wielka Wojna Ojczy\u017aniana 1941-1945. &#13;\n<\/p>\n<p>&#13;<br \/>\nO\u015brodek Studi\u00f3w Wschodnich napisa\u0142 w\u00a0swoim ostatnim raporcie (z 26 maja), \u017ce\u00a0&#8222;pomimo utrzymuj\u0105cej si\u0119 inicjatywy wojsk rosyjskich obecne post\u0119py si\u0142 okupacyjnych s\u0105 znacznie mniejsze ni\u017c\u00a0w\u00a0analogicznych okresach lat ubieg\u0142ych&#8221;. &#13;\n<\/p>\n<p>&#13;<br \/>\n&#8222;O\u00a0ile nie\u00a0mo\u017cna m\u00f3wi\u0107 o\u00a0prze\u0142omie czy\u00a0przej\u0119ciu inicjatywy przez obro\u0144c\u00f3w (&#8230;), o\u00a0tyle tempo rosyjskiej ofensywy uleg\u0142o znacz\u0105cemu os\u0142abieniu, co\u00a0odnotowuj\u0105 tak\u017ce \u017ar\u00f3d\u0142a rosyjskie&#8221; \u2013\u00a0wskazali eksperci OSW. &#13;\n<\/p>\n<p> Brytyjski wywiad: Prawie p\u00f3\u0142 miliona rosyjskich \u017co\u0142nierzy zgin\u0119\u0142o <\/p>\n<p>&#13;<br \/>\nWed\u0142ug brytyjskiego wywiadu, w\u00a0wojnie na\u00a0Ukrainie zgin\u0119\u0142o prawie 500 tys. rosyjskich \u017co\u0142nierzy. Poinformowa\u0142a o\u00a0tym w\u00a0czwartek (28 maja) szefowa Centrali \u0141\u0105czno\u015bci Rz\u0105dowej (GCHQ) Anne Keast-Butler. &#13;\n<\/p>\n<p>&#13;<br \/>\nJak zauwa\u017ca &#8222;The Guardian&#8221;, po\u00a0raz pierwszy wysoki rang\u0105 brytyjski urz\u0119dnik poda\u0142 dane dotycz\u0105ce rosyjskich ofiar na\u00a0Ukrainie, kt\u00f3ra jest ju\u017c w\u00a0pi\u0105tym roku agresji. Wcze\u015bniej zachodni analitycy szacowali liczb\u0119 rosyjskich \u017co\u0142nierzy i\u00a0oficer\u00f3w poleg\u0142ych w\u00a0wojnie na\u00a0325 tys. &#13;\n<\/p>\n<p>&#13;<br \/>\nWed\u0142ug danych waszyngto\u0144skiego Centrum Studi\u00f3w Strategicznych i\u00a0Mi\u0119dzynarodowych (CSIS), ca\u0142kowite straty rosyjskich si\u0142 zbrojnych na\u00a0Ukrainie wynios\u0142y 1,198 mln. Analitycy CSIS nazwali te\u00a0liczby &#8222;bezprecedensowymi&#8221;, podkre\u015blaj\u0105c, \u017ce\u00a0\u017caden kraj nie\u00a0poni\u00f3s\u0142 takich strat od\u00a0czas\u00f3w II\u00a0wojny \u015bwiatowej. &#13;\n<\/p>\n<p>&#13;<br \/>\nCzytaj te\u017c:<br \/><a href=\"https:\/\/dorzeczy.pl\/swiat\/891040\/kiedy-zakonczy-sie-wojna-na-ukrainie-lawrow-odpowiada.html\" rel=\"follow nofollow noopener\" data-schema=\"DORZECZY\" data-image=\"https:\/\/img.dorzeczy.pl\/_thumb\/bf\/0a\/455032b4865024075726b11250e8.jpeg\" target=\"_blank\">\u0141awrow ujawnia, kiedy zako\u0144czy si\u0119 wojna na\u00a0Ukrainie<\/a>&#13;<\/p>\n","protected":false},"excerpt":{"rendered":"&#13; To ju\u017c drugie takie o\u015bwiadczenie rosyjskiego przyw\u00f3dcy w\u00a0ci\u0105gu miesi\u0105ca. Pierwszy raz o\u00a0mo\u017cliwym ko\u0144cu wojny Putin wspomnia\u0142 9\u00a0maja,&hellip;\n","protected":false},"author":2,"featured_media":462221,"comment_status":"","ping_status":"","sticky":false,"template":"","format":"standard","meta":{"footnotes":"","_share_on_mastodon":"0"},"categories":[14],"tags":[32,33,1347,98,27,34,35,28,31,25,103,40,41,600,87,80,29,30,26,2278,82,83,84],"class_list":["post-462220","post","type-post","status-publish","format-standard","has-post-thumbnail","category-swiat","tag-breaking-news","tag-breakingnews","tag-damian-cygan","tag-dorzeczy","tag-headlines","tag-latest-news","tag-latestnews","tag-naglowki","tag-najwazniejsze-artykuly","tag-news","tag-obserwator-mediow","tag-polish","tag-polski","tag-putin","tag-rosja","tag-swiat","tag-top-stories","tag-topstories","tag-wiadomosci","tag-wojna-na-ukrainie","tag-world","tag-world-news","tag-worldnews"],"share_on_mastodon":{"url":"https:\/\/pubeurope.com\/@pl\/116660310116242673","error":""},"_links":{"self":[{"href":"https:\/\/www.europesays.com\/pl\/wp-json\/wp\/v2\/posts\/462220","targetHints":{"allow":["GET"]}}],"collection":[{"href":"https:\/\/www.europesays.com\/pl\/wp-json\/wp\/v2\/posts"}],"about":[{"href":"https:\/\/www.europesays.com\/pl\/wp-json\/wp\/v2\/types\/post"}],"author":[{"embeddable":true,"href":"https:\/\/www.europesays.com\/pl\/wp-json\/wp\/v2\/users\/2"}],"replies":[{"embeddable":true,"href":"https:\/\/www.europesays.com\/pl\/wp-json\/wp\/v2\/comments?post=462220"}],"version-history":[{"count":0,"href":"https:\/\/www.europesays.com\/pl\/wp-json\/wp\/v2\/posts\/462220\/revisions"}],"wp:featuredmedia":[{"embeddable":true,"href":"https:\/\/www.europesays.com\/pl\/wp-json\/wp\/v2\/media\/462221"}],"wp:attachment":[{"href":"https:\/\/www.europesays.com\/pl\/wp-json\/wp\/v2\/media?parent=462220"}],"wp:term":[{"taxonomy":"category","embeddable":true,"href":"https:\/\/www.europesays.com\/pl\/wp-json\/wp\/v2\/categories?post=462220"},{"taxonomy":"post_tag","embeddable":true,"href":"https:\/\/www.europesays.com\/pl\/wp-json\/wp\/v2\/tags?post=462220"}],"curies":[{"name":"wp","href":"https:\/\/api.w.org\/{rel}","templated":true}]}}