{"id":462234,"date":"2026-05-29T23:04:09","date_gmt":"2026-05-29T23:04:09","guid":{"rendered":"https:\/\/www.europesays.com\/pl\/462234\/"},"modified":"2026-05-29T23:04:09","modified_gmt":"2026-05-29T23:04:09","slug":"michelin-docenil-raj-utracony-to-sygnal-ze-ambitna-gastronomia-moze-rozwijac-sie-poza-najwiekszymi-miastami-zdjecia","status":"publish","type":"post","link":"https:\/\/www.europesays.com\/pl\/462234\/","title":{"rendered":"Michelin doceni\u0142 RAJ UTRACONY. \u201eTo sygna\u0142, \u017ce ambitna gastronomia mo\u017ce rozwija\u0107 si\u0119 poza najwi\u0119kszymi miastami\u201d. Zdj\u0119cia"},"content":{"rendered":"<p><a class=\"atomsListingArticleTileWithSeparatedLink__img atomsListingArticleTileWithSeparatedLink__img--withVideo\" href=\"https:\/\/kurierlubelski.pl\/perlowa-pijalnia-piwa-z-rekomendacja-michelin-to-ogromna-nobilitacja-zdjecia-i-wideo\/ar\/c1p2-29041933\" title=\"Per&#x142;owa Pijalnia Piwa z rekomendacj&#x105; Michelin. &quot;To ogromna nobilitacja&quot;. Zdj&#x119;cia i wideo \" data-icon-variant=\"withVideo\" data-ec=\"atomsListingArticleTileWithSeparatedLink\" data-event-position-el=\"link\" aria-hidden=\"true\" focusable=\"false\" tabindex=\"-1\" rel=\"nofollow noopener\" target=\"_blank\"><img decoding=\"async\" class=\"atomsListingArticleTileWithSeparatedLink__tileImg\" loading=\"lazy\" src=\"https:\/\/www.europesays.com\/pl\/wp-content\/uploads\/2026\/05\/il20260528_967177337_medium.jpg\" data-image-type=\"articles\" alt=\"Per&#x142;owa Pijalnia Piwa z rekomendacj&#x105; Michelin. &quot;To ogromna nobilitacja&quot;. Zdj&#x119;cia i wideo \"\/><\/a><a class=\"atomsListingArticleTileWithSeparatedLink__titleLink\" href=\"https:\/\/kurierlubelski.pl\/perlowa-pijalnia-piwa-z-rekomendacja-michelin-to-ogromna-nobilitacja-zdjecia-i-wideo\/ar\/c1p2-29041933\" title=\"Per&#x142;owa Pijalnia Piwa z rekomendacj&#x105; Michelin. &quot;To ogromna nobilitacja&quot;. Zdj&#x119;cia i wideo \" data-ec=\"atomsListingArticleTileWithSeparatedLink\" data-event-position-el=\"link\" rel=\"nofollow noopener\" target=\"_blank\">Per\u0142owa Pijalnia Piwa z rekomendacj\u0105 Michelin. &#8222;To ogromna nobilitacja&#8221;. Zdj\u0119cia i wideo <\/a><\/p>\n<p class=\"atomsListingArticleTileWithSeparatedLink__lead\">Michelin coraz \u015bmielej zagl\u0105da do wschodniej Polski. Podczas gali MICHELIN Guide Polska 2026 wyr\u00f3\u017cniono cztery restauracje z Lublina. W\u015br\u00f3d nich znalaz\u0142a si\u0119&#8230;<\/p>\n<p>\n            29 maja 2026, 8:44\n          <\/p>\n<p><a class=\"atomsListingArticleTileWithSeparatedLink__img\" href=\"https:\/\/kurierlubelski.pl\/michelin-guide-polska-2026-cztery-restauracje-w-lublinie-wyroznione\/ar\/c1p2-29039597\" title=\"Michelin Guide Polska 2026. Cztery restauracje w Lublinie wyr&#xF3;&#x17C;nione!\" data-ec=\"atomsListingArticleTileWithSeparatedLink\" data-event-position-el=\"link\" aria-hidden=\"true\" focusable=\"false\" tabindex=\"-1\" rel=\"nofollow noopener\" target=\"_blank\"><img decoding=\"async\" class=\"atomsListingArticleTileWithSeparatedLink__tileImg\" loading=\"lazy\" src=\"https:\/\/www.europesays.com\/pl\/wp-content\/uploads\/2026\/05\/il20260527_967080479_medium.jpg\" data-image-type=\"articles\" alt=\"Michelin Guide Polska 2026. Cztery restauracje w Lublinie wyr&#xF3;&#x17C;nione!\"\/><\/a><a class=\"atomsListingArticleTileWithSeparatedLink__titleLink\" href=\"https:\/\/kurierlubelski.pl\/michelin-guide-polska-2026-cztery-restauracje-w-lublinie-wyroznione\/ar\/c1p2-29039597\" title=\"Michelin Guide Polska 2026. Cztery restauracje w Lublinie wyr&#xF3;&#x17C;nione!\" data-ec=\"atomsListingArticleTileWithSeparatedLink\" data-event-position-el=\"link\" rel=\"nofollow noopener\" target=\"_blank\">Michelin Guide Polska 2026. Cztery restauracje w Lublinie wyr\u00f3\u017cnione!<\/a><\/p>\n<p class=\"atomsListingArticleTileWithSeparatedLink__lead\">Polska scena gastronomiczna ma nowe powody do dumy. Podczas gali MICHELIN Guide Polska 2026 w Krakowie og\u0142oszono restauracje nagrodzone gwiazdkami Michelin i&#8230;<\/p>\n<p>\n            29 maja 2026, 8:40\n          <\/p>\n<p><a class=\"atomsListingArticleTileWithSeparatedLink__img\" href=\"https:\/\/kurierlubelski.pl\/przeglad-prasy-29-05-2026-zobacz-prasowke-z-najwazniejszymi-wydarzeniami-z-wczoraj-badz-na-biezaco\/ar\/c1p1-19960905\" title=\"Przegl&#x105;d prasy (29.05.2026). Zobacz pras&#xF3;wk&#x119; z najwa&#x17C;niejszymi wydarzeniami z wczoraj. B&#x105;d&#x17A; na bie&#x17C;&#x105;co\" data-ec=\"atomsListingArticleTileWithSeparatedLink\" data-event-position-el=\"link\" aria-hidden=\"true\" focusable=\"false\" tabindex=\"-1\" rel=\"nofollow noopener\" target=\"_blank\"><img decoding=\"async\" class=\"atomsListingArticleTileWithSeparatedLink__tileImg\" loading=\"lazy\" src=\"https:\/\/www.europesays.com\/pl\/wp-content\/uploads\/2026\/05\/1780094036_755_il20251120_950255471_medium.jpg\" data-image-type=\"articles\" alt=\"Przegl&#x105;d prasy (29.05.2026). Zobacz pras&#xF3;wk&#x119; z najwa&#x17C;niejszymi wydarzeniami z wczoraj. B&#x105;d&#x17A; na bie&#x17C;&#x105;co\"\/><\/a><a class=\"atomsListingArticleTileWithSeparatedLink__titleLink\" href=\"https:\/\/kurierlubelski.pl\/przeglad-prasy-29-05-2026-zobacz-prasowke-z-najwazniejszymi-wydarzeniami-z-wczoraj-badz-na-biezaco\/ar\/c1p1-19960905\" title=\"Przegl&#x105;d prasy (29.05.2026). Zobacz pras&#xF3;wk&#x119; z najwa&#x17C;niejszymi wydarzeniami z wczoraj. B&#x105;d&#x17A; na bie&#x17C;&#x105;co\" data-ec=\"atomsListingArticleTileWithSeparatedLink\" data-event-position-el=\"link\" rel=\"nofollow noopener\" target=\"_blank\">Przegl\u0105d prasy (29.05.2026). Zobacz pras\u00f3wk\u0119 z najwa\u017cniejszymi wydarzeniami z wczoraj. B\u0105d\u017a na bie\u017c\u0105co<\/a><\/p>\n<p class=\"atomsListingArticleTileWithSeparatedLink__lead\">Przygotowali\u015bmy dla Ciebie porann\u0105 pras\u00f3wk\u0119. Zobacz artyku\u0142y, kt\u00f3re nasi czytelnicy czytali najch\u0119tniej wczoraj, 28.05. Sprawd\u017a, czy nie min\u0119\u0142o Ci\u0119 nic wa\u017cnego&#8230;.<\/p>\n<p>\n            29 maja 2026, 5:46\n          <\/p>\n<p><a class=\"atomsListingArticleTileWithSeparatedLink__img atomsListingArticleTileWithSeparatedLink__img--withGallery\" href=\"https:\/\/kurierlubelski.pl\/za-kulisami-lubelskich-restauracji-gastronomia-w-lublinie-stoi-na-naprawde-na-wysokim-poziomie\/ar\/c17p2-29009059\" title=\"Za kulisami lubelskich restauracji. &#x201E;Gastronomia w Lublinie stoi na naprawd&#x119; na wysokim poziomie&#x201D;\" data-icon-variant=\"withGallery\" data-ec=\"atomsListingArticleTileWithSeparatedLink\" data-event-position-el=\"link\" aria-hidden=\"true\" focusable=\"false\" tabindex=\"-1\" rel=\"nofollow noopener\" target=\"_blank\"><img decoding=\"async\" class=\"atomsListingArticleTileWithSeparatedLink__tileImg\" loading=\"lazy\" src=\"https:\/\/www.europesays.com\/pl\/wp-content\/uploads\/2026\/05\/il20260518_966186167,size,640x430,crop,0.0000x206.0000x1920.0000x1005.0000,h,ea6f90.jpg\" data-image-type=\"articles\" alt=\"Za kulisami lubelskich restauracji. &#x201E;Gastronomia w Lublinie stoi na naprawd&#x119; na wysokim poziomie&#x201D;\"\/><\/a><a class=\"atomsListingArticleTileWithSeparatedLink__titleLink\" href=\"https:\/\/kurierlubelski.pl\/za-kulisami-lubelskich-restauracji-gastronomia-w-lublinie-stoi-na-naprawde-na-wysokim-poziomie\/ar\/c17p2-29009059\" title=\"Za kulisami lubelskich restauracji. &#x201E;Gastronomia w Lublinie stoi na naprawd&#x119; na wysokim poziomie&#x201D;\" data-ec=\"atomsListingArticleTileWithSeparatedLink\" data-event-position-el=\"link\" rel=\"nofollow noopener\" target=\"_blank\">Za kulisami lubelskich restauracji. \u201eGastronomia w Lublinie stoi na naprawd\u0119 na wysokim poziomie\u201d<\/a><\/p>\n<p class=\"atomsListingArticleTileWithSeparatedLink__lead\">Od dancing\u00f3w w latach 90., przez restauracje w centrum miasta, a\u017c po miejsca nad Zalewem Zemborzyckim. Ma\u0142gorzata Stachyra od ponad dw\u00f3ch dekad wsp\u00f3\u0142tworzy&#8230;<\/p>\n<p>\n            20 maja 2026, 21:04\n          <\/p>\n<p><a class=\"atomsListingArticleTileWithSeparatedLink__img atomsListingArticleTileWithSeparatedLink__img--withGallery\" href=\"https:\/\/kurierlubelski.pl\/lublin-smakuje-jesienia-trwa-restaurant-week-r-kulinarne-swieto-foodies-z-calego-miasta\/ar\/c17p2-28079481\" title=\"Lublin smakuje jesieni&#x105;! Trwa Restaurant Week&#xAE;, kulinarne &#x15B;wi&#x119;to foodies z ca&#x142;ego miasta\" data-icon-variant=\"withGallery\" data-ec=\"atomsListingArticleTileWithSeparatedLink\" data-event-position-el=\"link\" aria-hidden=\"true\" focusable=\"false\" tabindex=\"-1\" rel=\"nofollow noopener\" target=\"_blank\"><img decoding=\"async\" class=\"atomsListingArticleTileWithSeparatedLink__tileImg\" loading=\"lazy\" src=\"https:\/\/www.europesays.com\/pl\/wp-content\/uploads\/2026\/05\/il20251015_944438097_medium.jpg\" data-image-type=\"articles\" alt=\"Lublin smakuje jesieni&#x105;! Trwa Restaurant Week&#xAE;, kulinarne &#x15B;wi&#x119;to foodies z ca&#x142;ego miasta\"\/><\/a><a class=\"atomsListingArticleTileWithSeparatedLink__titleLink\" href=\"https:\/\/kurierlubelski.pl\/lublin-smakuje-jesienia-trwa-restaurant-week-r-kulinarne-swieto-foodies-z-calego-miasta\/ar\/c17p2-28079481\" title=\"Lublin smakuje jesieni&#x105;! Trwa Restaurant Week&#xAE;, kulinarne &#x15B;wi&#x119;to foodies z ca&#x142;ego miasta\" data-ec=\"atomsListingArticleTileWithSeparatedLink\" data-event-position-el=\"link\" rel=\"nofollow noopener\" target=\"_blank\">Lublin smakuje jesieni\u0105! Trwa Restaurant Week\u00ae, kulinarne \u015bwi\u0119to foodies z ca\u0142ego miasta<\/a><\/p>\n<p class=\"atomsListingArticleTileWithSeparatedLink__lead\">Jesie\u0144 w Lublinie pachnie nie tylko li\u015b\u0107mi i ciep\u0142\u0105 herbat\u0105, ale te\u017c potrawami, kt\u00f3re serwuj\u0105 lokalne restauracje. Wszystko za spraw\u0105 jesiennej edycji&#8230;<\/p>\n<p>\n            15 pa\u017adziernika 2025, 11:55\n          <\/p>\n<p><a class=\"atomsListingArticleTileWithSeparatedLink__img\" href=\"https:\/\/stronakuchni.pl\/zapomnij-o-pierogach-w-kuchni-polskiej-przekonalam-sie-jak-smakuje-wspolczesna-gastronomia-niepowtarzalne-smaki-maja-zaskoczyc-turystow\/ar\/c17p2-27770581\" title=\"Zapomnij o pierogach w kuchni polskiej. Przekona&#x142;am si&#x119;, jak smakuje wsp&#xF3;&#x142;czesna gastronomia. Niepowtarzalne smaki maj&#x105; zaskoczy&#x107; turyst&#xF3;w\" data-ec=\"atomsListingArticleTileWithSeparatedLink\" data-event-position-el=\"link\" aria-hidden=\"true\" focusable=\"false\" tabindex=\"-1\" rel=\"nofollow noopener\" target=\"_blank\"><img decoding=\"async\" class=\"atomsListingArticleTileWithSeparatedLink__tileImg\" loading=\"lazy\" src=\"https:\/\/www.europesays.com\/pl\/wp-content\/uploads\/2026\/05\/il20250710_922577483,size,640x427,crop,0.0000x193.0000x1920.0000x1005.0000,h,17d34b.jpg\" data-image-type=\"articles\" alt=\"Zapomnij o pierogach w kuchni polskiej. Przekona&#x142;am si&#x119;, jak smakuje wsp&#xF3;&#x142;czesna gastronomia. Niepowtarzalne smaki maj&#x105; zaskoczy&#x107; turyst&#xF3;w\"\/><\/a><a class=\"atomsListingArticleTileWithSeparatedLink__titleLink\" href=\"https:\/\/stronakuchni.pl\/zapomnij-o-pierogach-w-kuchni-polskiej-przekonalam-sie-jak-smakuje-wspolczesna-gastronomia-niepowtarzalne-smaki-maja-zaskoczyc-turystow\/ar\/c17p2-27770581\" title=\"Zapomnij o pierogach w kuchni polskiej. Przekona&#x142;am si&#x119;, jak smakuje wsp&#xF3;&#x142;czesna gastronomia. Niepowtarzalne smaki maj&#x105; zaskoczy&#x107; turyst&#xF3;w\" data-ec=\"atomsListingArticleTileWithSeparatedLink\" data-event-position-el=\"link\" rel=\"nofollow noopener\" target=\"_blank\">Zapomnij o pierogach w kuchni polskiej. Przekona\u0142am si\u0119, jak smakuje wsp\u00f3\u0142czesna gastronomia. Niepowtarzalne smaki maj\u0105 zaskoczy\u0107 turyst\u00f3w<\/a><\/p>\n<p class=\"atomsListingArticleTileWithSeparatedLink__lead\">Na zaproszenie Polskiej Organizacji Turystycznej wzi\u0119\u0142am udzia\u0142 w \u015bniadaniu prasowym w warszawskiej restauracji Epoka po\u015bwi\u0119conym promowaniu polskiej&#8230;<\/p>\n<p>\n            10 lipca 2025, 16:30\n          <\/p>\n","protected":false},"excerpt":{"rendered":"Per\u0142owa Pijalnia Piwa z rekomendacj\u0105 Michelin. &#8222;To ogromna nobilitacja&#8221;. Zdj\u0119cia i wideo Michelin coraz \u015bmielej zagl\u0105da do wschodniej&hellip;\n","protected":false},"author":2,"featured_media":462235,"comment_status":"","ping_status":"","sticky":false,"template":"","format":"standard","meta":{"footnotes":"","_share_on_mastodon":"0"},"categories":[51612],"tags":[88149,1081,8048,42,38,40,39,41,88159,88160,88148],"class_list":["post-462234","post","type-post","status-publish","format-standard","has-post-thumbnail","category-lublin","tag-gastro-lublin","tag-lublin","tag-michelin","tag-pl","tag-poland","tag-polish","tag-polska","tag-polski","tag-raj-utracony","tag-raj-utracony-lublin","tag-restauracje-lublin"],"share_on_mastodon":{"url":"https:\/\/pubeurope.com\/@pl\/116660369888382686","error":""},"_links":{"self":[{"href":"https:\/\/www.europesays.com\/pl\/wp-json\/wp\/v2\/posts\/462234","targetHints":{"allow":["GET"]}}],"collection":[{"href":"https:\/\/www.europesays.com\/pl\/wp-json\/wp\/v2\/posts"}],"about":[{"href":"https:\/\/www.europesays.com\/pl\/wp-json\/wp\/v2\/types\/post"}],"author":[{"embeddable":true,"href":"https:\/\/www.europesays.com\/pl\/wp-json\/wp\/v2\/users\/2"}],"replies":[{"embeddable":true,"href":"https:\/\/www.europesays.com\/pl\/wp-json\/wp\/v2\/comments?post=462234"}],"version-history":[{"count":0,"href":"https:\/\/www.europesays.com\/pl\/wp-json\/wp\/v2\/posts\/462234\/revisions"}],"wp:featuredmedia":[{"embeddable":true,"href":"https:\/\/www.europesays.com\/pl\/wp-json\/wp\/v2\/media\/462235"}],"wp:attachment":[{"href":"https:\/\/www.europesays.com\/pl\/wp-json\/wp\/v2\/media?parent=462234"}],"wp:term":[{"taxonomy":"category","embeddable":true,"href":"https:\/\/www.europesays.com\/pl\/wp-json\/wp\/v2\/categories?post=462234"},{"taxonomy":"post_tag","embeddable":true,"href":"https:\/\/www.europesays.com\/pl\/wp-json\/wp\/v2\/tags?post=462234"}],"curies":[{"name":"wp","href":"https:\/\/api.w.org\/{rel}","templated":true}]}}